{"id":21991,"date":"2025-11-03T15:39:10","date_gmt":"2025-11-03T14:39:10","guid":{"rendered":"https:\/\/agora.xtec.cat\/ceipflama\/?p=21991"},"modified":"2025-11-03T15:39:10","modified_gmt":"2025-11-03T14:39:10","slug":"inauguracio-biblioteca-lluis-calderer","status":"publish","type":"post","link":"https:\/\/agora.xtec.cat\/ceipflama\/portada\/inauguracio-biblioteca-lluis-calderer\/","title":{"rendered":"Inauguraci\u00f3 Biblioteca Llu\u00eds Calderer"},"content":{"rendered":"<p>Avui ha estat un dia molt especial a l\u2019Escola Flama! Hem inaugurat la nova biblioteca de l\u2019escola, que porta el nom de <strong>Llu\u00eds Calderer<\/strong>. Ens ha fet molta il\u00b7lusi\u00f3 comptar amb la pres\u00e8ncia de la seva fam\u00edlia, que ha vingut a veure l\u2019espai i ens ha dit que els ha encantat com ha quedat!<\/p>\n<p>Durant tot el mat\u00ed, l\u2019alumnat ha participat en un munt d\u2019activitats relacionades amb els llibres i la lectura: jocs, tallers i racons per descobrir hist\u00f2ries noves i compartir-ne d\u2019antigues. Tamb\u00e9 hem tingut una <strong>contecontes<\/strong> que ens ha explicat contes adaptats a cada cicle \u2014ens ho hem passat d\u2019all\u00f2 m\u00e9s b\u00e9!<\/p>\n<p>Ha estat una jornada plena d\u2019emoci\u00f3, rialles i ganes de llegir. La nova <strong>Biblioteca Llu\u00eds Calderer<\/strong> ja est\u00e0 oberta i esperem que es converteixi en un espai molt estimat per a tothom.<\/p>\n<p><a href=\"https:\/\/agora.xtec.cat\/ceipflama\/wp-content\/uploads\/usu1313\/2025\/11\/IMG_9245.jpg\"><img loading=\"lazy\" decoding=\"async\" class=\" wp-image-21992 aligncenter\" src=\"https:\/\/agora.xtec.cat\/ceipflama\/wp-content\/uploads\/usu1313\/2025\/11\/IMG_9245-768x1024.jpg\" alt=\"\" width=\"337\" height=\"449\" srcset=\"https:\/\/agora.xtec.cat\/ceipflama\/wp-content\/uploads\/usu1313\/2025\/11\/IMG_9245-768x1024.jpg 768w, https:\/\/agora.xtec.cat\/ceipflama\/wp-content\/uploads\/usu1313\/2025\/11\/IMG_9245-225x300.jpg 225w, https:\/\/agora.xtec.cat\/ceipflama\/wp-content\/uploads\/usu1313\/2025\/11\/IMG_9245-1152x1536.jpg 1152w, https:\/\/agora.xtec.cat\/ceipflama\/wp-content\/uploads\/usu1313\/2025\/11\/IMG_9245.jpg 1200w\" sizes=\"auto, (max-width: 337px) 100vw, 337px\" \/><\/a><\/p>\n","protected":false},"excerpt":{"rendered":"<p>Avui ha estat un dia molt especial a l\u2019Escola Flama! Hem inaugurat la nova biblioteca de l\u2019escola, que porta el nom de Llu\u00eds Calderer. Ens ha fet molta il\u00b7lusi\u00f3 comptar amb la pres\u00e8ncia de la seva fam\u00edlia, que ha vingut a veure l\u2019espai i ens ha dit que els ha encantat com ha quedat! Durant [&hellip;]<\/p>\n","protected":false},"author":114,"featured_media":21992,"comment_status":"closed","ping_status":"closed","sticky":false,"template":"","format":"standard","meta":{"_bbp_topic_count":0,"_bbp_reply_count":0,"_bbp_total_topic_count":0,"_bbp_total_reply_count":0,"_bbp_voice_count":0,"_bbp_anonymous_reply_count":0,"_bbp_topic_count_hidden":0,"_bbp_reply_count_hidden":0,"_bbp_forum_subforum_count":0,"site-sidebar-layout":"default","site-content-layout":"","ast-site-content-layout":"default","site-content-style":"default","site-sidebar-style":"default","ast-global-header-display":"","ast-banner-title-visibility":"","ast-main-header-display":"","ast-hfb-above-header-display":"","ast-hfb-below-header-display":"","ast-hfb-mobile-header-display":"","site-post-title":"","ast-breadcrumbs-content":"","ast-featured-img":"","footer-sml-layout":"","theme-transparent-header-meta":"default","adv-header-id-meta":"","stick-header-meta":"","header-above-stick-meta":"","header-main-stick-meta":"","header-below-stick-meta":"","astra-migrate-meta-layouts":"set","ast-page-background-enabled":"default","ast-page-background-meta":{"desktop":{"background-color":"var(--ast-global-color-4)","background-image":"","background-repeat":"repeat","background-position":"center center","background-size":"auto","background-attachment":"scroll","background-type":"","background-media":"","overlay-type":"","overlay-color":"","overlay-opacity":"","overlay-gradient":""},"tablet":{"background-color":"","background-image":"","background-repeat":"repeat","background-position":"center center","background-size":"auto","background-attachment":"scroll","background-type":"","background-media":"","overlay-type":"","overlay-color":"","overlay-opacity":"","overlay-gradient":""},"mobile":{"background-color":"","background-image":"","background-repeat":"repeat","background-position":"center center","background-size":"auto","background-attachment":"scroll","background-type":"","background-media":"","overlay-type":"","overlay-color":"","overlay-opacity":"","overlay-gradient":""}},"ast-content-background-meta":{"desktop":{"background-color":"var(--ast-global-color-5)","background-image":"","background-repeat":"repeat","background-position":"center center","background-size":"auto","background-attachment":"scroll","background-type":"","background-media":"","overlay-type":"","overlay-color":"","overlay-opacity":"","overlay-gradient":""},"tablet":{"background-color":"var(--ast-global-color-5)","background-image":"","background-repeat":"repeat","background-position":"center center","background-size":"auto","background-attachment":"scroll","background-type":"","background-media":"","overlay-type":"","overlay-color":"","overlay-opacity":"","overlay-gradient":""},"mobile":{"background-color":"var(--ast-global-color-5)","background-image":"","background-repeat":"repeat","background-position":"center center","background-size":"auto","background-attachment":"scroll","background-type":"","background-media":"","overlay-type":"","overlay-color":"","overlay-opacity":"","overlay-gradient":""}},"footnotes":""},"categories":[4],"tags":[],"class_list":["post-21991","post","type-post","status-publish","format-standard","has-post-thumbnail","hentry","category-portada"],"post_mailing_queue_ids":[],"_links":{"self":[{"href":"https:\/\/agora.xtec.cat\/ceipflama\/wp-json\/wp\/v2\/posts\/21991","targetHints":{"allow":["GET"]}}],"collection":[{"href":"https:\/\/agora.xtec.cat\/ceipflama\/wp-json\/wp\/v2\/posts"}],"about":[{"href":"https:\/\/agora.xtec.cat\/ceipflama\/wp-json\/wp\/v2\/types\/post"}],"author":[{"embeddable":true,"href":"https:\/\/agora.xtec.cat\/ceipflama\/wp-json\/wp\/v2\/users\/114"}],"replies":[{"embeddable":true,"href":"https:\/\/agora.xtec.cat\/ceipflama\/wp-json\/wp\/v2\/comments?post=21991"}],"version-history":[{"count":1,"href":"https:\/\/agora.xtec.cat\/ceipflama\/wp-json\/wp\/v2\/posts\/21991\/revisions"}],"predecessor-version":[{"id":21993,"href":"https:\/\/agora.xtec.cat\/ceipflama\/wp-json\/wp\/v2\/posts\/21991\/revisions\/21993"}],"wp:featuredmedia":[{"embeddable":true,"href":"https:\/\/agora.xtec.cat\/ceipflama\/wp-json\/wp\/v2\/media\/21992"}],"wp:attachment":[{"href":"https:\/\/agora.xtec.cat\/ceipflama\/wp-json\/wp\/v2\/media?parent=21991"}],"wp:term":[{"taxonomy":"category","embeddable":true,"href":"https:\/\/agora.xtec.cat\/ceipflama\/wp-json\/wp\/v2\/categories?post=21991"},{"taxonomy":"post_tag","embeddable":true,"href":"https:\/\/agora.xtec.cat\/ceipflama\/wp-json\/wp\/v2\/tags?post=21991"}],"curies":[{"name":"wp","href":"https:\/\/api.w.org\/{rel}","templated":true}]}}