{"id":21608,"date":"2025-09-19T12:37:03","date_gmt":"2025-09-19T10:37:03","guid":{"rendered":"https:\/\/agora.xtec.cat\/ceipflama\/?p=21608"},"modified":"2025-11-26T15:49:52","modified_gmt":"2025-11-26T14:49:52","slug":"ja-tenim-la-foto-de-grup-di5","status":"publish","type":"post","link":"https:\/\/agora.xtec.cat\/ceipflama\/promocio-2020\/ja-tenim-la-foto-de-grup-di5\/","title":{"rendered":"Ja tenim la foto de grup d&#8217;I5!"},"content":{"rendered":"<p data-start=\"151\" data-end=\"310\"><a href=\"https:\/\/agora.xtec.cat\/ceipflama\/wp-content\/uploads\/usu1313\/2025\/09\/IMG_1848-4-3-1-scaled.jpg\"><img loading=\"lazy\" decoding=\"async\" class=\" wp-image-22119 aligncenter\" src=\"https:\/\/agora.xtec.cat\/ceipflama\/wp-content\/uploads\/usu1313\/2025\/09\/IMG_1848-4-3-1-1024x768.jpg\" alt=\"\" width=\"439\" height=\"329\" srcset=\"https:\/\/agora.xtec.cat\/ceipflama\/wp-content\/uploads\/usu1313\/2025\/09\/IMG_1848-4-3-1-1024x768.jpg 1024w, https:\/\/agora.xtec.cat\/ceipflama\/wp-content\/uploads\/usu1313\/2025\/09\/IMG_1848-4-3-1-300x225.jpg 300w, https:\/\/agora.xtec.cat\/ceipflama\/wp-content\/uploads\/usu1313\/2025\/09\/IMG_1848-4-3-1-768x576.jpg 768w, https:\/\/agora.xtec.cat\/ceipflama\/wp-content\/uploads\/usu1313\/2025\/09\/IMG_1848-4-3-1-1536x1152.jpg 1536w, https:\/\/agora.xtec.cat\/ceipflama\/wp-content\/uploads\/usu1313\/2025\/09\/IMG_1848-4-3-1-2048x1536.jpg 2048w\" sizes=\"auto, (max-width: 439px) 100vw, 439px\" \/><\/a>Hola fam\u00edlies!<br data-start=\"160\" data-end=\"163\" \/>Quin curs m\u00e9s especial estem comen\u00e7ant a viure! I per guardar un record ben bonic, us vull informar que <strong data-start=\"252\" data-end=\"309\">ja teniu disponible la foto de grup de la classe d\u2019I5<\/strong>! Hem fet v\u00e0ries perqu\u00e8 seleccioneu la que m\u00e9s us agrada.<\/p>\n<p data-start=\"312\" data-end=\"502\">Unes imatges plenes de somriures, mirades c\u00f2mplices i molta il\u00b7lusi\u00f3. Aquests nens i nenes d&#8217;I5 creixen molt r\u00e0pid, i ens fa molta il\u00b7lusi\u00f3 poder compartir amb vosaltres aquest petit tresor.<\/p>\n<p data-start=\"572\" data-end=\"651\">Gr\u00e0cies per ser-hi i per caminar amb nosaltres en aquesta etapa tan m\u00e0gica!<\/p>\n<p>&nbsp;<\/p>\n<p data-start=\"572\" data-end=\"651\">\n","protected":false},"excerpt":{"rendered":"<p>Hola fam\u00edlies!Quin curs m\u00e9s especial estem comen\u00e7ant a viure! I per guardar un record ben bonic, us vull informar que ja teniu disponible la foto de grup de la classe d\u2019I5! Hem fet v\u00e0ries perqu\u00e8 seleccioneu la que m\u00e9s us agrada. Unes imatges plenes de somriures, mirades c\u00f2mplices i molta il\u00b7lusi\u00f3. Aquests nens i nenes [&hellip;]<\/p>\n","protected":false},"author":18,"featured_media":22118,"comment_status":"closed","ping_status":"open","sticky":false,"template":"","format":"standard","meta":{"_bbp_topic_count":0,"_bbp_reply_count":0,"_bbp_total_topic_count":0,"_bbp_total_reply_count":0,"_bbp_voice_count":0,"_bbp_anonymous_reply_count":0,"_bbp_topic_count_hidden":0,"_bbp_reply_count_hidden":0,"_bbp_forum_subforum_count":0,"site-sidebar-layout":"default","site-content-layout":"","ast-site-content-layout":"default","site-content-style":"default","site-sidebar-style":"default","ast-global-header-display":"","ast-banner-title-visibility":"","ast-main-header-display":"","ast-hfb-above-header-display":"","ast-hfb-below-header-display":"","ast-hfb-mobile-header-display":"","site-post-title":"","ast-breadcrumbs-content":"","ast-featured-img":"","footer-sml-layout":"","theme-transparent-header-meta":"default","adv-header-id-meta":"","stick-header-meta":"","header-above-stick-meta":"","header-main-stick-meta":"","header-below-stick-meta":"","astra-migrate-meta-layouts":"set","ast-page-background-enabled":"default","ast-page-background-meta":{"desktop":{"background-color":"var(--ast-global-color-4)","background-image":"","background-repeat":"repeat","background-position":"center center","background-size":"auto","background-attachment":"scroll","background-type":"","background-media":"","overlay-type":"","overlay-color":"","overlay-opacity":"","overlay-gradient":""},"tablet":{"background-color":"","background-image":"","background-repeat":"repeat","background-position":"center center","background-size":"auto","background-attachment":"scroll","background-type":"","background-media":"","overlay-type":"","overlay-color":"","overlay-opacity":"","overlay-gradient":""},"mobile":{"background-color":"","background-image":"","background-repeat":"repeat","background-position":"center center","background-size":"auto","background-attachment":"scroll","background-type":"","background-media":"","overlay-type":"","overlay-color":"","overlay-opacity":"","overlay-gradient":""}},"ast-content-background-meta":{"desktop":{"background-color":"var(--ast-global-color-5)","background-image":"","background-repeat":"repeat","background-position":"center center","background-size":"auto","background-attachment":"scroll","background-type":"","background-media":"","overlay-type":"","overlay-color":"","overlay-opacity":"","overlay-gradient":""},"tablet":{"background-color":"var(--ast-global-color-5)","background-image":"","background-repeat":"repeat","background-position":"center center","background-size":"auto","background-attachment":"scroll","background-type":"","background-media":"","overlay-type":"","overlay-color":"","overlay-opacity":"","overlay-gradient":""},"mobile":{"background-color":"var(--ast-global-color-5)","background-image":"","background-repeat":"repeat","background-position":"center center","background-size":"auto","background-attachment":"scroll","background-type":"","background-media":"","overlay-type":"","overlay-color":"","overlay-opacity":"","overlay-gradient":""}},"footnotes":""},"categories":[101],"tags":[],"class_list":["post-21608","post","type-post","status-publish","format-standard","has-post-thumbnail","hentry","category-promocio-2020"],"post_mailing_queue_ids":[],"_links":{"self":[{"href":"https:\/\/agora.xtec.cat\/ceipflama\/wp-json\/wp\/v2\/posts\/21608","targetHints":{"allow":["GET"]}}],"collection":[{"href":"https:\/\/agora.xtec.cat\/ceipflama\/wp-json\/wp\/v2\/posts"}],"about":[{"href":"https:\/\/agora.xtec.cat\/ceipflama\/wp-json\/wp\/v2\/types\/post"}],"author":[{"embeddable":true,"href":"https:\/\/agora.xtec.cat\/ceipflama\/wp-json\/wp\/v2\/users\/18"}],"replies":[{"embeddable":true,"href":"https:\/\/agora.xtec.cat\/ceipflama\/wp-json\/wp\/v2\/comments?post=21608"}],"version-history":[{"count":5,"href":"https:\/\/agora.xtec.cat\/ceipflama\/wp-json\/wp\/v2\/posts\/21608\/revisions"}],"predecessor-version":[{"id":22120,"href":"https:\/\/agora.xtec.cat\/ceipflama\/wp-json\/wp\/v2\/posts\/21608\/revisions\/22120"}],"wp:featuredmedia":[{"embeddable":true,"href":"https:\/\/agora.xtec.cat\/ceipflama\/wp-json\/wp\/v2\/media\/22118"}],"wp:attachment":[{"href":"https:\/\/agora.xtec.cat\/ceipflama\/wp-json\/wp\/v2\/media?parent=21608"}],"wp:term":[{"taxonomy":"category","embeddable":true,"href":"https:\/\/agora.xtec.cat\/ceipflama\/wp-json\/wp\/v2\/categories?post=21608"},{"taxonomy":"post_tag","embeddable":true,"href":"https:\/\/agora.xtec.cat\/ceipflama\/wp-json\/wp\/v2\/tags?post=21608"}],"curies":[{"name":"wp","href":"https:\/\/api.w.org\/{rel}","templated":true}]}}