{"id":21316,"date":"2025-05-14T18:12:29","date_gmt":"2025-05-14T16:12:29","guid":{"rendered":"https:\/\/agora.xtec.cat\/ceipflama\/?p=21316"},"modified":"2025-05-13T08:27:51","modified_gmt":"2025-05-13T06:27:51","slug":"insectes-i-musica-amb-les-princeses-barbudes","status":"publish","type":"post","link":"https:\/\/agora.xtec.cat\/ceipflama\/promocio-2017\/insectes-i-musica-amb-les-princeses-barbudes\/","title":{"rendered":"Insectes i m\u00fasica amb les Princeses Barbudes"},"content":{"rendered":"<p class=\"\" data-start=\"137\" data-end=\"289\">El dimecres 14 de maig, l\u2019alumnat de P1 i P2 vam anar al Teatre Conservatori de Manresa per gaudir d\u2019un concert molt especial: SOM I SEREM de <em data-start=\"264\" data-end=\"288\">Les Princeses Barbudes<\/em>.<\/p>\n<p class=\"\" data-start=\"291\" data-end=\"997\">Aquest concert va ser molt m\u00e9s que una simple actuaci\u00f3 musical. <em data-start=\"355\" data-end=\"379\">Les Princeses Barbudes<\/em> ens van presentar el seu espectacle, <em data-start=\"424\" data-end=\"450\">Som i serem,<\/em> dedicat als insectes. Aquests petits animals, que habiten el nostre m\u00f3n des de molt abans que nosaltres, sovint s\u00f3n desconeguts. No obstant aix\u00f2, l\u2019espectacle ens va ajudar a veure&#8217;ls amb altres ulls, destacant les seves habilitats i costums fascinants.<\/p>\n<p class=\"\" data-start=\"291\" data-end=\"997\">A trav\u00e9s de can\u00e7ons pop fetes amb instruments petits i de joguina, vam aprendre com els insectes, malgrat que sovint els culpem de cat\u00e0strofes naturals, s\u00f3n en realitat essencials per a la vida tal com la coneixem.<\/p>\n<p class=\"\" data-start=\"999\" data-end=\"1232\">Va ser una experi\u00e8ncia que vam gaudir molt, plena de m\u00fasica i aprenentatge que juntament amb la construcci\u00f3 de l&#8217;hotel d&#8217;insectes que v\u00e0rem fer a l&#8217;aula ens ha ajudat a con\u00e8ixer i a valorar m\u00e9s el m\u00f3n que ens envolta.<\/p>\n<div class=\"ast-oembed-container \" style=\"height: 100%;\"><iframe loading=\"lazy\" title=\"2princesesbarbudes - Som i serem al MMVV&#039;23\" width=\"500\" height=\"281\" src=\"https:\/\/www.youtube.com\/embed\/eB3sUYc0iSI?feature=oembed\" frameborder=\"0\" allow=\"accelerometer; autoplay; clipboard-write; encrypted-media; gyroscope; picture-in-picture; web-share\" referrerpolicy=\"strict-origin-when-cross-origin\" allowfullscreen><\/iframe><\/div>\n<p data-start=\"999\" data-end=\"1232\">\n","protected":false},"excerpt":{"rendered":"<p>El dimecres 14 de maig, l\u2019alumnat de P1 i P2 vam anar al Teatre Conservatori de Manresa per gaudir d\u2019un concert molt especial: SOM I SEREM de Les Princeses Barbudes. Aquest concert va ser molt m\u00e9s que una simple actuaci\u00f3 musical. Les Princeses Barbudes ens van presentar el seu espectacle, Som i serem, dedicat als [&hellip;]<\/p>\n","protected":false},"author":17,"featured_media":0,"comment_status":"closed","ping_status":"closed","sticky":false,"template":"","format":"standard","meta":{"_bbp_topic_count":0,"_bbp_reply_count":0,"_bbp_total_topic_count":0,"_bbp_total_reply_count":0,"_bbp_voice_count":0,"_bbp_anonymous_reply_count":0,"_bbp_topic_count_hidden":0,"_bbp_reply_count_hidden":0,"_bbp_forum_subforum_count":0,"site-sidebar-layout":"default","site-content-layout":"","ast-site-content-layout":"","site-content-style":"default","site-sidebar-style":"default","ast-global-header-display":"","ast-banner-title-visibility":"","ast-main-header-display":"","ast-hfb-above-header-display":"","ast-hfb-below-header-display":"","ast-hfb-mobile-header-display":"","site-post-title":"","ast-breadcrumbs-content":"","ast-featured-img":"","footer-sml-layout":"","theme-transparent-header-meta":"","adv-header-id-meta":"","stick-header-meta":"","header-above-stick-meta":"","header-main-stick-meta":"","header-below-stick-meta":"","astra-migrate-meta-layouts":"default","ast-page-background-enabled":"default","ast-page-background-meta":{"desktop":{"background-color":"var(--ast-global-color-4)","background-image":"","background-repeat":"repeat","background-position":"center center","background-size":"auto","background-attachment":"scroll","background-type":"","background-media":"","overlay-type":"","overlay-color":"","overlay-opacity":"","overlay-gradient":""},"tablet":{"background-color":"","background-image":"","background-repeat":"repeat","background-position":"center center","background-size":"auto","background-attachment":"scroll","background-type":"","background-media":"","overlay-type":"","overlay-color":"","overlay-opacity":"","overlay-gradient":""},"mobile":{"background-color":"","background-image":"","background-repeat":"repeat","background-position":"center center","background-size":"auto","background-attachment":"scroll","background-type":"","background-media":"","overlay-type":"","overlay-color":"","overlay-opacity":"","overlay-gradient":""}},"ast-content-background-meta":{"desktop":{"background-color":"var(--ast-global-color-5)","background-image":"","background-repeat":"repeat","background-position":"center center","background-size":"auto","background-attachment":"scroll","background-type":"","background-media":"","overlay-type":"","overlay-color":"","overlay-opacity":"","overlay-gradient":""},"tablet":{"background-color":"var(--ast-global-color-5)","background-image":"","background-repeat":"repeat","background-position":"center center","background-size":"auto","background-attachment":"scroll","background-type":"","background-media":"","overlay-type":"","overlay-color":"","overlay-opacity":"","overlay-gradient":""},"mobile":{"background-color":"var(--ast-global-color-5)","background-image":"","background-repeat":"repeat","background-position":"center center","background-size":"auto","background-attachment":"scroll","background-type":"","background-media":"","overlay-type":"","overlay-color":"","overlay-opacity":"","overlay-gradient":""}},"footnotes":""},"categories":[87,88],"tags":[],"class_list":["post-21316","post","type-post","status-publish","format-standard","hentry","category-promocio-2017","category-promocio-2018"],"post_mailing_queue_ids":[],"_links":{"self":[{"href":"https:\/\/agora.xtec.cat\/ceipflama\/wp-json\/wp\/v2\/posts\/21316","targetHints":{"allow":["GET"]}}],"collection":[{"href":"https:\/\/agora.xtec.cat\/ceipflama\/wp-json\/wp\/v2\/posts"}],"about":[{"href":"https:\/\/agora.xtec.cat\/ceipflama\/wp-json\/wp\/v2\/types\/post"}],"author":[{"embeddable":true,"href":"https:\/\/agora.xtec.cat\/ceipflama\/wp-json\/wp\/v2\/users\/17"}],"replies":[{"embeddable":true,"href":"https:\/\/agora.xtec.cat\/ceipflama\/wp-json\/wp\/v2\/comments?post=21316"}],"version-history":[{"count":3,"href":"https:\/\/agora.xtec.cat\/ceipflama\/wp-json\/wp\/v2\/posts\/21316\/revisions"}],"predecessor-version":[{"id":21340,"href":"https:\/\/agora.xtec.cat\/ceipflama\/wp-json\/wp\/v2\/posts\/21316\/revisions\/21340"}],"wp:attachment":[{"href":"https:\/\/agora.xtec.cat\/ceipflama\/wp-json\/wp\/v2\/media?parent=21316"}],"wp:term":[{"taxonomy":"category","embeddable":true,"href":"https:\/\/agora.xtec.cat\/ceipflama\/wp-json\/wp\/v2\/categories?post=21316"},{"taxonomy":"post_tag","embeddable":true,"href":"https:\/\/agora.xtec.cat\/ceipflama\/wp-json\/wp\/v2\/tags?post=21316"}],"curies":[{"name":"wp","href":"https:\/\/api.w.org\/{rel}","templated":true}]}}