{"id":20914,"date":"2025-02-04T13:47:45","date_gmt":"2025-02-04T12:47:45","guid":{"rendered":"https:\/\/agora.xtec.cat\/ceipflama\/?p=20914"},"modified":"2025-02-04T13:47:45","modified_gmt":"2025-02-04T12:47:45","slug":"missio-apilo","status":"publish","type":"post","link":"https:\/\/agora.xtec.cat\/ceipflama\/promocio-2019\/missio-apilo\/","title":{"rendered":"MISSI\u00d3 APILO"},"content":{"rendered":"<p><span style=\"font-weight: 400;\">Avui, 4 de febrer, els nens i nenes d&#8217;Infantil de les aules d&#8217;I4 i I5 han participat en un taller molt especial dins del centre d\u2019inter\u00e8s del reciclatge. Aquesta activitat, centrada en els secrets de la missi\u00f3 Apilo, ha estat dissenyada per a conscienciar els m\u00e9s petits sobre la import\u00e0ncia de reciclar piles i bateries de manera adequada per protegir el medi ambient.<\/span><\/p>\n<p><span style=\"font-weight: 400;\">Durant el taller, els infants han apr\u00e8s, a trav\u00e9s d\u2019una representaci\u00f3 teatral, com recollir i dipositar correctament les piles usades, en un esfor\u00e7 per evitar la contaminaci\u00f3 que aquests elements poden causar si no es gestionen b\u00e9.\u00a0<\/span><\/p>\n<p><span style=\"font-weight: 400;\">El projecte Apilo, s&#8217;emmarca en un conjunt d&#8217;iniciatives educatives que es duen a terme a les escoles per promoure h\u00e0bits responsables i sostenibles entre els m\u00e9s joves, promovent la recollida selectiva de piles i bateries. Amb aquest tipus d&#8217;activitats, el nostre centre d\u2019inter\u00e8s sobre el reciclatge continua avan\u00e7ant per crear una comunitat m\u00e9s implicada en la protecci\u00f3 del medi ambient.<\/span><\/p>\n<p><a href=\"https:\/\/drive.google.com\/drive\/folders\/1B4WCV5TZgFPlEeE2H3AP11wCS6MXm_BV?usp=drive_link\"><img loading=\"lazy\" decoding=\"async\" class=\"alignnone  wp-image-20915\" src=\"https:\/\/agora.xtec.cat\/ceipflama\/wp-content\/uploads\/usu1313\/2025\/02\/apilo.jpg\" alt=\"\" width=\"304\" height=\"207\" \/><\/a><\/p>\n","protected":false},"excerpt":{"rendered":"<p>Avui, 4 de febrer, els nens i nenes d&#8217;Infantil de les aules d&#8217;I4 i I5 han participat en un taller molt especial dins del centre d\u2019inter\u00e8s del reciclatge. Aquesta activitat, centrada en els secrets de la missi\u00f3 Apilo, ha estat dissenyada per a conscienciar els m\u00e9s petits sobre la import\u00e0ncia de reciclar piles i bateries [&hellip;]<\/p>\n","protected":false},"author":157,"featured_media":0,"comment_status":"closed","ping_status":"closed","sticky":false,"template":"","format":"standard","meta":{"_bbp_topic_count":0,"_bbp_reply_count":0,"_bbp_total_topic_count":0,"_bbp_total_reply_count":0,"_bbp_voice_count":0,"_bbp_anonymous_reply_count":0,"_bbp_topic_count_hidden":0,"_bbp_reply_count_hidden":0,"_bbp_forum_subforum_count":0,"site-sidebar-layout":"default","site-content-layout":"","ast-site-content-layout":"","site-content-style":"default","site-sidebar-style":"default","ast-global-header-display":"","ast-banner-title-visibility":"","ast-main-header-display":"","ast-hfb-above-header-display":"","ast-hfb-below-header-display":"","ast-hfb-mobile-header-display":"","site-post-title":"","ast-breadcrumbs-content":"","ast-featured-img":"","footer-sml-layout":"","theme-transparent-header-meta":"","adv-header-id-meta":"","stick-header-meta":"","header-above-stick-meta":"","header-main-stick-meta":"","header-below-stick-meta":"","astra-migrate-meta-layouts":"default","ast-page-background-enabled":"default","ast-page-background-meta":{"desktop":{"background-color":"var(--ast-global-color-4)","background-image":"","background-repeat":"repeat","background-position":"center center","background-size":"auto","background-attachment":"scroll","background-type":"","background-media":"","overlay-type":"","overlay-color":"","overlay-opacity":"","overlay-gradient":""},"tablet":{"background-color":"","background-image":"","background-repeat":"repeat","background-position":"center center","background-size":"auto","background-attachment":"scroll","background-type":"","background-media":"","overlay-type":"","overlay-color":"","overlay-opacity":"","overlay-gradient":""},"mobile":{"background-color":"","background-image":"","background-repeat":"repeat","background-position":"center center","background-size":"auto","background-attachment":"scroll","background-type":"","background-media":"","overlay-type":"","overlay-color":"","overlay-opacity":"","overlay-gradient":""}},"ast-content-background-meta":{"desktop":{"background-color":"var(--ast-global-color-5)","background-image":"","background-repeat":"repeat","background-position":"center center","background-size":"auto","background-attachment":"scroll","background-type":"","background-media":"","overlay-type":"","overlay-color":"","overlay-opacity":"","overlay-gradient":""},"tablet":{"background-color":"var(--ast-global-color-5)","background-image":"","background-repeat":"repeat","background-position":"center center","background-size":"auto","background-attachment":"scroll","background-type":"","background-media":"","overlay-type":"","overlay-color":"","overlay-opacity":"","overlay-gradient":""},"mobile":{"background-color":"var(--ast-global-color-5)","background-image":"","background-repeat":"repeat","background-position":"center center","background-size":"auto","background-attachment":"scroll","background-type":"","background-media":"","overlay-type":"","overlay-color":"","overlay-opacity":"","overlay-gradient":""}},"footnotes":""},"categories":[95,101],"tags":[],"class_list":["post-20914","post","type-post","status-publish","format-standard","hentry","category-promocio-2019","category-promocio-2020"],"post_mailing_queue_ids":[],"_links":{"self":[{"href":"https:\/\/agora.xtec.cat\/ceipflama\/wp-json\/wp\/v2\/posts\/20914","targetHints":{"allow":["GET"]}}],"collection":[{"href":"https:\/\/agora.xtec.cat\/ceipflama\/wp-json\/wp\/v2\/posts"}],"about":[{"href":"https:\/\/agora.xtec.cat\/ceipflama\/wp-json\/wp\/v2\/types\/post"}],"author":[{"embeddable":true,"href":"https:\/\/agora.xtec.cat\/ceipflama\/wp-json\/wp\/v2\/users\/157"}],"replies":[{"embeddable":true,"href":"https:\/\/agora.xtec.cat\/ceipflama\/wp-json\/wp\/v2\/comments?post=20914"}],"version-history":[{"count":1,"href":"https:\/\/agora.xtec.cat\/ceipflama\/wp-json\/wp\/v2\/posts\/20914\/revisions"}],"predecessor-version":[{"id":20916,"href":"https:\/\/agora.xtec.cat\/ceipflama\/wp-json\/wp\/v2\/posts\/20914\/revisions\/20916"}],"wp:attachment":[{"href":"https:\/\/agora.xtec.cat\/ceipflama\/wp-json\/wp\/v2\/media?parent=20914"}],"wp:term":[{"taxonomy":"category","embeddable":true,"href":"https:\/\/agora.xtec.cat\/ceipflama\/wp-json\/wp\/v2\/categories?post=20914"},{"taxonomy":"post_tag","embeddable":true,"href":"https:\/\/agora.xtec.cat\/ceipflama\/wp-json\/wp\/v2\/tags?post=20914"}],"curies":[{"name":"wp","href":"https:\/\/api.w.org\/{rel}","templated":true}]}}