{"id":20680,"date":"2024-11-25T20:02:30","date_gmt":"2024-11-25T19:02:30","guid":{"rendered":"https:\/\/agora.xtec.cat\/ceipflama\/?p=20680"},"modified":"2024-11-25T20:02:30","modified_gmt":"2024-11-25T19:02:30","slug":"les-delegades-i-els-delegats-daquest-curs-24-25","status":"publish","type":"post","link":"https:\/\/agora.xtec.cat\/ceipflama\/portada\/les-delegades-i-els-delegats-daquest-curs-24-25\/","title":{"rendered":"LES DELEGADES I ELS DELEGATS D&#8217;AQUEST CURS 24\/25"},"content":{"rendered":"<p>A l&#8217;Escola Flama, les delegades i delegats de cada classe s\u00f3n una pe\u00e7a fonamental per garantir una bona comunicaci\u00f3 entre l&#8217;alumnat, els mestres i l&#8217;equip directiu. Aquest grup de representants, escollits pels seus companys i companyes, tenen la tasca de ser l&#8217;enlla\u00e7 entre l&#8217;aula i la resta de la comunitat educativa. S\u00f3n els responsables de traslladar propostes, inquietuds i millores que poden enriquir el nostre dia a dia escolar.<\/p>\n<p>Estem molt contents de comptar amb un grup tan comprom\u00e8s i entusiasta que, dia a dia, contribueix a fer de l&#8217;Escola Flama un lloc millor per aprendre i cr\u00e9ixer junts!<\/p>\n<p>A continuaci\u00f3 us deixem la fotografia dels nostres delegats i delegades d&#8217;aquest curs 2024\/2025.<\/p>\n<p><a href=\"https:\/\/agora.xtec.cat\/ceipflama\/wp-content\/uploads\/usu1313\/2024\/11\/Foto-delegats-i-delegades-2425.jpg\"><img loading=\"lazy\" decoding=\"async\" class=\"alignnone size-large wp-image-20681\" src=\"https:\/\/agora.xtec.cat\/ceipflama\/wp-content\/uploads\/usu1313\/2024\/11\/Foto-delegats-i-delegades-2425-1024x724.jpg\" alt=\"\" width=\"1024\" height=\"724\" srcset=\"https:\/\/agora.xtec.cat\/ceipflama\/wp-content\/uploads\/usu1313\/2024\/11\/Foto-delegats-i-delegades-2425-1024x724.jpg 1024w, https:\/\/agora.xtec.cat\/ceipflama\/wp-content\/uploads\/usu1313\/2024\/11\/Foto-delegats-i-delegades-2425-300x212.jpg 300w, https:\/\/agora.xtec.cat\/ceipflama\/wp-content\/uploads\/usu1313\/2024\/11\/Foto-delegats-i-delegades-2425-768x543.jpg 768w, https:\/\/agora.xtec.cat\/ceipflama\/wp-content\/uploads\/usu1313\/2024\/11\/Foto-delegats-i-delegades-2425-1536x1086.jpg 1536w, https:\/\/agora.xtec.cat\/ceipflama\/wp-content\/uploads\/usu1313\/2024\/11\/Foto-delegats-i-delegades-2425.jpg 2000w\" sizes=\"auto, (max-width: 1024px) 100vw, 1024px\" \/><\/a><\/p>\n","protected":false},"excerpt":{"rendered":"<p>A l&#8217;Escola Flama, les delegades i delegats de cada classe s\u00f3n una pe\u00e7a fonamental per garantir una bona comunicaci\u00f3 entre l&#8217;alumnat, els mestres i l&#8217;equip directiu. Aquest grup de representants, escollits pels seus companys i companyes, tenen la tasca de ser l&#8217;enlla\u00e7 entre l&#8217;aula i la resta de la comunitat educativa. S\u00f3n els responsables de [&hellip;]<\/p>\n","protected":false},"author":114,"featured_media":0,"comment_status":"closed","ping_status":"closed","sticky":false,"template":"","format":"standard","meta":{"_bbp_topic_count":0,"_bbp_reply_count":0,"_bbp_total_topic_count":0,"_bbp_total_reply_count":0,"_bbp_voice_count":0,"_bbp_anonymous_reply_count":0,"_bbp_topic_count_hidden":0,"_bbp_reply_count_hidden":0,"_bbp_forum_subforum_count":0,"site-sidebar-layout":"default","site-content-layout":"","ast-site-content-layout":"","site-content-style":"default","site-sidebar-style":"default","ast-global-header-display":"","ast-banner-title-visibility":"","ast-main-header-display":"","ast-hfb-above-header-display":"","ast-hfb-below-header-display":"","ast-hfb-mobile-header-display":"","site-post-title":"","ast-breadcrumbs-content":"","ast-featured-img":"","footer-sml-layout":"","theme-transparent-header-meta":"","adv-header-id-meta":"","stick-header-meta":"","header-above-stick-meta":"","header-main-stick-meta":"","header-below-stick-meta":"","astra-migrate-meta-layouts":"default","ast-page-background-enabled":"default","ast-page-background-meta":{"desktop":{"background-color":"var(--ast-global-color-4)","background-image":"","background-repeat":"repeat","background-position":"center center","background-size":"auto","background-attachment":"scroll","background-type":"","background-media":"","overlay-type":"","overlay-color":"","overlay-opacity":"","overlay-gradient":""},"tablet":{"background-color":"","background-image":"","background-repeat":"repeat","background-position":"center center","background-size":"auto","background-attachment":"scroll","background-type":"","background-media":"","overlay-type":"","overlay-color":"","overlay-opacity":"","overlay-gradient":""},"mobile":{"background-color":"","background-image":"","background-repeat":"repeat","background-position":"center center","background-size":"auto","background-attachment":"scroll","background-type":"","background-media":"","overlay-type":"","overlay-color":"","overlay-opacity":"","overlay-gradient":""}},"ast-content-background-meta":{"desktop":{"background-color":"var(--ast-global-color-5)","background-image":"","background-repeat":"repeat","background-position":"center center","background-size":"auto","background-attachment":"scroll","background-type":"","background-media":"","overlay-type":"","overlay-color":"","overlay-opacity":"","overlay-gradient":""},"tablet":{"background-color":"var(--ast-global-color-5)","background-image":"","background-repeat":"repeat","background-position":"center center","background-size":"auto","background-attachment":"scroll","background-type":"","background-media":"","overlay-type":"","overlay-color":"","overlay-opacity":"","overlay-gradient":""},"mobile":{"background-color":"var(--ast-global-color-5)","background-image":"","background-repeat":"repeat","background-position":"center center","background-size":"auto","background-attachment":"scroll","background-type":"","background-media":"","overlay-type":"","overlay-color":"","overlay-opacity":"","overlay-gradient":""}},"footnotes":""},"categories":[4],"tags":[],"class_list":["post-20680","post","type-post","status-publish","format-standard","hentry","category-portada"],"post_mailing_queue_ids":[],"_links":{"self":[{"href":"https:\/\/agora.xtec.cat\/ceipflama\/wp-json\/wp\/v2\/posts\/20680","targetHints":{"allow":["GET"]}}],"collection":[{"href":"https:\/\/agora.xtec.cat\/ceipflama\/wp-json\/wp\/v2\/posts"}],"about":[{"href":"https:\/\/agora.xtec.cat\/ceipflama\/wp-json\/wp\/v2\/types\/post"}],"author":[{"embeddable":true,"href":"https:\/\/agora.xtec.cat\/ceipflama\/wp-json\/wp\/v2\/users\/114"}],"replies":[{"embeddable":true,"href":"https:\/\/agora.xtec.cat\/ceipflama\/wp-json\/wp\/v2\/comments?post=20680"}],"version-history":[{"count":1,"href":"https:\/\/agora.xtec.cat\/ceipflama\/wp-json\/wp\/v2\/posts\/20680\/revisions"}],"predecessor-version":[{"id":20682,"href":"https:\/\/agora.xtec.cat\/ceipflama\/wp-json\/wp\/v2\/posts\/20680\/revisions\/20682"}],"wp:attachment":[{"href":"https:\/\/agora.xtec.cat\/ceipflama\/wp-json\/wp\/v2\/media?parent=20680"}],"wp:term":[{"taxonomy":"category","embeddable":true,"href":"https:\/\/agora.xtec.cat\/ceipflama\/wp-json\/wp\/v2\/categories?post=20680"},{"taxonomy":"post_tag","embeddable":true,"href":"https:\/\/agora.xtec.cat\/ceipflama\/wp-json\/wp\/v2\/tags?post=20680"}],"curies":[{"name":"wp","href":"https:\/\/api.w.org\/{rel}","templated":true}]}}