{"id":19273,"date":"2023-11-10T15:51:02","date_gmt":"2023-11-10T14:51:02","guid":{"rendered":"https:\/\/agora.xtec.cat\/ceipflama\/?p=19273"},"modified":"2023-11-10T15:59:21","modified_gmt":"2023-11-10T14:59:21","slug":"preparem-la-sortida-a-manresa","status":"publish","type":"post","link":"https:\/\/agora.xtec.cat\/ceipflama\/promocio-2016\/preparem-la-sortida-a-manresa\/","title":{"rendered":"PREPAREM LA SORTIDA A MANRESA"},"content":{"rendered":"<p>Hola fam\u00edlies,<\/p>\n<p style=\"text-align: justify;\">El proper 28 de novembre, els Regals de por i els Gats amb botes farem una sortida a Manresa. El punt de trobada amb les monitores ser\u00e0 el Museu Comarcal. All\u00e0 esmorzarem i a continuaci\u00f3 seguirem una ruta pel casc antic. En el transcurs d&#8217;aquesta ruta anirem fent paradetes per observar aspectes que a simple vista ens passen desapercebuts i les monitores ens explicaran llegendes.<\/p>\n<p>A l&#8217;escola estem treballant el tema de Manresa amb diferents materials, v\u00eddeos, mapes, pl\u00e0nols,&#8230; per aprendre a situar-nos a la ciutat (carrers, barris, punts d&#8217;inter\u00e8s,&#8230;) i saber m\u00e9s coses sobre la nostra ciutat.<\/p>\n<p>Tenim moltes ganes de fer la sortida!<\/p>\n<p>Podeu clicar la seg\u00fcent imatge per veure algunes fotos!<\/p>\n<p><a href=\"https:\/\/drive.google.com\/drive\/folders\/1td6Vkvd6UMP7MeHrLOXpSxXSgQK9E9ch?usp=sharing\"><img loading=\"lazy\" decoding=\"async\" class=\"alignnone wp-image-19274\" src=\"https:\/\/agora.xtec.cat\/ceipflama\/wp-content\/uploads\/usu1313\/2023\/11\/manresacordecatalunya_logo1_vertical-867x1024.jpg\" alt=\"\" width=\"389\" height=\"460\" srcset=\"https:\/\/agora.xtec.cat\/ceipflama\/wp-content\/uploads\/usu1313\/2023\/11\/manresacordecatalunya_logo1_vertical-867x1024.jpg 867w, https:\/\/agora.xtec.cat\/ceipflama\/wp-content\/uploads\/usu1313\/2023\/11\/manresacordecatalunya_logo1_vertical-254x300.jpg 254w, https:\/\/agora.xtec.cat\/ceipflama\/wp-content\/uploads\/usu1313\/2023\/11\/manresacordecatalunya_logo1_vertical-768x907.jpg 768w, https:\/\/agora.xtec.cat\/ceipflama\/wp-content\/uploads\/usu1313\/2023\/11\/manresacordecatalunya_logo1_vertical.jpg 1016w\" sizes=\"auto, (max-width: 389px) 100vw, 389px\" \/><\/a><\/p>\n","protected":false},"excerpt":{"rendered":"<p>Hola fam\u00edlies, El proper 28 de novembre, els Regals de por i els Gats amb botes farem una sortida a Manresa. El punt de trobada amb les monitores ser\u00e0 el Museu Comarcal. All\u00e0 esmorzarem i a continuaci\u00f3 seguirem una ruta pel casc antic. En el transcurs d&#8217;aquesta ruta anirem fent paradetes per observar aspectes que [&hellip;]<\/p>\n","protected":false},"author":5,"featured_media":0,"comment_status":"closed","ping_status":"closed","sticky":false,"template":"","format":"standard","meta":{"_bbp_topic_count":0,"_bbp_reply_count":0,"_bbp_total_topic_count":0,"_bbp_total_reply_count":0,"_bbp_voice_count":0,"_bbp_anonymous_reply_count":0,"_bbp_topic_count_hidden":0,"_bbp_reply_count_hidden":0,"_bbp_forum_subforum_count":0,"site-sidebar-layout":"default","site-content-layout":"","ast-site-content-layout":"","site-content-style":"default","site-sidebar-style":"default","ast-global-header-display":"","ast-banner-title-visibility":"","ast-main-header-display":"","ast-hfb-above-header-display":"","ast-hfb-below-header-display":"","ast-hfb-mobile-header-display":"","site-post-title":"","ast-breadcrumbs-content":"","ast-featured-img":"","footer-sml-layout":"","theme-transparent-header-meta":"","adv-header-id-meta":"","stick-header-meta":"","header-above-stick-meta":"","header-main-stick-meta":"","header-below-stick-meta":"","astra-migrate-meta-layouts":"default","ast-page-background-enabled":"default","ast-page-background-meta":{"desktop":{"background-color":"var(--ast-global-color-4)","background-image":"","background-repeat":"repeat","background-position":"center center","background-size":"auto","background-attachment":"scroll","background-type":"","background-media":"","overlay-type":"","overlay-color":"","overlay-opacity":"","overlay-gradient":""},"tablet":{"background-color":"","background-image":"","background-repeat":"repeat","background-position":"center center","background-size":"auto","background-attachment":"scroll","background-type":"","background-media":"","overlay-type":"","overlay-color":"","overlay-opacity":"","overlay-gradient":""},"mobile":{"background-color":"","background-image":"","background-repeat":"repeat","background-position":"center center","background-size":"auto","background-attachment":"scroll","background-type":"","background-media":"","overlay-type":"","overlay-color":"","overlay-opacity":"","overlay-gradient":""}},"ast-content-background-meta":{"desktop":{"background-color":"var(--ast-global-color-5)","background-image":"","background-repeat":"repeat","background-position":"center center","background-size":"auto","background-attachment":"scroll","background-type":"","background-media":"","overlay-type":"","overlay-color":"","overlay-opacity":"","overlay-gradient":""},"tablet":{"background-color":"var(--ast-global-color-5)","background-image":"","background-repeat":"repeat","background-position":"center center","background-size":"auto","background-attachment":"scroll","background-type":"","background-media":"","overlay-type":"","overlay-color":"","overlay-opacity":"","overlay-gradient":""},"mobile":{"background-color":"var(--ast-global-color-5)","background-image":"","background-repeat":"repeat","background-position":"center center","background-size":"auto","background-attachment":"scroll","background-type":"","background-media":"","overlay-type":"","overlay-color":"","overlay-opacity":"","overlay-gradient":""}},"footnotes":""},"categories":[86],"tags":[],"class_list":["post-19273","post","type-post","status-publish","format-standard","hentry","category-promocio-2016"],"post_mailing_queue_ids":[],"_links":{"self":[{"href":"https:\/\/agora.xtec.cat\/ceipflama\/wp-json\/wp\/v2\/posts\/19273","targetHints":{"allow":["GET"]}}],"collection":[{"href":"https:\/\/agora.xtec.cat\/ceipflama\/wp-json\/wp\/v2\/posts"}],"about":[{"href":"https:\/\/agora.xtec.cat\/ceipflama\/wp-json\/wp\/v2\/types\/post"}],"author":[{"embeddable":true,"href":"https:\/\/agora.xtec.cat\/ceipflama\/wp-json\/wp\/v2\/users\/5"}],"replies":[{"embeddable":true,"href":"https:\/\/agora.xtec.cat\/ceipflama\/wp-json\/wp\/v2\/comments?post=19273"}],"version-history":[{"count":4,"href":"https:\/\/agora.xtec.cat\/ceipflama\/wp-json\/wp\/v2\/posts\/19273\/revisions"}],"predecessor-version":[{"id":19278,"href":"https:\/\/agora.xtec.cat\/ceipflama\/wp-json\/wp\/v2\/posts\/19273\/revisions\/19278"}],"wp:attachment":[{"href":"https:\/\/agora.xtec.cat\/ceipflama\/wp-json\/wp\/v2\/media?parent=19273"}],"wp:term":[{"taxonomy":"category","embeddable":true,"href":"https:\/\/agora.xtec.cat\/ceipflama\/wp-json\/wp\/v2\/categories?post=19273"},{"taxonomy":"post_tag","embeddable":true,"href":"https:\/\/agora.xtec.cat\/ceipflama\/wp-json\/wp\/v2\/tags?post=19273"}],"curies":[{"name":"wp","href":"https:\/\/api.w.org\/{rel}","templated":true}]}}