{"id":19092,"date":"2023-10-05T15:13:52","date_gmt":"2023-10-05T13:13:52","guid":{"rendered":"https:\/\/agora.xtec.cat\/ceipflama\/?p=19092"},"modified":"2023-10-05T15:35:55","modified_gmt":"2023-10-05T13:35:55","slug":"ei-que-ja-tenim-noms-a-les-classes","status":"publish","type":"post","link":"https:\/\/agora.xtec.cat\/ceipflama\/promocio-2013\/ei-que-ja-tenim-noms-a-les-classes\/","title":{"rendered":"Ei que ja tenim noms a les classes!"},"content":{"rendered":"<p>Com que aquest any el monogr\u00e0fic de l&#8217;escola \u00e9s UN ANY DE CONTE, els noms de les classes de tercer cicle s\u00f3n noms de c\u00f2mics que podem llegir en catal\u00e0. Els alumnes de P5 A hem triat <strong>Els barrufets<\/strong> i els de\u00a0<span class=\"hiddenSpellError\">P5 B<\/span>\u00a0<strong>Tint\u00edn<\/strong>.<\/p>\n<p>Aquests dies hem estat decorant la porta de la classe i ens estan quedant molt\u00a0<span class=\"hiddenGreenError\">xules<\/span>.<\/p>\n<p><a href=\"https:\/\/drive.google.com\/drive\/folders\/1EvTLKqC6qBE7qe6Daet-DQUaeR7VF27s?direction=a\"><img loading=\"lazy\" decoding=\"async\" class=\"alignnone size-large wp-image-19098\" src=\"https:\/\/agora.xtec.cat\/ceipflama\/wp-content\/uploads\/usu1313\/2023\/10\/PORTA-CLASSE-1024x1024.png\" alt=\"\" width=\"1024\" height=\"1024\" srcset=\"https:\/\/agora.xtec.cat\/ceipflama\/wp-content\/uploads\/usu1313\/2023\/10\/PORTA-CLASSE-1024x1024.png 1024w, https:\/\/agora.xtec.cat\/ceipflama\/wp-content\/uploads\/usu1313\/2023\/10\/PORTA-CLASSE-300x300.png 300w, https:\/\/agora.xtec.cat\/ceipflama\/wp-content\/uploads\/usu1313\/2023\/10\/PORTA-CLASSE-150x150.png 150w, https:\/\/agora.xtec.cat\/ceipflama\/wp-content\/uploads\/usu1313\/2023\/10\/PORTA-CLASSE-768x768.png 768w, https:\/\/agora.xtec.cat\/ceipflama\/wp-content\/uploads\/usu1313\/2023\/10\/PORTA-CLASSE.png 1080w\" sizes=\"auto, (max-width: 1024px) 100vw, 1024px\" \/><\/a><\/p>\n","protected":false},"excerpt":{"rendered":"<p>Com que aquest any el monogr\u00e0fic de l&#8217;escola \u00e9s UN ANY DE CONTE, els noms de les classes de tercer cicle s\u00f3n noms de c\u00f2mics que podem llegir en catal\u00e0. Els alumnes de P5 A hem triat Els barrufets i els de\u00a0P5 B\u00a0Tint\u00edn. Aquests dies hem estat decorant la porta de la classe i ens [&hellip;]<\/p>\n","protected":false},"author":123,"featured_media":0,"comment_status":"closed","ping_status":"closed","sticky":false,"template":"","format":"standard","meta":{"_bbp_topic_count":0,"_bbp_reply_count":0,"_bbp_total_topic_count":0,"_bbp_total_reply_count":0,"_bbp_voice_count":0,"_bbp_anonymous_reply_count":0,"_bbp_topic_count_hidden":0,"_bbp_reply_count_hidden":0,"_bbp_forum_subforum_count":0,"site-sidebar-layout":"default","site-content-layout":"","ast-site-content-layout":"","site-content-style":"default","site-sidebar-style":"default","ast-global-header-display":"","ast-banner-title-visibility":"","ast-main-header-display":"","ast-hfb-above-header-display":"","ast-hfb-below-header-display":"","ast-hfb-mobile-header-display":"","site-post-title":"","ast-breadcrumbs-content":"","ast-featured-img":"","footer-sml-layout":"","theme-transparent-header-meta":"","adv-header-id-meta":"","stick-header-meta":"","header-above-stick-meta":"","header-main-stick-meta":"","header-below-stick-meta":"","astra-migrate-meta-layouts":"default","ast-page-background-enabled":"default","ast-page-background-meta":{"desktop":{"background-color":"var(--ast-global-color-4)","background-image":"","background-repeat":"repeat","background-position":"center center","background-size":"auto","background-attachment":"scroll","background-type":"","background-media":"","overlay-type":"","overlay-color":"","overlay-opacity":"","overlay-gradient":""},"tablet":{"background-color":"","background-image":"","background-repeat":"repeat","background-position":"center center","background-size":"auto","background-attachment":"scroll","background-type":"","background-media":"","overlay-type":"","overlay-color":"","overlay-opacity":"","overlay-gradient":""},"mobile":{"background-color":"","background-image":"","background-repeat":"repeat","background-position":"center center","background-size":"auto","background-attachment":"scroll","background-type":"","background-media":"","overlay-type":"","overlay-color":"","overlay-opacity":"","overlay-gradient":""}},"ast-content-background-meta":{"desktop":{"background-color":"var(--ast-global-color-5)","background-image":"","background-repeat":"repeat","background-position":"center center","background-size":"auto","background-attachment":"scroll","background-type":"","background-media":"","overlay-type":"","overlay-color":"","overlay-opacity":"","overlay-gradient":""},"tablet":{"background-color":"var(--ast-global-color-5)","background-image":"","background-repeat":"repeat","background-position":"center center","background-size":"auto","background-attachment":"scroll","background-type":"","background-media":"","overlay-type":"","overlay-color":"","overlay-opacity":"","overlay-gradient":""},"mobile":{"background-color":"var(--ast-global-color-5)","background-image":"","background-repeat":"repeat","background-position":"center center","background-size":"auto","background-attachment":"scroll","background-type":"","background-media":"","overlay-type":"","overlay-color":"","overlay-opacity":"","overlay-gradient":""}},"footnotes":""},"categories":[3],"tags":[],"class_list":["post-19092","post","type-post","status-publish","format-standard","hentry","category-promocio-2013"],"post_mailing_queue_ids":[],"_links":{"self":[{"href":"https:\/\/agora.xtec.cat\/ceipflama\/wp-json\/wp\/v2\/posts\/19092","targetHints":{"allow":["GET"]}}],"collection":[{"href":"https:\/\/agora.xtec.cat\/ceipflama\/wp-json\/wp\/v2\/posts"}],"about":[{"href":"https:\/\/agora.xtec.cat\/ceipflama\/wp-json\/wp\/v2\/types\/post"}],"author":[{"embeddable":true,"href":"https:\/\/agora.xtec.cat\/ceipflama\/wp-json\/wp\/v2\/users\/123"}],"replies":[{"embeddable":true,"href":"https:\/\/agora.xtec.cat\/ceipflama\/wp-json\/wp\/v2\/comments?post=19092"}],"version-history":[{"count":3,"href":"https:\/\/agora.xtec.cat\/ceipflama\/wp-json\/wp\/v2\/posts\/19092\/revisions"}],"predecessor-version":[{"id":19099,"href":"https:\/\/agora.xtec.cat\/ceipflama\/wp-json\/wp\/v2\/posts\/19092\/revisions\/19099"}],"wp:attachment":[{"href":"https:\/\/agora.xtec.cat\/ceipflama\/wp-json\/wp\/v2\/media?parent=19092"}],"wp:term":[{"taxonomy":"category","embeddable":true,"href":"https:\/\/agora.xtec.cat\/ceipflama\/wp-json\/wp\/v2\/categories?post=19092"},{"taxonomy":"post_tag","embeddable":true,"href":"https:\/\/agora.xtec.cat\/ceipflama\/wp-json\/wp\/v2\/tags?post=19092"}],"curies":[{"name":"wp","href":"https:\/\/api.w.org\/{rel}","templated":true}]}}