{"id":18501,"date":"2023-04-19T14:17:29","date_gmt":"2023-04-19T12:17:29","guid":{"rendered":"https:\/\/agora.xtec.cat\/ceipflama\/?p=18501"},"modified":"2023-04-19T14:17:29","modified_gmt":"2023-04-19T12:17:29","slug":"hort-primavera","status":"publish","type":"post","link":"https:\/\/agora.xtec.cat\/ceipflama\/promocio-2013\/hort-primavera\/","title":{"rendered":"HORT PRIMAVERA"},"content":{"rendered":"<p>Hola fam\u00edlies!<\/p>\n<p style=\"text-align: justify;\">Fa uns dies vam rebre una carta de l&#8217;alumnat de 3r de l&#8217;escola Bages de Manresa. Ens va fer molta il\u00b7lusi\u00f3 perqu\u00e8, a part de donar-nos consells sobre l&#8217;hort, ens van adjuntar unes llavors.<\/p>\n<p style=\"text-align: justify;\">Aprofitant la trobada de padrins i fillols d&#8217;aquesta setmana, hem pogut respondre la seva carta i plantar les llavors que ens van regalar. A m\u00e9s a m\u00e9s, hem preparat i plantat de nou el nostre hort amb planters de temporada, com cebes, pebrots, enciams, tom\u00e0quets,&#8230; Esperem fer una bona collita!!!<\/p>\n<p>Si voleu veure fotos, cliqueu la seg\u00fcent imatge!<\/p>\n<p><a href=\"https:\/\/drive.google.com\/drive\/folders\/1e2NHC0Jx34PLLmi9SB7ktN0hPi_GLy_H?usp=share_link\"><img loading=\"lazy\" decoding=\"async\" class=\"alignnone  wp-image-18502\" src=\"https:\/\/agora.xtec.cat\/ceipflama\/wp-content\/uploads\/usu1313\/2023\/04\/Invitacion-Fiesta-de-inauguracion-Residencial-Naranja-1024x1024.png\" alt=\"\" width=\"464\" height=\"464\" srcset=\"https:\/\/agora.xtec.cat\/ceipflama\/wp-content\/uploads\/usu1313\/2023\/04\/Invitacion-Fiesta-de-inauguracion-Residencial-Naranja-1024x1024.png 1024w, https:\/\/agora.xtec.cat\/ceipflama\/wp-content\/uploads\/usu1313\/2023\/04\/Invitacion-Fiesta-de-inauguracion-Residencial-Naranja-300x300.png 300w, https:\/\/agora.xtec.cat\/ceipflama\/wp-content\/uploads\/usu1313\/2023\/04\/Invitacion-Fiesta-de-inauguracion-Residencial-Naranja-150x150.png 150w, https:\/\/agora.xtec.cat\/ceipflama\/wp-content\/uploads\/usu1313\/2023\/04\/Invitacion-Fiesta-de-inauguracion-Residencial-Naranja-768x768.png 768w, https:\/\/agora.xtec.cat\/ceipflama\/wp-content\/uploads\/usu1313\/2023\/04\/Invitacion-Fiesta-de-inauguracion-Residencial-Naranja-1536x1536.png 1536w, https:\/\/agora.xtec.cat\/ceipflama\/wp-content\/uploads\/usu1313\/2023\/04\/Invitacion-Fiesta-de-inauguracion-Residencial-Naranja.png 1654w\" sizes=\"auto, (max-width: 464px) 100vw, 464px\" \/><\/a><\/p>\n","protected":false},"excerpt":{"rendered":"<p>Hola fam\u00edlies! Fa uns dies vam rebre una carta de l&#8217;alumnat de 3r de l&#8217;escola Bages de Manresa. Ens va fer molta il\u00b7lusi\u00f3 perqu\u00e8, a part de donar-nos consells sobre l&#8217;hort, ens van adjuntar unes llavors. Aprofitant la trobada de padrins i fillols d&#8217;aquesta setmana, hem pogut respondre la seva carta i plantar les llavors [&hellip;]<\/p>\n","protected":false},"author":5,"featured_media":0,"comment_status":"closed","ping_status":"closed","sticky":false,"template":"","format":"standard","meta":{"_bbp_topic_count":0,"_bbp_reply_count":0,"_bbp_total_topic_count":0,"_bbp_total_reply_count":0,"_bbp_voice_count":0,"_bbp_anonymous_reply_count":0,"_bbp_topic_count_hidden":0,"_bbp_reply_count_hidden":0,"_bbp_forum_subforum_count":0,"site-sidebar-layout":"default","site-content-layout":"","ast-site-content-layout":"","site-content-style":"default","site-sidebar-style":"default","ast-global-header-display":"","ast-banner-title-visibility":"","ast-main-header-display":"","ast-hfb-above-header-display":"","ast-hfb-below-header-display":"","ast-hfb-mobile-header-display":"","site-post-title":"","ast-breadcrumbs-content":"","ast-featured-img":"","footer-sml-layout":"","theme-transparent-header-meta":"","adv-header-id-meta":"","stick-header-meta":"","header-above-stick-meta":"","header-main-stick-meta":"","header-below-stick-meta":"","astra-migrate-meta-layouts":"default","ast-page-background-enabled":"default","ast-page-background-meta":{"desktop":{"background-color":"var(--ast-global-color-4)","background-image":"","background-repeat":"repeat","background-position":"center center","background-size":"auto","background-attachment":"scroll","background-type":"","background-media":"","overlay-type":"","overlay-color":"","overlay-opacity":"","overlay-gradient":""},"tablet":{"background-color":"","background-image":"","background-repeat":"repeat","background-position":"center center","background-size":"auto","background-attachment":"scroll","background-type":"","background-media":"","overlay-type":"","overlay-color":"","overlay-opacity":"","overlay-gradient":""},"mobile":{"background-color":"","background-image":"","background-repeat":"repeat","background-position":"center center","background-size":"auto","background-attachment":"scroll","background-type":"","background-media":"","overlay-type":"","overlay-color":"","overlay-opacity":"","overlay-gradient":""}},"ast-content-background-meta":{"desktop":{"background-color":"var(--ast-global-color-5)","background-image":"","background-repeat":"repeat","background-position":"center center","background-size":"auto","background-attachment":"scroll","background-type":"","background-media":"","overlay-type":"","overlay-color":"","overlay-opacity":"","overlay-gradient":""},"tablet":{"background-color":"var(--ast-global-color-5)","background-image":"","background-repeat":"repeat","background-position":"center center","background-size":"auto","background-attachment":"scroll","background-type":"","background-media":"","overlay-type":"","overlay-color":"","overlay-opacity":"","overlay-gradient":""},"mobile":{"background-color":"var(--ast-global-color-5)","background-image":"","background-repeat":"repeat","background-position":"center center","background-size":"auto","background-attachment":"scroll","background-type":"","background-media":"","overlay-type":"","overlay-color":"","overlay-opacity":"","overlay-gradient":""}},"footnotes":""},"categories":[3,86],"tags":[],"class_list":["post-18501","post","type-post","status-publish","format-standard","hentry","category-promocio-2013","category-promocio-2016"],"post_mailing_queue_ids":[],"_links":{"self":[{"href":"https:\/\/agora.xtec.cat\/ceipflama\/wp-json\/wp\/v2\/posts\/18501","targetHints":{"allow":["GET"]}}],"collection":[{"href":"https:\/\/agora.xtec.cat\/ceipflama\/wp-json\/wp\/v2\/posts"}],"about":[{"href":"https:\/\/agora.xtec.cat\/ceipflama\/wp-json\/wp\/v2\/types\/post"}],"author":[{"embeddable":true,"href":"https:\/\/agora.xtec.cat\/ceipflama\/wp-json\/wp\/v2\/users\/5"}],"replies":[{"embeddable":true,"href":"https:\/\/agora.xtec.cat\/ceipflama\/wp-json\/wp\/v2\/comments?post=18501"}],"version-history":[{"count":1,"href":"https:\/\/agora.xtec.cat\/ceipflama\/wp-json\/wp\/v2\/posts\/18501\/revisions"}],"predecessor-version":[{"id":18503,"href":"https:\/\/agora.xtec.cat\/ceipflama\/wp-json\/wp\/v2\/posts\/18501\/revisions\/18503"}],"wp:attachment":[{"href":"https:\/\/agora.xtec.cat\/ceipflama\/wp-json\/wp\/v2\/media?parent=18501"}],"wp:term":[{"taxonomy":"category","embeddable":true,"href":"https:\/\/agora.xtec.cat\/ceipflama\/wp-json\/wp\/v2\/categories?post=18501"},{"taxonomy":"post_tag","embeddable":true,"href":"https:\/\/agora.xtec.cat\/ceipflama\/wp-json\/wp\/v2\/tags?post=18501"}],"curies":[{"name":"wp","href":"https:\/\/api.w.org\/{rel}","templated":true}]}}