{"id":18466,"date":"2023-03-31T16:30:51","date_gmt":"2023-03-31T14:30:51","guid":{"rendered":"https:\/\/agora.xtec.cat\/ceipflama\/?p=18466"},"modified":"2023-03-31T08:56:59","modified_gmt":"2023-03-31T06:56:59","slug":"finalitzem-la-setmana-cultural-sortida-col%c2%b7lectiva","status":"publish","type":"post","link":"https:\/\/agora.xtec.cat\/ceipflama\/portada\/finalitzem-la-setmana-cultural-sortida-col%c2%b7lectiva\/","title":{"rendered":"FINALITZEM LA SETMANA CULTURAL. SORTIDA COL\u00b7LECTIVA"},"content":{"rendered":"<p style=\"text-align: justify;\">Finalitzem la nostra setmana cultural m\u00e9s gastron\u00f2mica amb una caminada col\u00b7lectiva. \u00a0Hem sortit de l\u2019escola, i aprofitant aquest entorn proper tant privilegiat que tenim, hem anat a fer una passejada.<\/p>\n<p style=\"text-align: justify;\">Els m\u00e9s petits fins a Sant Iscle. All\u00e0 hem jugat i ens ho hem passat molt b\u00e9. Ens han acompanyat els nens i nenes de 6\u00e8, que s\u00f3n els padrins de P3. Els de cicle inicial fins el bosc de l\u2019Illa i els de cicle mitj\u00e0 i 5\u00e8 fins al parc de l\u2019Agulla. Hem tingut temps de parlar amb els companys de la classe, caminar, jugar i passar-ho molt b\u00e9.<\/p>\n<p style=\"text-align: justify;\">A la tarda hem jugat tota l\u2019escola junta al pati. Ha estat una tarda diferent perqu\u00e8 a part de compartir jocs amb altres companys de l\u2019escola hem tingut una sorpresa en forma d\u2019himne! Avui s\u2019ha presentat oficialment l\u2019himne de l\u2019escola cantat pels nens i nenes!<\/p>\n<p><a href=\"https:\/\/drive.google.com\/drive\/folders\/1EWI2pN3dv1wq7LQps2IrNrjA91CMSQJx?usp=share_link\"><img loading=\"lazy\" decoding=\"async\" class=\"alignnone size-full wp-image-18467\" src=\"https:\/\/agora.xtec.cat\/ceipflama\/wp-content\/uploads\/usu1313\/2023\/03\/1-2.jpg\" alt=\"\" width=\"300\" height=\"168\" \/><\/a><\/p>\n","protected":false},"excerpt":{"rendered":"<p>Finalitzem la nostra setmana cultural m\u00e9s gastron\u00f2mica amb una caminada col\u00b7lectiva. \u00a0Hem sortit de l\u2019escola, i aprofitant aquest entorn proper tant privilegiat que tenim, hem anat a fer una passejada. Els m\u00e9s petits fins a Sant Iscle. All\u00e0 hem jugat i ens ho hem passat molt b\u00e9. Ens han acompanyat els nens i nenes de [&hellip;]<\/p>\n","protected":false},"author":1,"featured_media":0,"comment_status":"closed","ping_status":"closed","sticky":false,"template":"","format":"standard","meta":{"_bbp_topic_count":0,"_bbp_reply_count":0,"_bbp_total_topic_count":0,"_bbp_total_reply_count":0,"_bbp_voice_count":0,"_bbp_anonymous_reply_count":0,"_bbp_topic_count_hidden":0,"_bbp_reply_count_hidden":0,"_bbp_forum_subforum_count":0,"site-sidebar-layout":"default","site-content-layout":"","ast-site-content-layout":"","site-content-style":"default","site-sidebar-style":"default","ast-global-header-display":"","ast-banner-title-visibility":"","ast-main-header-display":"","ast-hfb-above-header-display":"","ast-hfb-below-header-display":"","ast-hfb-mobile-header-display":"","site-post-title":"","ast-breadcrumbs-content":"","ast-featured-img":"","footer-sml-layout":"","theme-transparent-header-meta":"","adv-header-id-meta":"","stick-header-meta":"","header-above-stick-meta":"","header-main-stick-meta":"","header-below-stick-meta":"","astra-migrate-meta-layouts":"default","ast-page-background-enabled":"default","ast-page-background-meta":{"desktop":{"background-color":"var(--ast-global-color-4)","background-image":"","background-repeat":"repeat","background-position":"center center","background-size":"auto","background-attachment":"scroll","background-type":"","background-media":"","overlay-type":"","overlay-color":"","overlay-opacity":"","overlay-gradient":""},"tablet":{"background-color":"","background-image":"","background-repeat":"repeat","background-position":"center center","background-size":"auto","background-attachment":"scroll","background-type":"","background-media":"","overlay-type":"","overlay-color":"","overlay-opacity":"","overlay-gradient":""},"mobile":{"background-color":"","background-image":"","background-repeat":"repeat","background-position":"center center","background-size":"auto","background-attachment":"scroll","background-type":"","background-media":"","overlay-type":"","overlay-color":"","overlay-opacity":"","overlay-gradient":""}},"ast-content-background-meta":{"desktop":{"background-color":"var(--ast-global-color-5)","background-image":"","background-repeat":"repeat","background-position":"center center","background-size":"auto","background-attachment":"scroll","background-type":"","background-media":"","overlay-type":"","overlay-color":"","overlay-opacity":"","overlay-gradient":""},"tablet":{"background-color":"var(--ast-global-color-5)","background-image":"","background-repeat":"repeat","background-position":"center center","background-size":"auto","background-attachment":"scroll","background-type":"","background-media":"","overlay-type":"","overlay-color":"","overlay-opacity":"","overlay-gradient":""},"mobile":{"background-color":"var(--ast-global-color-5)","background-image":"","background-repeat":"repeat","background-position":"center center","background-size":"auto","background-attachment":"scroll","background-type":"","background-media":"","overlay-type":"","overlay-color":"","overlay-opacity":"","overlay-gradient":""}},"footnotes":""},"categories":[4],"tags":[],"class_list":["post-18466","post","type-post","status-publish","format-standard","hentry","category-portada"],"post_mailing_queue_ids":[],"_links":{"self":[{"href":"https:\/\/agora.xtec.cat\/ceipflama\/wp-json\/wp\/v2\/posts\/18466","targetHints":{"allow":["GET"]}}],"collection":[{"href":"https:\/\/agora.xtec.cat\/ceipflama\/wp-json\/wp\/v2\/posts"}],"about":[{"href":"https:\/\/agora.xtec.cat\/ceipflama\/wp-json\/wp\/v2\/types\/post"}],"author":[{"embeddable":true,"href":"https:\/\/agora.xtec.cat\/ceipflama\/wp-json\/wp\/v2\/users\/1"}],"replies":[{"embeddable":true,"href":"https:\/\/agora.xtec.cat\/ceipflama\/wp-json\/wp\/v2\/comments?post=18466"}],"version-history":[{"count":1,"href":"https:\/\/agora.xtec.cat\/ceipflama\/wp-json\/wp\/v2\/posts\/18466\/revisions"}],"predecessor-version":[{"id":18468,"href":"https:\/\/agora.xtec.cat\/ceipflama\/wp-json\/wp\/v2\/posts\/18466\/revisions\/18468"}],"wp:attachment":[{"href":"https:\/\/agora.xtec.cat\/ceipflama\/wp-json\/wp\/v2\/media?parent=18466"}],"wp:term":[{"taxonomy":"category","embeddable":true,"href":"https:\/\/agora.xtec.cat\/ceipflama\/wp-json\/wp\/v2\/categories?post=18466"},{"taxonomy":"post_tag","embeddable":true,"href":"https:\/\/agora.xtec.cat\/ceipflama\/wp-json\/wp\/v2\/tags?post=18466"}],"curies":[{"name":"wp","href":"https:\/\/api.w.org\/{rel}","templated":true}]}}