{"id":17584,"date":"2022-11-07T16:43:21","date_gmt":"2022-11-07T15:43:21","guid":{"rendered":"https:\/\/agora.xtec.cat\/ceipflama\/?p=17584"},"modified":"2022-11-09T13:02:41","modified_gmt":"2022-11-09T12:02:41","slug":"la-cobla-tots-som-pops","status":"publish","type":"post","link":"https:\/\/agora.xtec.cat\/ceipflama\/promocio-2014\/la-cobla-tots-som-pops\/","title":{"rendered":"LA COBLA: tots som pops!"},"content":{"rendered":"<p><span style=\"font-weight: 400;\">A l&#8217;aula de m\u00fasica hem descobert com sona, com s&#8217;organitza i com ha evolucionat <strong>LA COBLA.<\/strong> Ens hem preparat per poder gaudir d&#8217;un concert molt especial amb diversitat de m\u00fasiques, formats i entorns festius a trav\u00e9s dels m\u00fasics de la <em>Cobla Sant Jordi-Ciutat de Barcelona<\/em>.<\/span><\/p>\n<p><span style=\"font-weight: 400;\">Per\u00f2 no s&#8217;acaba aqu\u00ed! Aquest concert anomenat <strong>COBLA 2.0<\/strong> s&#8217;ha celebrat al <strong>PALAU DE LA M\u00daSICA CATALANA<\/strong> declarat Patrimoni Com\u00fa de la Humanitat per la UNESCO.<\/span><\/p>\n<p><span style=\"font-weight: 400;\">Ens ha agradat tant que us en deixem una mostra!!!<\/span><\/p>\n<div class=\"ast-oembed-container \" style=\"height: 100%;\"><iframe loading=\"lazy\" title=\"Cobla 2.0\" src=\"https:\/\/player.vimeo.com\/video\/74609969?dnt=1&amp;app_id=122963\" width=\"500\" height=\"400\" frameborder=\"0\" allow=\"autoplay; fullscreen; picture-in-picture; clipboard-write\"><\/iframe><\/div>\n<p style=\"text-align: center;\"><em>Cliqueu la imatge i veureu que b\u00e9 ens ho hem passat!<a href=\"https:\/\/drive.google.com\/drive\/folders\/1L3u8lNmvP7F_rLTlNvPmdBjJ6FDTFT9r?usp=sharing\"><img loading=\"lazy\" decoding=\"async\" class=\"aligncenter\" src=\"https:\/\/www.ccma.cat\/participacions\/sites\/ccma.cat.participacions\/files\/imagecache\/720x405-campanya\/prize_img\/Cobla_2.0_(2)_0.jpg\" alt=\"COBLA 2.0 | Escola Flama\" width=\"213\" height=\"320\" \/><\/a><\/em><\/p>\n<p style=\"text-align: left;\">\n","protected":false},"excerpt":{"rendered":"<p>A l&#8217;aula de m\u00fasica hem descobert com sona, com s&#8217;organitza i com ha evolucionat LA COBLA. Ens hem preparat per poder gaudir d&#8217;un concert molt especial amb diversitat de m\u00fasiques, formats i entorns festius a trav\u00e9s dels m\u00fasics de la Cobla Sant Jordi-Ciutat de Barcelona. Per\u00f2 no s&#8217;acaba aqu\u00ed! Aquest concert anomenat COBLA 2.0 s&#8217;ha [&hellip;]<\/p>\n","protected":false},"author":17,"featured_media":0,"comment_status":"closed","ping_status":"closed","sticky":false,"template":"","format":"standard","meta":{"_bbp_topic_count":0,"_bbp_reply_count":0,"_bbp_total_topic_count":0,"_bbp_total_reply_count":0,"_bbp_voice_count":0,"_bbp_anonymous_reply_count":0,"_bbp_topic_count_hidden":0,"_bbp_reply_count_hidden":0,"_bbp_forum_subforum_count":0,"site-sidebar-layout":"default","site-content-layout":"","ast-site-content-layout":"","site-content-style":"default","site-sidebar-style":"default","ast-global-header-display":"","ast-banner-title-visibility":"","ast-main-header-display":"","ast-hfb-above-header-display":"","ast-hfb-below-header-display":"","ast-hfb-mobile-header-display":"","site-post-title":"","ast-breadcrumbs-content":"","ast-featured-img":"","footer-sml-layout":"","theme-transparent-header-meta":"","adv-header-id-meta":"","stick-header-meta":"","header-above-stick-meta":"","header-main-stick-meta":"","header-below-stick-meta":"","astra-migrate-meta-layouts":"default","ast-page-background-enabled":"default","ast-page-background-meta":{"desktop":{"background-color":"var(--ast-global-color-4)","background-image":"","background-repeat":"repeat","background-position":"center center","background-size":"auto","background-attachment":"scroll","background-type":"","background-media":"","overlay-type":"","overlay-color":"","overlay-opacity":"","overlay-gradient":""},"tablet":{"background-color":"","background-image":"","background-repeat":"repeat","background-position":"center center","background-size":"auto","background-attachment":"scroll","background-type":"","background-media":"","overlay-type":"","overlay-color":"","overlay-opacity":"","overlay-gradient":""},"mobile":{"background-color":"","background-image":"","background-repeat":"repeat","background-position":"center center","background-size":"auto","background-attachment":"scroll","background-type":"","background-media":"","overlay-type":"","overlay-color":"","overlay-opacity":"","overlay-gradient":""}},"ast-content-background-meta":{"desktop":{"background-color":"var(--ast-global-color-5)","background-image":"","background-repeat":"repeat","background-position":"center center","background-size":"auto","background-attachment":"scroll","background-type":"","background-media":"","overlay-type":"","overlay-color":"","overlay-opacity":"","overlay-gradient":""},"tablet":{"background-color":"var(--ast-global-color-5)","background-image":"","background-repeat":"repeat","background-position":"center center","background-size":"auto","background-attachment":"scroll","background-type":"","background-media":"","overlay-type":"","overlay-color":"","overlay-opacity":"","overlay-gradient":""},"mobile":{"background-color":"var(--ast-global-color-5)","background-image":"","background-repeat":"repeat","background-position":"center center","background-size":"auto","background-attachment":"scroll","background-type":"","background-media":"","overlay-type":"","overlay-color":"","overlay-opacity":"","overlay-gradient":""}},"footnotes":""},"categories":[78],"tags":[],"class_list":["post-17584","post","type-post","status-publish","format-standard","hentry","category-promocio-2014"],"post_mailing_queue_ids":[],"_links":{"self":[{"href":"https:\/\/agora.xtec.cat\/ceipflama\/wp-json\/wp\/v2\/posts\/17584","targetHints":{"allow":["GET"]}}],"collection":[{"href":"https:\/\/agora.xtec.cat\/ceipflama\/wp-json\/wp\/v2\/posts"}],"about":[{"href":"https:\/\/agora.xtec.cat\/ceipflama\/wp-json\/wp\/v2\/types\/post"}],"author":[{"embeddable":true,"href":"https:\/\/agora.xtec.cat\/ceipflama\/wp-json\/wp\/v2\/users\/17"}],"replies":[{"embeddable":true,"href":"https:\/\/agora.xtec.cat\/ceipflama\/wp-json\/wp\/v2\/comments?post=17584"}],"version-history":[{"count":3,"href":"https:\/\/agora.xtec.cat\/ceipflama\/wp-json\/wp\/v2\/posts\/17584\/revisions"}],"predecessor-version":[{"id":17607,"href":"https:\/\/agora.xtec.cat\/ceipflama\/wp-json\/wp\/v2\/posts\/17584\/revisions\/17607"}],"wp:attachment":[{"href":"https:\/\/agora.xtec.cat\/ceipflama\/wp-json\/wp\/v2\/media?parent=17584"}],"wp:term":[{"taxonomy":"category","embeddable":true,"href":"https:\/\/agora.xtec.cat\/ceipflama\/wp-json\/wp\/v2\/categories?post=17584"},{"taxonomy":"post_tag","embeddable":true,"href":"https:\/\/agora.xtec.cat\/ceipflama\/wp-json\/wp\/v2\/tags?post=17584"}],"curies":[{"name":"wp","href":"https:\/\/api.w.org\/{rel}","templated":true}]}}