{"id":17094,"date":"2022-06-21T17:20:32","date_gmt":"2022-06-21T15:20:32","guid":{"rendered":"https:\/\/agora.xtec.cat\/ceipflama\/?p=17094"},"modified":"2022-06-21T17:20:32","modified_gmt":"2022-06-21T15:20:32","slug":"inflables-cano-descuma-musica-i-rialles","status":"publish","type":"post","link":"https:\/\/agora.xtec.cat\/ceipflama\/promocio-2016\/inflables-cano-descuma-musica-i-rialles\/","title":{"rendered":"INFLABLES, CAN\u00d3 D&#8217;ESCUMA, M\u00daSICA I RIALLES!"},"content":{"rendered":"<p>Hola, fam\u00edlies!<\/p>\n<p>Han sigut mesos d&#8217;aprenentatges, de compartir, de descobrir, d&#8217;investigar, d&#8217;emocions, d&#8217;amistats, de jocs, de moltes viv\u00e8ncies, d&#8217;experi\u00e8ncies, de fer&#8230; Hem caminat junts i hem fet un cam\u00ed ben bonic durant aquest curs!<\/p>\n<p>I\u00a0<span class=\"hiddenSpellError\">toooooooooot<\/span>\u00a0aix\u00f2 viscut s&#8217;ha de celebrar oi? Els nens i nenes d&#8217;educaci\u00f3 infantil hem pogut gaudir d&#8217;un inici de festa de\u00a0fi\u00a0de curs ben divertida. Inflables, can\u00f3 d&#8217;escuma, m\u00fasica, riures i corredisses amb\u00a0<span class=\"hiddenSpellError\">mooooooooooooolta<\/span>\u00a0<span class=\"hiddenSpellError\">mooooooolta<\/span>\u00a0energia! I sabeu\u00a0qu\u00e8\u00a0fam\u00edlies?, com\u00a0que una imatge val m\u00e9s que mil paraules, us animem a\u00a0mirar les fotos amb els vostres fills i filles i a veure si entre tanta escuma sabeu trobar qui s&#8217;amaga\u00a0darrere!<\/p>\n<p>&nbsp;<\/p>\n<p><a href=\"https:\/\/drive.google.com\/drive\/u\/0\/folders\/14SIuitELg8XRb6aUP-AMobd3fMrCo_Fe\"><img loading=\"lazy\" decoding=\"async\" class=\"size-full wp-image-17096 aligncenter\" src=\"https:\/\/agora.xtec.cat\/ceipflama\/wp-content\/uploads\/usu1313\/2022\/06\/festa-escuma-p3.jpg\" alt=\"\" width=\"640\" height=\"480\" srcset=\"https:\/\/agora.xtec.cat\/ceipflama\/wp-content\/uploads\/usu1313\/2022\/06\/festa-escuma-p3.jpg 640w, https:\/\/agora.xtec.cat\/ceipflama\/wp-content\/uploads\/usu1313\/2022\/06\/festa-escuma-p3-300x225.jpg 300w, https:\/\/agora.xtec.cat\/ceipflama\/wp-content\/uploads\/usu1313\/2022\/06\/festa-escuma-p3-200x150.jpg 200w\" sizes=\"auto, (max-width: 640px) 100vw, 640px\" \/><\/a><\/p>\n<p><a href=\"https:\/\/drive.google.com\/drive\/u\/1\/folders\/1-0l1HuhjgPY7ZXRFEfRW8hJ9HhuWga5-\"><img loading=\"lazy\" decoding=\"async\" class=\"size-full wp-image-17095 aligncenter\" src=\"https:\/\/agora.xtec.cat\/ceipflama\/wp-content\/uploads\/usu1313\/2022\/06\/escuma.jpg\" alt=\"\" width=\"1024\" height=\"768\" srcset=\"https:\/\/agora.xtec.cat\/ceipflama\/wp-content\/uploads\/usu1313\/2022\/06\/escuma.jpg 1024w, https:\/\/agora.xtec.cat\/ceipflama\/wp-content\/uploads\/usu1313\/2022\/06\/escuma-300x225.jpg 300w, https:\/\/agora.xtec.cat\/ceipflama\/wp-content\/uploads\/usu1313\/2022\/06\/escuma-768x576.jpg 768w, https:\/\/agora.xtec.cat\/ceipflama\/wp-content\/uploads\/usu1313\/2022\/06\/escuma-200x150.jpg 200w\" sizes=\"auto, (max-width: 1024px) 100vw, 1024px\" \/><\/a><\/p>\n<p>&nbsp;<\/p>\n<p><a href=\"https:\/\/drive.google.com\/drive\/u\/1\/folders\/1LnlTu60TX-gE1jLyCuMRnRYp9di7yBDL\"><img loading=\"lazy\" decoding=\"async\" class=\"wp-image-17097 aligncenter\" src=\"https:\/\/agora.xtec.cat\/ceipflama\/wp-content\/uploads\/usu1313\/2022\/06\/escuma-p5.jpg\" alt=\"\" width=\"720\" height=\"540\" srcset=\"https:\/\/agora.xtec.cat\/ceipflama\/wp-content\/uploads\/usu1313\/2022\/06\/escuma-p5.jpg 640w, https:\/\/agora.xtec.cat\/ceipflama\/wp-content\/uploads\/usu1313\/2022\/06\/escuma-p5-300x225.jpg 300w, https:\/\/agora.xtec.cat\/ceipflama\/wp-content\/uploads\/usu1313\/2022\/06\/escuma-p5-200x150.jpg 200w\" sizes=\"auto, (max-width: 720px) 100vw, 720px\" \/><\/a><\/p>\n<p>&nbsp;<\/p>\n<p>&nbsp;<\/p>\n<p>&nbsp;<\/p>\n","protected":false},"excerpt":{"rendered":"<p>Hola, fam\u00edlies! Han sigut mesos d&#8217;aprenentatges, de compartir, de descobrir, d&#8217;investigar, d&#8217;emocions, d&#8217;amistats, de jocs, de moltes viv\u00e8ncies, d&#8217;experi\u00e8ncies, de fer&#8230; Hem caminat junts i hem fet un cam\u00ed ben bonic durant aquest curs! I\u00a0toooooooooot\u00a0aix\u00f2 viscut s&#8217;ha de celebrar oi? Els nens i nenes d&#8217;educaci\u00f3 infantil hem pogut gaudir d&#8217;un inici de festa de\u00a0fi\u00a0de curs [&hellip;]<\/p>\n","protected":false},"author":32,"featured_media":0,"comment_status":"closed","ping_status":"closed","sticky":false,"template":"","format":"standard","meta":{"_bbp_topic_count":0,"_bbp_reply_count":0,"_bbp_total_topic_count":0,"_bbp_total_reply_count":0,"_bbp_voice_count":0,"_bbp_anonymous_reply_count":0,"_bbp_topic_count_hidden":0,"_bbp_reply_count_hidden":0,"_bbp_forum_subforum_count":0,"site-sidebar-layout":"default","site-content-layout":"","ast-site-content-layout":"","site-content-style":"default","site-sidebar-style":"default","ast-global-header-display":"","ast-banner-title-visibility":"","ast-main-header-display":"","ast-hfb-above-header-display":"","ast-hfb-below-header-display":"","ast-hfb-mobile-header-display":"","site-post-title":"","ast-breadcrumbs-content":"","ast-featured-img":"","footer-sml-layout":"","theme-transparent-header-meta":"","adv-header-id-meta":"","stick-header-meta":"","header-above-stick-meta":"","header-main-stick-meta":"","header-below-stick-meta":"","astra-migrate-meta-layouts":"default","ast-page-background-enabled":"default","ast-page-background-meta":{"desktop":{"background-color":"var(--ast-global-color-4)","background-image":"","background-repeat":"repeat","background-position":"center center","background-size":"auto","background-attachment":"scroll","background-type":"","background-media":"","overlay-type":"","overlay-color":"","overlay-opacity":"","overlay-gradient":""},"tablet":{"background-color":"","background-image":"","background-repeat":"repeat","background-position":"center center","background-size":"auto","background-attachment":"scroll","background-type":"","background-media":"","overlay-type":"","overlay-color":"","overlay-opacity":"","overlay-gradient":""},"mobile":{"background-color":"","background-image":"","background-repeat":"repeat","background-position":"center center","background-size":"auto","background-attachment":"scroll","background-type":"","background-media":"","overlay-type":"","overlay-color":"","overlay-opacity":"","overlay-gradient":""}},"ast-content-background-meta":{"desktop":{"background-color":"var(--ast-global-color-5)","background-image":"","background-repeat":"repeat","background-position":"center center","background-size":"auto","background-attachment":"scroll","background-type":"","background-media":"","overlay-type":"","overlay-color":"","overlay-opacity":"","overlay-gradient":""},"tablet":{"background-color":"var(--ast-global-color-5)","background-image":"","background-repeat":"repeat","background-position":"center center","background-size":"auto","background-attachment":"scroll","background-type":"","background-media":"","overlay-type":"","overlay-color":"","overlay-opacity":"","overlay-gradient":""},"mobile":{"background-color":"var(--ast-global-color-5)","background-image":"","background-repeat":"repeat","background-position":"center center","background-size":"auto","background-attachment":"scroll","background-type":"","background-media":"","overlay-type":"","overlay-color":"","overlay-opacity":"","overlay-gradient":""}},"footnotes":""},"categories":[86,87,88],"tags":[],"class_list":["post-17094","post","type-post","status-publish","format-standard","hentry","category-promocio-2016","category-promocio-2017","category-promocio-2018"],"post_mailing_queue_ids":[],"_links":{"self":[{"href":"https:\/\/agora.xtec.cat\/ceipflama\/wp-json\/wp\/v2\/posts\/17094","targetHints":{"allow":["GET"]}}],"collection":[{"href":"https:\/\/agora.xtec.cat\/ceipflama\/wp-json\/wp\/v2\/posts"}],"about":[{"href":"https:\/\/agora.xtec.cat\/ceipflama\/wp-json\/wp\/v2\/types\/post"}],"author":[{"embeddable":true,"href":"https:\/\/agora.xtec.cat\/ceipflama\/wp-json\/wp\/v2\/users\/32"}],"replies":[{"embeddable":true,"href":"https:\/\/agora.xtec.cat\/ceipflama\/wp-json\/wp\/v2\/comments?post=17094"}],"version-history":[{"count":2,"href":"https:\/\/agora.xtec.cat\/ceipflama\/wp-json\/wp\/v2\/posts\/17094\/revisions"}],"predecessor-version":[{"id":17099,"href":"https:\/\/agora.xtec.cat\/ceipflama\/wp-json\/wp\/v2\/posts\/17094\/revisions\/17099"}],"wp:attachment":[{"href":"https:\/\/agora.xtec.cat\/ceipflama\/wp-json\/wp\/v2\/media?parent=17094"}],"wp:term":[{"taxonomy":"category","embeddable":true,"href":"https:\/\/agora.xtec.cat\/ceipflama\/wp-json\/wp\/v2\/categories?post=17094"},{"taxonomy":"post_tag","embeddable":true,"href":"https:\/\/agora.xtec.cat\/ceipflama\/wp-json\/wp\/v2\/tags?post=17094"}],"curies":[{"name":"wp","href":"https:\/\/api.w.org\/{rel}","templated":true}]}}