{"id":16993,"date":"2022-05-27T16:14:41","date_gmt":"2022-05-27T14:14:41","guid":{"rendered":"https:\/\/agora.xtec.cat\/ceipflama\/?p=16993"},"modified":"2022-05-27T16:14:41","modified_gmt":"2022-05-27T14:14:41","slug":"ens-visita-el-valenti-gubianas","status":"publish","type":"post","link":"https:\/\/agora.xtec.cat\/ceipflama\/promocio-2014\/ens-visita-el-valenti-gubianas\/","title":{"rendered":"ENS VISITA EL VALENT\u00cd GUBIANAS"},"content":{"rendered":"<p>Hola fam\u00edlies,<\/p>\n<p>Aquest mat\u00ed, 27 de maig, ens ha vingut a visitar l&#8217;il\u00b7lustrador Valent\u00ed Gubianas i ens ha explicat coses sobre la seva tasca com a il\u00b7lustrador de contes i llibre. Ell \u00e9s qui ha posat els dibuixos del llibre &#8220;Les meduses presumides&#8221; que estem llegint els nens i nenes de 2n. Hem pogut veure com feia un dibuix en directe i ens l&#8217;ha regalat. Tamb\u00e9 ens ha fet una dedicat\u00f2ria pel nostre llibre. Ens ha agradat molt\u00edssim!<\/p>\n<p style=\"text-align: center;\">Cliqueu el dibuix que ens ha fet i veureu&#8230;<\/p>\n<p><a href=\"https:\/\/drive.google.com\/drive\/folders\/1sHIgc_tzRTf0u7BVqE__PsUz5GQ9UOBl?usp=sharing\"><img loading=\"lazy\" decoding=\"async\" class=\"wp-image-17000 aligncenter\" src=\"https:\/\/agora.xtec.cat\/ceipflama\/wp-content\/uploads\/usu1313\/2022\/05\/Valenti-1024x934.jpg\" alt=\"\" width=\"300\" height=\"274\" srcset=\"https:\/\/agora.xtec.cat\/ceipflama\/wp-content\/uploads\/usu1313\/2022\/05\/Valenti-1024x934.jpg 1024w, https:\/\/agora.xtec.cat\/ceipflama\/wp-content\/uploads\/usu1313\/2022\/05\/Valenti-300x274.jpg 300w, https:\/\/agora.xtec.cat\/ceipflama\/wp-content\/uploads\/usu1313\/2022\/05\/Valenti-768x701.jpg 768w, https:\/\/agora.xtec.cat\/ceipflama\/wp-content\/uploads\/usu1313\/2022\/05\/Valenti-1536x1401.jpg 1536w, https:\/\/agora.xtec.cat\/ceipflama\/wp-content\/uploads\/usu1313\/2022\/05\/Valenti-2048x1868.jpg 2048w\" sizes=\"auto, (max-width: 300px) 100vw, 300px\" \/><\/a><\/p>\n","protected":false},"excerpt":{"rendered":"<p>Hola fam\u00edlies, Aquest mat\u00ed, 27 de maig, ens ha vingut a visitar l&#8217;il\u00b7lustrador Valent\u00ed Gubianas i ens ha explicat coses sobre la seva tasca com a il\u00b7lustrador de contes i llibre. Ell \u00e9s qui ha posat els dibuixos del llibre &#8220;Les meduses presumides&#8221; que estem llegint els nens i nenes de 2n. Hem pogut veure [&hellip;]<\/p>\n","protected":false},"author":2,"featured_media":0,"comment_status":"closed","ping_status":"closed","sticky":false,"template":"","format":"standard","meta":{"_bbp_topic_count":0,"_bbp_reply_count":0,"_bbp_total_topic_count":0,"_bbp_total_reply_count":0,"_bbp_voice_count":0,"_bbp_anonymous_reply_count":0,"_bbp_topic_count_hidden":0,"_bbp_reply_count_hidden":0,"_bbp_forum_subforum_count":0,"site-sidebar-layout":"default","site-content-layout":"","ast-site-content-layout":"","site-content-style":"default","site-sidebar-style":"default","ast-global-header-display":"","ast-banner-title-visibility":"","ast-main-header-display":"","ast-hfb-above-header-display":"","ast-hfb-below-header-display":"","ast-hfb-mobile-header-display":"","site-post-title":"","ast-breadcrumbs-content":"","ast-featured-img":"","footer-sml-layout":"","theme-transparent-header-meta":"","adv-header-id-meta":"","stick-header-meta":"","header-above-stick-meta":"","header-main-stick-meta":"","header-below-stick-meta":"","astra-migrate-meta-layouts":"default","ast-page-background-enabled":"default","ast-page-background-meta":{"desktop":{"background-color":"var(--ast-global-color-4)","background-image":"","background-repeat":"repeat","background-position":"center center","background-size":"auto","background-attachment":"scroll","background-type":"","background-media":"","overlay-type":"","overlay-color":"","overlay-opacity":"","overlay-gradient":""},"tablet":{"background-color":"","background-image":"","background-repeat":"repeat","background-position":"center center","background-size":"auto","background-attachment":"scroll","background-type":"","background-media":"","overlay-type":"","overlay-color":"","overlay-opacity":"","overlay-gradient":""},"mobile":{"background-color":"","background-image":"","background-repeat":"repeat","background-position":"center center","background-size":"auto","background-attachment":"scroll","background-type":"","background-media":"","overlay-type":"","overlay-color":"","overlay-opacity":"","overlay-gradient":""}},"ast-content-background-meta":{"desktop":{"background-color":"var(--ast-global-color-5)","background-image":"","background-repeat":"repeat","background-position":"center center","background-size":"auto","background-attachment":"scroll","background-type":"","background-media":"","overlay-type":"","overlay-color":"","overlay-opacity":"","overlay-gradient":""},"tablet":{"background-color":"var(--ast-global-color-5)","background-image":"","background-repeat":"repeat","background-position":"center center","background-size":"auto","background-attachment":"scroll","background-type":"","background-media":"","overlay-type":"","overlay-color":"","overlay-opacity":"","overlay-gradient":""},"mobile":{"background-color":"var(--ast-global-color-5)","background-image":"","background-repeat":"repeat","background-position":"center center","background-size":"auto","background-attachment":"scroll","background-type":"","background-media":"","overlay-type":"","overlay-color":"","overlay-opacity":"","overlay-gradient":""}},"footnotes":""},"categories":[78],"tags":[],"class_list":["post-16993","post","type-post","status-publish","format-standard","hentry","category-promocio-2014"],"post_mailing_queue_ids":[],"_links":{"self":[{"href":"https:\/\/agora.xtec.cat\/ceipflama\/wp-json\/wp\/v2\/posts\/16993","targetHints":{"allow":["GET"]}}],"collection":[{"href":"https:\/\/agora.xtec.cat\/ceipflama\/wp-json\/wp\/v2\/posts"}],"about":[{"href":"https:\/\/agora.xtec.cat\/ceipflama\/wp-json\/wp\/v2\/types\/post"}],"author":[{"embeddable":true,"href":"https:\/\/agora.xtec.cat\/ceipflama\/wp-json\/wp\/v2\/users\/2"}],"replies":[{"embeddable":true,"href":"https:\/\/agora.xtec.cat\/ceipflama\/wp-json\/wp\/v2\/comments?post=16993"}],"version-history":[{"count":3,"href":"https:\/\/agora.xtec.cat\/ceipflama\/wp-json\/wp\/v2\/posts\/16993\/revisions"}],"predecessor-version":[{"id":17002,"href":"https:\/\/agora.xtec.cat\/ceipflama\/wp-json\/wp\/v2\/posts\/16993\/revisions\/17002"}],"wp:attachment":[{"href":"https:\/\/agora.xtec.cat\/ceipflama\/wp-json\/wp\/v2\/media?parent=16993"}],"wp:term":[{"taxonomy":"category","embeddable":true,"href":"https:\/\/agora.xtec.cat\/ceipflama\/wp-json\/wp\/v2\/categories?post=16993"},{"taxonomy":"post_tag","embeddable":true,"href":"https:\/\/agora.xtec.cat\/ceipflama\/wp-json\/wp\/v2\/tags?post=16993"}],"curies":[{"name":"wp","href":"https:\/\/api.w.org\/{rel}","templated":true}]}}