{"id":16703,"date":"2022-04-22T18:29:01","date_gmt":"2022-04-22T16:29:01","guid":{"rendered":"https:\/\/agora.xtec.cat\/ceipflama\/?p=16703"},"modified":"2022-04-22T18:29:01","modified_gmt":"2022-04-22T16:29:01","slug":"sabeu-qui-es-la-pippi-calcesllargues","status":"publish","type":"post","link":"https:\/\/agora.xtec.cat\/ceipflama\/promocio-2011-6e\/sabeu-qui-es-la-pippi-calcesllargues\/","title":{"rendered":"Sabeu qui \u00e9s la Pippi Calcesllargues?"},"content":{"rendered":"<p>Ja tornem a ser aqu\u00ed i comencem el tercer trimestre plens d&#8217;energia; aix\u00ed que no podia faltar la lectura en el nostre dia a dia. Aquesta setmana hem comen\u00e7at el tercer i \u00faltim llibre de l&#8217;Atrapallibres: la Pippi Calcesllargues. La coneixeu?<\/p>\n<p>La Pippi Calcesllargues o Pippi Langstrump \u00e9s un personatge creat per l&#8217;escriptora sueca Astrid Lindgren. Per\u00f2 sabeu com va n\u00e9ixer? Doncs ara us ho expliquem!<\/p>\n<p style=\"font-family: 'Helvetica Neue', Helvetica, Helvetica, Arial, sans-serif; font-size: 16px;\"><img loading=\"lazy\" decoding=\"async\" class=\"alignright\" src=\"https:\/\/fotos00.noticiasdenavarra.com\/2020\/05\/25\/690x278\/75-aniversario.jpg\" width=\"305\" height=\"199\" \/><\/p>\n<p>&nbsp;<\/p>\n<p><span style=\"font-family: inherit; font-size: 1em;\">Astrid Lindgren va comen\u00e7ar la hist\u00f2ria de la Pippi l&#8217;hivern<\/span><span style=\"font-family: inherit; font-size: 1em;\">\u00a0de\u00a0<\/span><span style=\"font-family: inherit; font-size: 1em;\">1941, quan la seva filla de set anys es trobava al llit malalta i li va demanar que li expliqu\u00e9s un <\/span><span style=\"font-family: inherit; font-size: 1em;\">conte<\/span><span style=\"font-family: inherit; font-size: 1em;\">. Lindgren es va inventar aix\u00ed una hist\u00f2ria molt\u00a0<\/span><span style=\"font-family: inherit; font-size: 1em;\">fantasiosa<\/span><span style=\"font-family: inherit; font-size: 1em;\">, que posteriorment no nom\u00e9s escoltaria la seva filla, sin\u00f3 tamb\u00e9 els amics d&#8217;aquesta. Dos anys despr\u00e9s, Lindgren es va fracturar una cama i va comen\u00e7ar a escriure\u00a0<\/span><\/p>\n<p>el conte, el manuscrit amb el qual va obsequiar a la seva filla com a\u00a0regal\u00a0pel seu des\u00e8\u00a0aniversari. Despr\u00e9s va enviar aquest manuscrit a una editorial, la qual va rebutjar la seva proposta aix\u00ed que va decidir presentar-lo a un certamen literari (s\u00ed, s\u00ed, com els de la Flama) i va ser aqu\u00ed on es va assolir l&#8217;\u00e8xit amb aquesta obra tan divertida.<\/p>\n<p>Anys m\u00e9s tard, als anys setanta, van emetre aquesta s\u00e8rie a la televisi\u00f3. N&#8217;estem segurs que molts de vosaltres haureu vist uns quants cap\u00edtols&#8230; i \u00e9s que qui no recorda a l&#8217;aventurera i divertida Pippi???<\/p>\n<p>Doncs per si alg\u00fa encara no l&#8217;ha vist aqu\u00ed us deixem el primer cap\u00edtol de la s\u00e8rie! Nosaltres continuarem llegint la seva hist\u00f2ria que ens t\u00e9 ben enganxats!<\/p>\n<p><a href=\"https:\/\/youtu.be\/imw7swPht-E\"><img loading=\"lazy\" decoding=\"async\" class=\"wp-image-16704  aligncenter\" src=\"https:\/\/agora.xtec.cat\/ceipflama\/wp-content\/uploads\/usu1313\/2022\/04\/Captura.jpg\" alt=\"\" width=\"399\" height=\"300\" srcset=\"https:\/\/agora.xtec.cat\/ceipflama\/wp-content\/uploads\/usu1313\/2022\/04\/Captura.jpg 786w, https:\/\/agora.xtec.cat\/ceipflama\/wp-content\/uploads\/usu1313\/2022\/04\/Captura-300x226.jpg 300w, https:\/\/agora.xtec.cat\/ceipflama\/wp-content\/uploads\/usu1313\/2022\/04\/Captura-768x577.jpg 768w, https:\/\/agora.xtec.cat\/ceipflama\/wp-content\/uploads\/usu1313\/2022\/04\/Captura-200x150.jpg 200w\" sizes=\"auto, (max-width: 399px) 100vw, 399px\" \/><\/a><\/p>\n","protected":false},"excerpt":{"rendered":"<p>Ja tornem a ser aqu\u00ed i comencem el tercer trimestre plens d&#8217;energia; aix\u00ed que no podia faltar la lectura en el nostre dia a dia. Aquesta setmana hem comen\u00e7at el tercer i \u00faltim llibre de l&#8217;Atrapallibres: la Pippi Calcesllargues. La coneixeu? La Pippi Calcesllargues o Pippi Langstrump \u00e9s un personatge creat per l&#8217;escriptora sueca Astrid [&hellip;]<\/p>\n","protected":false},"author":2,"featured_media":16705,"comment_status":"closed","ping_status":"closed","sticky":false,"template":"","format":"standard","meta":{"_bbp_topic_count":0,"_bbp_reply_count":0,"_bbp_total_topic_count":0,"_bbp_total_reply_count":0,"_bbp_voice_count":0,"_bbp_anonymous_reply_count":0,"_bbp_topic_count_hidden":0,"_bbp_reply_count_hidden":0,"_bbp_forum_subforum_count":0,"site-sidebar-layout":"default","site-content-layout":"","ast-site-content-layout":"","site-content-style":"default","site-sidebar-style":"default","ast-global-header-display":"","ast-banner-title-visibility":"","ast-main-header-display":"","ast-hfb-above-header-display":"","ast-hfb-below-header-display":"","ast-hfb-mobile-header-display":"","site-post-title":"","ast-breadcrumbs-content":"","ast-featured-img":"","footer-sml-layout":"","theme-transparent-header-meta":"","adv-header-id-meta":"","stick-header-meta":"","header-above-stick-meta":"","header-main-stick-meta":"","header-below-stick-meta":"","astra-migrate-meta-layouts":"default","ast-page-background-enabled":"default","ast-page-background-meta":{"desktop":{"background-color":"var(--ast-global-color-4)","background-image":"","background-repeat":"repeat","background-position":"center center","background-size":"auto","background-attachment":"scroll","background-type":"","background-media":"","overlay-type":"","overlay-color":"","overlay-opacity":"","overlay-gradient":""},"tablet":{"background-color":"","background-image":"","background-repeat":"repeat","background-position":"center center","background-size":"auto","background-attachment":"scroll","background-type":"","background-media":"","overlay-type":"","overlay-color":"","overlay-opacity":"","overlay-gradient":""},"mobile":{"background-color":"","background-image":"","background-repeat":"repeat","background-position":"center center","background-size":"auto","background-attachment":"scroll","background-type":"","background-media":"","overlay-type":"","overlay-color":"","overlay-opacity":"","overlay-gradient":""}},"ast-content-background-meta":{"desktop":{"background-color":"var(--ast-global-color-5)","background-image":"","background-repeat":"repeat","background-position":"center center","background-size":"auto","background-attachment":"scroll","background-type":"","background-media":"","overlay-type":"","overlay-color":"","overlay-opacity":"","overlay-gradient":""},"tablet":{"background-color":"var(--ast-global-color-5)","background-image":"","background-repeat":"repeat","background-position":"center center","background-size":"auto","background-attachment":"scroll","background-type":"","background-media":"","overlay-type":"","overlay-color":"","overlay-opacity":"","overlay-gradient":""},"mobile":{"background-color":"var(--ast-global-color-5)","background-image":"","background-repeat":"repeat","background-position":"center center","background-size":"auto","background-attachment":"scroll","background-type":"","background-media":"","overlay-type":"","overlay-color":"","overlay-opacity":"","overlay-gradient":""}},"footnotes":""},"categories":[9],"tags":[],"class_list":["post-16703","post","type-post","status-publish","format-standard","has-post-thumbnail","hentry","category-promocio-2011-6e"],"post_mailing_queue_ids":[],"_links":{"self":[{"href":"https:\/\/agora.xtec.cat\/ceipflama\/wp-json\/wp\/v2\/posts\/16703","targetHints":{"allow":["GET"]}}],"collection":[{"href":"https:\/\/agora.xtec.cat\/ceipflama\/wp-json\/wp\/v2\/posts"}],"about":[{"href":"https:\/\/agora.xtec.cat\/ceipflama\/wp-json\/wp\/v2\/types\/post"}],"author":[{"embeddable":true,"href":"https:\/\/agora.xtec.cat\/ceipflama\/wp-json\/wp\/v2\/users\/2"}],"replies":[{"embeddable":true,"href":"https:\/\/agora.xtec.cat\/ceipflama\/wp-json\/wp\/v2\/comments?post=16703"}],"version-history":[{"count":1,"href":"https:\/\/agora.xtec.cat\/ceipflama\/wp-json\/wp\/v2\/posts\/16703\/revisions"}],"predecessor-version":[{"id":16706,"href":"https:\/\/agora.xtec.cat\/ceipflama\/wp-json\/wp\/v2\/posts\/16703\/revisions\/16706"}],"wp:featuredmedia":[{"embeddable":true,"href":"https:\/\/agora.xtec.cat\/ceipflama\/wp-json\/wp\/v2\/media\/16705"}],"wp:attachment":[{"href":"https:\/\/agora.xtec.cat\/ceipflama\/wp-json\/wp\/v2\/media?parent=16703"}],"wp:term":[{"taxonomy":"category","embeddable":true,"href":"https:\/\/agora.xtec.cat\/ceipflama\/wp-json\/wp\/v2\/categories?post=16703"},{"taxonomy":"post_tag","embeddable":true,"href":"https:\/\/agora.xtec.cat\/ceipflama\/wp-json\/wp\/v2\/tags?post=16703"}],"curies":[{"name":"wp","href":"https:\/\/api.w.org\/{rel}","templated":true}]}}