{"id":16545,"date":"2022-04-04T21:33:08","date_gmt":"2022-04-04T19:33:08","guid":{"rendered":"https:\/\/agora.xtec.cat\/ceipflama\/?p=16545"},"modified":"2022-04-04T21:33:08","modified_gmt":"2022-04-04T19:33:08","slug":"inici-de-la-setmana-cultural-flama-films","status":"publish","type":"post","link":"https:\/\/agora.xtec.cat\/ceipflama\/promocio-2016\/inici-de-la-setmana-cultural-flama-films\/","title":{"rendered":"INICI DE LA SETMANA CULTURAL: FLAMA FILMS!"},"content":{"rendered":"<p style=\"text-align: left;\">Hola fam\u00edlies!<\/p>\n<p style=\"text-align: left;\">Aquesta setmana, com cada curs escolar, celebrem <strong>LA SETMANA CULTURAL<\/strong> de la <em>FLAMA<\/em>! Aquest any va de CINE: <strong>FLAMA FILMS!<\/strong><\/p>\n<p style=\"text-align: left;\">Els nens i nenes i els que no ho som tant, avui en gaudim molt\u00edssim, Una setmana dedicada al tema que es tria a l&#8217;inici de curs per treballar tota l&#8217;escola conjuntament. Hem iniciat aquests dies amb una gran <strong>INAUGURACI\u00d3<\/strong> del cinema. Ens hem sentit com a HOLLYWOOD, amb una catifa vermella on hem acabat desfilant tots i totes per grup classe. Dos infants de cada aula han estat els encarregats tamb\u00e9 d&#8217;anar completant la cartellera del cine de la FLAMA, amb els cartells de les pel\u00b7l\u00edcules que donen nom a cada aula. Tamb\u00e9 hem aprofitat el dia per iniciar el conte de Sant Jordi, cada aula les p\u00e0gines pertinents,\u00a0 d&#8217;una hist\u00f2ria que hem anat creant entre tots els nens i nenes d&#8217;infantil. I espereu perqu\u00e8 tamb\u00e9 hem pogut dibuixar com ha viscut cadasc\u00fa la inauguraci\u00f3 d&#8217;aquesta setmana emocionant! Esperem que gaudiu molt de les imatges!<\/p>\n<p>&nbsp;<\/p>\n<p><a href=\"https:\/\/drive.google.com\/drive\/folders\/135vVcve7GJ6arW29jPhloKMbn-7nQLWR\"><img decoding=\"async\" class=\"aligncenter\" src=\"https:\/\/media.istockphoto.com\/vectors\/cartoon-cinema-concept-interior-card-poster-vector-vector-id896693608?k=20&amp;m=896693608&amp;s=170667a&amp;w=0&amp;h=H6KpdcBq5Y3drnC-VuD8Sh057NN--DJG5QkZUFx7o6s=\" alt=\"Ilustraci\u00f3n de Dibujos Animados Cine Concepto Interior Tarjeta Poster  Vector De y m\u00e1s Vectores Libres de Derechos de Acontecimiento - iStock\" \/><\/a><\/p>\n<p>&nbsp;<\/p>\n<p>&nbsp;<\/p>\n","protected":false},"excerpt":{"rendered":"<p>Hola fam\u00edlies! Aquesta setmana, com cada curs escolar, celebrem LA SETMANA CULTURAL de la FLAMA! Aquest any va de CINE: FLAMA FILMS! Els nens i nenes i els que no ho som tant, avui en gaudim molt\u00edssim, Una setmana dedicada al tema que es tria a l&#8217;inici de curs per treballar tota l&#8217;escola conjuntament. Hem [&hellip;]<\/p>\n","protected":false},"author":32,"featured_media":0,"comment_status":"closed","ping_status":"closed","sticky":false,"template":"","format":"standard","meta":{"_bbp_topic_count":0,"_bbp_reply_count":0,"_bbp_total_topic_count":0,"_bbp_total_reply_count":0,"_bbp_voice_count":0,"_bbp_anonymous_reply_count":0,"_bbp_topic_count_hidden":0,"_bbp_reply_count_hidden":0,"_bbp_forum_subforum_count":0,"site-sidebar-layout":"default","site-content-layout":"","ast-site-content-layout":"","site-content-style":"default","site-sidebar-style":"default","ast-global-header-display":"","ast-banner-title-visibility":"","ast-main-header-display":"","ast-hfb-above-header-display":"","ast-hfb-below-header-display":"","ast-hfb-mobile-header-display":"","site-post-title":"","ast-breadcrumbs-content":"","ast-featured-img":"","footer-sml-layout":"","theme-transparent-header-meta":"","adv-header-id-meta":"","stick-header-meta":"","header-above-stick-meta":"","header-main-stick-meta":"","header-below-stick-meta":"","astra-migrate-meta-layouts":"default","ast-page-background-enabled":"default","ast-page-background-meta":{"desktop":{"background-color":"var(--ast-global-color-4)","background-image":"","background-repeat":"repeat","background-position":"center center","background-size":"auto","background-attachment":"scroll","background-type":"","background-media":"","overlay-type":"","overlay-color":"","overlay-opacity":"","overlay-gradient":""},"tablet":{"background-color":"","background-image":"","background-repeat":"repeat","background-position":"center center","background-size":"auto","background-attachment":"scroll","background-type":"","background-media":"","overlay-type":"","overlay-color":"","overlay-opacity":"","overlay-gradient":""},"mobile":{"background-color":"","background-image":"","background-repeat":"repeat","background-position":"center center","background-size":"auto","background-attachment":"scroll","background-type":"","background-media":"","overlay-type":"","overlay-color":"","overlay-opacity":"","overlay-gradient":""}},"ast-content-background-meta":{"desktop":{"background-color":"var(--ast-global-color-5)","background-image":"","background-repeat":"repeat","background-position":"center center","background-size":"auto","background-attachment":"scroll","background-type":"","background-media":"","overlay-type":"","overlay-color":"","overlay-opacity":"","overlay-gradient":""},"tablet":{"background-color":"var(--ast-global-color-5)","background-image":"","background-repeat":"repeat","background-position":"center center","background-size":"auto","background-attachment":"scroll","background-type":"","background-media":"","overlay-type":"","overlay-color":"","overlay-opacity":"","overlay-gradient":""},"mobile":{"background-color":"var(--ast-global-color-5)","background-image":"","background-repeat":"repeat","background-position":"center center","background-size":"auto","background-attachment":"scroll","background-type":"","background-media":"","overlay-type":"","overlay-color":"","overlay-opacity":"","overlay-gradient":""}},"footnotes":""},"categories":[86],"tags":[],"class_list":["post-16545","post","type-post","status-publish","format-standard","hentry","category-promocio-2016"],"post_mailing_queue_ids":[],"_links":{"self":[{"href":"https:\/\/agora.xtec.cat\/ceipflama\/wp-json\/wp\/v2\/posts\/16545","targetHints":{"allow":["GET"]}}],"collection":[{"href":"https:\/\/agora.xtec.cat\/ceipflama\/wp-json\/wp\/v2\/posts"}],"about":[{"href":"https:\/\/agora.xtec.cat\/ceipflama\/wp-json\/wp\/v2\/types\/post"}],"author":[{"embeddable":true,"href":"https:\/\/agora.xtec.cat\/ceipflama\/wp-json\/wp\/v2\/users\/32"}],"replies":[{"embeddable":true,"href":"https:\/\/agora.xtec.cat\/ceipflama\/wp-json\/wp\/v2\/comments?post=16545"}],"version-history":[{"count":1,"href":"https:\/\/agora.xtec.cat\/ceipflama\/wp-json\/wp\/v2\/posts\/16545\/revisions"}],"predecessor-version":[{"id":16548,"href":"https:\/\/agora.xtec.cat\/ceipflama\/wp-json\/wp\/v2\/posts\/16545\/revisions\/16548"}],"wp:attachment":[{"href":"https:\/\/agora.xtec.cat\/ceipflama\/wp-json\/wp\/v2\/media?parent=16545"}],"wp:term":[{"taxonomy":"category","embeddable":true,"href":"https:\/\/agora.xtec.cat\/ceipflama\/wp-json\/wp\/v2\/categories?post=16545"},{"taxonomy":"post_tag","embeddable":true,"href":"https:\/\/agora.xtec.cat\/ceipflama\/wp-json\/wp\/v2\/tags?post=16545"}],"curies":[{"name":"wp","href":"https:\/\/api.w.org\/{rel}","templated":true}]}}