{"id":16483,"date":"2022-04-07T17:00:07","date_gmt":"2022-04-07T15:00:07","guid":{"rendered":"https:\/\/agora.xtec.cat\/ceipflama\/?p=16483"},"modified":"2022-04-07T18:51:14","modified_gmt":"2022-04-07T16:51:14","slug":"setmana-cultural-dijous","status":"publish","type":"post","link":"https:\/\/agora.xtec.cat\/ceipflama\/promocio-2011-6e\/setmana-cultural-dijous\/","title":{"rendered":"SETMANA CULTURAL &#8211; DIJOUS"},"content":{"rendered":"<p><a href=\"https:\/\/agora.xtec.cat\/ceipflama\/wp-content\/uploads\/usu1313\/2022\/04\/DIJOUS-flama-films.png\"><img loading=\"lazy\" decoding=\"async\" class=\"wp-image-16476 aligncenter\" src=\"https:\/\/agora.xtec.cat\/ceipflama\/wp-content\/uploads\/usu1313\/2022\/04\/DIJOUS-flama-films-1024x276.png\" alt=\"\" width=\"657\" height=\"177\" srcset=\"https:\/\/agora.xtec.cat\/ceipflama\/wp-content\/uploads\/usu1313\/2022\/04\/DIJOUS-flama-films-1024x276.png 1024w, https:\/\/agora.xtec.cat\/ceipflama\/wp-content\/uploads\/usu1313\/2022\/04\/DIJOUS-flama-films-300x81.png 300w, https:\/\/agora.xtec.cat\/ceipflama\/wp-content\/uploads\/usu1313\/2022\/04\/DIJOUS-flama-films-768x207.png 768w, https:\/\/agora.xtec.cat\/ceipflama\/wp-content\/uploads\/usu1313\/2022\/04\/DIJOUS-flama-films.png 1222w\" sizes=\"auto, (max-width: 657px) 100vw, 657px\" \/><\/a><\/p>\n<p>Dijous, <strong>QUART<\/strong> dia de la Setmana Cultural a l&#8217;escola. Avui ja no hem sortit, per\u00f2 ens ho hem passat genial!<\/p>\n<p>Primer de tot hem fet una<strong> GIMCANA CINEMATOGR\u00c0FICA<\/strong> dins de l&#8217;aula. Per parelles, hem anat passant per les diverses activitats ja preparades (<span class=\"hiddenSpellError\">puzzle<\/span>,\u00a0<span class=\"hiddenSpellError\">memory<\/span>, un escapament digital, un\u00a0<span class=\"hiddenSpellError\">time<\/span>\u00a0lapse, una sopa de lletres, etc.) i les hem anat resolent. Algunes ens han costat una mica m\u00e9s i hem hagut de rumiar molt, per\u00f2 les hem pogut aconseguir!<\/p>\n<p>Despr\u00e9s del pati hem fet el<strong> MUNDIAL DE GLOBUS<\/strong>. Per grups classe hem anat al gimn\u00e0s i all\u00e0 hem pogut participar en aquest mundial de globus. Ja ten\u00edem experi\u00e8ncia pr\u00e8via de la sessi\u00f3 d&#8217;educaci\u00f3 f\u00edsica,\u00a0<span class=\"hiddenGreenError\" style=\"padding-bottom: 2px; background-image: url('..\/..\/..\/..\/..\/images\/squiggle_green.png'); background-repeat: repeat-x; background-position: left bottom; cursor: default; color: #000000; font-family: 'Open Sans', Helvetica, Arial, sans-serif; font-size: 16px; font-style: normal; font-variant-ligatures: normal; font-variant-caps: normal; font-weight: 300; letter-spacing: normal; orphans: 2; text-align: start; text-indent: 0px; text-transform: none; white-space: normal; widows: 2; word-spacing: 0px; -webkit-text-stroke-width: 0px; text-decoration-thickness: initial; text-decoration-style: initial; text-decoration-color: initial;\">per\u00f2<\/span>\u00a0ens ha agradat molt\u00edssim!<\/p>\n<p>A la tarda hem fet un taller de <strong>BANDES SONORES<\/strong> al cinema. Ha sigut un moment molt entretingut!<\/p>\n<p>Si voleu veure les fotografies\u00a0<span class=\"hiddenGreenError\" style=\"padding-bottom: 2px; background-image: url('..\/..\/..\/..\/..\/images\/squiggle_green.png'); background-repeat: repeat-x; background-position: left bottom; cursor: default; color: #000000; font-family: 'Open Sans', Helvetica, Arial, sans-serif; font-size: 16px; font-style: normal; font-variant-ligatures: normal; font-variant-caps: normal; font-weight: 300; letter-spacing: normal; orphans: 2; text-align: start; text-indent: 0px; text-transform: none; white-space: normal; widows: 2; word-spacing: 0px; -webkit-text-stroke-width: 0px; text-decoration-thickness: initial; text-decoration-style: initial; text-decoration-color: initial;\">cliqueu<\/span>\u00a0aqu\u00ed:<\/p>\n<p><a href=\"https:\/\/drive.google.com\/drive\/folders\/1wG5NMjgOh6jjvEwyN81SJa9fOy6Hr9R2?usp=sharing\"><img loading=\"lazy\" decoding=\"async\" class=\"wp-image-16469 aligncenter\" src=\"https:\/\/agora.xtec.cat\/ceipflama\/wp-content\/uploads\/usu1313\/2022\/04\/activitats.png\" alt=\"\" width=\"290\" height=\"161\" srcset=\"https:\/\/agora.xtec.cat\/ceipflama\/wp-content\/uploads\/usu1313\/2022\/04\/activitats.png 734w, https:\/\/agora.xtec.cat\/ceipflama\/wp-content\/uploads\/usu1313\/2022\/04\/activitats-300x166.png 300w\" sizes=\"auto, (max-width: 290px) 100vw, 290px\" \/><\/a><\/p>\n","protected":false},"excerpt":{"rendered":"<p>Dijous, QUART dia de la Setmana Cultural a l&#8217;escola. Avui ja no hem sortit, per\u00f2 ens ho hem passat genial! Primer de tot hem fet una GIMCANA CINEMATOGR\u00c0FICA dins de l&#8217;aula. Per parelles, hem anat passant per les diverses activitats ja preparades (puzzle,\u00a0memory, un escapament digital, un\u00a0time\u00a0lapse, una sopa de lletres, etc.) i les hem [&hellip;]<\/p>\n","protected":false},"author":114,"featured_media":0,"comment_status":"closed","ping_status":"closed","sticky":false,"template":"","format":"standard","meta":{"_bbp_topic_count":0,"_bbp_reply_count":0,"_bbp_total_topic_count":0,"_bbp_total_reply_count":0,"_bbp_voice_count":0,"_bbp_anonymous_reply_count":0,"_bbp_topic_count_hidden":0,"_bbp_reply_count_hidden":0,"_bbp_forum_subforum_count":0,"site-sidebar-layout":"default","site-content-layout":"","ast-site-content-layout":"","site-content-style":"default","site-sidebar-style":"default","ast-global-header-display":"","ast-banner-title-visibility":"","ast-main-header-display":"","ast-hfb-above-header-display":"","ast-hfb-below-header-display":"","ast-hfb-mobile-header-display":"","site-post-title":"","ast-breadcrumbs-content":"","ast-featured-img":"","footer-sml-layout":"","theme-transparent-header-meta":"","adv-header-id-meta":"","stick-header-meta":"","header-above-stick-meta":"","header-main-stick-meta":"","header-below-stick-meta":"","astra-migrate-meta-layouts":"default","ast-page-background-enabled":"default","ast-page-background-meta":{"desktop":{"background-color":"var(--ast-global-color-4)","background-image":"","background-repeat":"repeat","background-position":"center center","background-size":"auto","background-attachment":"scroll","background-type":"","background-media":"","overlay-type":"","overlay-color":"","overlay-opacity":"","overlay-gradient":""},"tablet":{"background-color":"","background-image":"","background-repeat":"repeat","background-position":"center center","background-size":"auto","background-attachment":"scroll","background-type":"","background-media":"","overlay-type":"","overlay-color":"","overlay-opacity":"","overlay-gradient":""},"mobile":{"background-color":"","background-image":"","background-repeat":"repeat","background-position":"center center","background-size":"auto","background-attachment":"scroll","background-type":"","background-media":"","overlay-type":"","overlay-color":"","overlay-opacity":"","overlay-gradient":""}},"ast-content-background-meta":{"desktop":{"background-color":"var(--ast-global-color-5)","background-image":"","background-repeat":"repeat","background-position":"center center","background-size":"auto","background-attachment":"scroll","background-type":"","background-media":"","overlay-type":"","overlay-color":"","overlay-opacity":"","overlay-gradient":""},"tablet":{"background-color":"var(--ast-global-color-5)","background-image":"","background-repeat":"repeat","background-position":"center center","background-size":"auto","background-attachment":"scroll","background-type":"","background-media":"","overlay-type":"","overlay-color":"","overlay-opacity":"","overlay-gradient":""},"mobile":{"background-color":"var(--ast-global-color-5)","background-image":"","background-repeat":"repeat","background-position":"center center","background-size":"auto","background-attachment":"scroll","background-type":"","background-media":"","overlay-type":"","overlay-color":"","overlay-opacity":"","overlay-gradient":""}},"footnotes":""},"categories":[9],"tags":[],"class_list":["post-16483","post","type-post","status-publish","format-standard","hentry","category-promocio-2011-6e"],"post_mailing_queue_ids":[],"_links":{"self":[{"href":"https:\/\/agora.xtec.cat\/ceipflama\/wp-json\/wp\/v2\/posts\/16483","targetHints":{"allow":["GET"]}}],"collection":[{"href":"https:\/\/agora.xtec.cat\/ceipflama\/wp-json\/wp\/v2\/posts"}],"about":[{"href":"https:\/\/agora.xtec.cat\/ceipflama\/wp-json\/wp\/v2\/types\/post"}],"author":[{"embeddable":true,"href":"https:\/\/agora.xtec.cat\/ceipflama\/wp-json\/wp\/v2\/users\/114"}],"replies":[{"embeddable":true,"href":"https:\/\/agora.xtec.cat\/ceipflama\/wp-json\/wp\/v2\/comments?post=16483"}],"version-history":[{"count":3,"href":"https:\/\/agora.xtec.cat\/ceipflama\/wp-json\/wp\/v2\/posts\/16483\/revisions"}],"predecessor-version":[{"id":16631,"href":"https:\/\/agora.xtec.cat\/ceipflama\/wp-json\/wp\/v2\/posts\/16483\/revisions\/16631"}],"wp:attachment":[{"href":"https:\/\/agora.xtec.cat\/ceipflama\/wp-json\/wp\/v2\/media?parent=16483"}],"wp:term":[{"taxonomy":"category","embeddable":true,"href":"https:\/\/agora.xtec.cat\/ceipflama\/wp-json\/wp\/v2\/categories?post=16483"},{"taxonomy":"post_tag","embeddable":true,"href":"https:\/\/agora.xtec.cat\/ceipflama\/wp-json\/wp\/v2\/tags?post=16483"}],"curies":[{"name":"wp","href":"https:\/\/api.w.org\/{rel}","templated":true}]}}