{"id":16237,"date":"2022-03-01T11:13:32","date_gmt":"2022-03-01T10:13:32","guid":{"rendered":"https:\/\/agora.xtec.cat\/ceipflama\/?p=16237"},"modified":"2022-03-01T11:14:13","modified_gmt":"2022-03-01T10:14:13","slug":"celebracio-501-anys-escola-flama","status":"publish","type":"post","link":"https:\/\/agora.xtec.cat\/ceipflama\/portada\/celebracio-501-anys-escola-flama\/","title":{"rendered":"CELEBRACI\u00d3 50+1 ANYS ESCOLA FLAMA"},"content":{"rendered":"<p style=\"font-weight: 400;\">Aquest any celebrem els 50 anys de la FLAMA. De fet , havia de ser l\u2019any passat per\u00f2 degut a la pand\u00e8mia, no es va poder fer.<\/p>\n<p style=\"font-weight: 400;\">Per aquest motiu estem preparant diferents activitats i esdeveniments dels que m\u00e9s endavant, us n\u2019anirem informant. Tamb\u00e9 s\u2019est\u00e0 elaborant un llibre amb la col\u00b7laboraci\u00f3 de pares, mestres, i alumnes que han passat per l\u2019escola des de la seva fundaci\u00f3. La Flama va ser tot un referent i amb el llibre, en volem fer mem\u00f2ria. Parlar\u00e0 dels inicis de l\u2019escola (principis dels 70\u2019s) la lluita a contracorrent del qu\u00e8 hi havia establert, apostant per una escola activa, catalana, inclusiva i democr\u00e0tica. Passant per un llarg i dificult\u00f3s cam\u00ed per esdevenir escola p\u00fablica. Adaptant-se als temps i a les noves necessitats de l\u2019escola&#8230; tenint en compte sempre l\u2019ess\u00e8ncia i la personalitat amb qu\u00e8 va ser concebuda.<\/p>\n<p style=\"font-weight: 400;\">Aqu\u00ed teniu la quasi definitiva portada del llibre.<\/p>\n<p><a href=\"https:\/\/agora.xtec.cat\/ceipflama\/wp-content\/uploads\/usu1313\/2022\/03\/portada_llibre.jpg\"><img loading=\"lazy\" decoding=\"async\" class=\"alignnone wp-image-16238\" src=\"https:\/\/agora.xtec.cat\/ceipflama\/wp-content\/uploads\/usu1313\/2022\/03\/portada_llibre-1024x1014.jpg\" alt=\"\" width=\"589\" height=\"583\" srcset=\"https:\/\/agora.xtec.cat\/ceipflama\/wp-content\/uploads\/usu1313\/2022\/03\/portada_llibre-1024x1014.jpg 1024w, https:\/\/agora.xtec.cat\/ceipflama\/wp-content\/uploads\/usu1313\/2022\/03\/portada_llibre-300x297.jpg 300w, https:\/\/agora.xtec.cat\/ceipflama\/wp-content\/uploads\/usu1313\/2022\/03\/portada_llibre-768x760.jpg 768w, https:\/\/agora.xtec.cat\/ceipflama\/wp-content\/uploads\/usu1313\/2022\/03\/portada_llibre.jpg 1366w\" sizes=\"auto, (max-width: 589px) 100vw, 589px\" \/><\/a><\/p>\n","protected":false},"excerpt":{"rendered":"<p>Aquest any celebrem els 50 anys de la FLAMA. De fet , havia de ser l\u2019any passat per\u00f2 degut a la pand\u00e8mia, no es va poder fer. Per aquest motiu estem preparant diferents activitats i esdeveniments dels que m\u00e9s endavant, us n\u2019anirem informant. Tamb\u00e9 s\u2019est\u00e0 elaborant un llibre amb la col\u00b7laboraci\u00f3 de pares, mestres, i [&hellip;]<\/p>\n","protected":false},"author":1,"featured_media":0,"comment_status":"closed","ping_status":"closed","sticky":false,"template":"","format":"standard","meta":{"_bbp_topic_count":0,"_bbp_reply_count":0,"_bbp_total_topic_count":0,"_bbp_total_reply_count":0,"_bbp_voice_count":0,"_bbp_anonymous_reply_count":0,"_bbp_topic_count_hidden":0,"_bbp_reply_count_hidden":0,"_bbp_forum_subforum_count":0,"site-sidebar-layout":"default","site-content-layout":"","ast-site-content-layout":"","site-content-style":"default","site-sidebar-style":"default","ast-global-header-display":"","ast-banner-title-visibility":"","ast-main-header-display":"","ast-hfb-above-header-display":"","ast-hfb-below-header-display":"","ast-hfb-mobile-header-display":"","site-post-title":"","ast-breadcrumbs-content":"","ast-featured-img":"","footer-sml-layout":"","theme-transparent-header-meta":"","adv-header-id-meta":"","stick-header-meta":"","header-above-stick-meta":"","header-main-stick-meta":"","header-below-stick-meta":"","astra-migrate-meta-layouts":"default","ast-page-background-enabled":"default","ast-page-background-meta":{"desktop":{"background-color":"var(--ast-global-color-4)","background-image":"","background-repeat":"repeat","background-position":"center center","background-size":"auto","background-attachment":"scroll","background-type":"","background-media":"","overlay-type":"","overlay-color":"","overlay-opacity":"","overlay-gradient":""},"tablet":{"background-color":"","background-image":"","background-repeat":"repeat","background-position":"center center","background-size":"auto","background-attachment":"scroll","background-type":"","background-media":"","overlay-type":"","overlay-color":"","overlay-opacity":"","overlay-gradient":""},"mobile":{"background-color":"","background-image":"","background-repeat":"repeat","background-position":"center center","background-size":"auto","background-attachment":"scroll","background-type":"","background-media":"","overlay-type":"","overlay-color":"","overlay-opacity":"","overlay-gradient":""}},"ast-content-background-meta":{"desktop":{"background-color":"var(--ast-global-color-5)","background-image":"","background-repeat":"repeat","background-position":"center center","background-size":"auto","background-attachment":"scroll","background-type":"","background-media":"","overlay-type":"","overlay-color":"","overlay-opacity":"","overlay-gradient":""},"tablet":{"background-color":"var(--ast-global-color-5)","background-image":"","background-repeat":"repeat","background-position":"center center","background-size":"auto","background-attachment":"scroll","background-type":"","background-media":"","overlay-type":"","overlay-color":"","overlay-opacity":"","overlay-gradient":""},"mobile":{"background-color":"var(--ast-global-color-5)","background-image":"","background-repeat":"repeat","background-position":"center center","background-size":"auto","background-attachment":"scroll","background-type":"","background-media":"","overlay-type":"","overlay-color":"","overlay-opacity":"","overlay-gradient":""}},"footnotes":""},"categories":[4],"tags":[],"class_list":["post-16237","post","type-post","status-publish","format-standard","hentry","category-portada"],"post_mailing_queue_ids":[],"_links":{"self":[{"href":"https:\/\/agora.xtec.cat\/ceipflama\/wp-json\/wp\/v2\/posts\/16237","targetHints":{"allow":["GET"]}}],"collection":[{"href":"https:\/\/agora.xtec.cat\/ceipflama\/wp-json\/wp\/v2\/posts"}],"about":[{"href":"https:\/\/agora.xtec.cat\/ceipflama\/wp-json\/wp\/v2\/types\/post"}],"author":[{"embeddable":true,"href":"https:\/\/agora.xtec.cat\/ceipflama\/wp-json\/wp\/v2\/users\/1"}],"replies":[{"embeddable":true,"href":"https:\/\/agora.xtec.cat\/ceipflama\/wp-json\/wp\/v2\/comments?post=16237"}],"version-history":[{"count":1,"href":"https:\/\/agora.xtec.cat\/ceipflama\/wp-json\/wp\/v2\/posts\/16237\/revisions"}],"predecessor-version":[{"id":16239,"href":"https:\/\/agora.xtec.cat\/ceipflama\/wp-json\/wp\/v2\/posts\/16237\/revisions\/16239"}],"wp:attachment":[{"href":"https:\/\/agora.xtec.cat\/ceipflama\/wp-json\/wp\/v2\/media?parent=16237"}],"wp:term":[{"taxonomy":"category","embeddable":true,"href":"https:\/\/agora.xtec.cat\/ceipflama\/wp-json\/wp\/v2\/categories?post=16237"},{"taxonomy":"post_tag","embeddable":true,"href":"https:\/\/agora.xtec.cat\/ceipflama\/wp-json\/wp\/v2\/tags?post=16237"}],"curies":[{"name":"wp","href":"https:\/\/api.w.org\/{rel}","templated":true}]}}