{"id":16050,"date":"2022-02-02T16:00:29","date_gmt":"2022-02-02T15:00:29","guid":{"rendered":"https:\/\/agora.xtec.cat\/ceipflama\/?p=16050"},"modified":"2022-02-25T16:46:28","modified_gmt":"2022-02-25T15:46:28","slug":"jornada-de-portes-obertes-2","status":"publish","type":"post","link":"https:\/\/agora.xtec.cat\/ceipflama\/portada\/jornada-de-portes-obertes-2\/","title":{"rendered":"JORNADA DE PORTES OBERTES"},"content":{"rendered":"<p><a href=\"https:\/\/agora.xtec.cat\/ceipflama\/wp-content\/uploads\/usu1313\/2022\/01\/Portes-Obertes-2.jpg\"><img loading=\"lazy\" decoding=\"async\" class=\"alignnone wp-image-16053\" src=\"https:\/\/agora.xtec.cat\/ceipflama\/wp-content\/uploads\/usu1313\/2022\/01\/Portes-Obertes-2-1024x576.jpg\" alt=\"\" width=\"540\" height=\"304\" srcset=\"https:\/\/agora.xtec.cat\/ceipflama\/wp-content\/uploads\/usu1313\/2022\/01\/Portes-Obertes-2-1024x576.jpg 1024w, https:\/\/agora.xtec.cat\/ceipflama\/wp-content\/uploads\/usu1313\/2022\/01\/Portes-Obertes-2-300x169.jpg 300w, https:\/\/agora.xtec.cat\/ceipflama\/wp-content\/uploads\/usu1313\/2022\/01\/Portes-Obertes-2-768x432.jpg 768w, https:\/\/agora.xtec.cat\/ceipflama\/wp-content\/uploads\/usu1313\/2022\/01\/Portes-Obertes-2-1536x864.jpg 1536w, https:\/\/agora.xtec.cat\/ceipflama\/wp-content\/uploads\/usu1313\/2022\/01\/Portes-Obertes-2.jpg 1920w\" sizes=\"auto, (max-width: 540px) 100vw, 540px\" \/><\/a><\/p>\n<h5>LA JORNADA DE PORTES OBERTES SER\u00c0 EL <span style=\"color: #ff6600;\">DISSABTE 26 DE FEBRER.<\/span><\/h5>\n<h4 style=\"text-align: justify;\">Cal que demaneu hora amb antel\u00b7laci\u00f3. ATENCI\u00d3! JA PODEU DEMANAR HORA.<\/h4>\n<h5 style=\"text-align: justify;\">Derivat de la situaci\u00f3 actual us atendrem en grups redu\u00efts de 10 persones al llarg del mat\u00ed, en franges de mitja hora.<\/h5>\n<p style=\"text-align: justify;\">Inicialment us atendrem al pati de l&#8217;escola per respondre els dubtes que tingueu una vegada vista la presentaci\u00f3 inicial de l&#8217;escola.<\/p>\n<p>Properament podreu consultar tota la informaci\u00f3 de la nostra escola en aquesta mateixa p\u00e0gina.<\/p>\n<h4>CONTACTE:<\/h4>\n<table style=\"border-collapse: collapse; width: 100%;\">\n<tbody>\n<tr>\n<td style=\"width: 33.333333333333336%;\"><a href=\"https:\/\/agora.xtec.cat\/ceipflama\/wp-content\/uploads\/usu1313\/2021\/01\/1-1.png\"><img loading=\"lazy\" decoding=\"async\" class=\"alignnone wp-image-14239\" src=\"https:\/\/agora.xtec.cat\/ceipflama\/wp-content\/uploads\/usu1313\/2021\/01\/1-1.png\" alt=\"\" width=\"227\" height=\"223\" \/><\/a><\/td>\n<td style=\"width: 33.333333333333336%;\">\n<h2 style=\"text-align: center;\">93.878.40.20<\/h2>\n<\/td>\n<td style=\"width: 33.333333333333336%;\">\n<h2><span style=\"color: #ff6600;\">HORARI: <\/span><\/h2>\n<h2>9:00h a 16:00h<\/h2>\n<p style=\"text-align: justify;\">\n<\/td>\n<\/tr>\n<\/tbody>\n<\/table>\n","protected":false},"excerpt":{"rendered":"<p>LA JORNADA DE PORTES OBERTES SER\u00c0 EL DISSABTE 26 DE FEBRER. Cal que demaneu hora amb antel\u00b7laci\u00f3. ATENCI\u00d3! JA PODEU DEMANAR HORA. Derivat de la situaci\u00f3 actual us atendrem en grups redu\u00efts de 10 persones al llarg del mat\u00ed, en franges de mitja hora. Inicialment us atendrem al pati de l&#8217;escola per respondre els dubtes [&hellip;]<\/p>\n","protected":false},"author":1,"featured_media":0,"comment_status":"closed","ping_status":"closed","sticky":false,"template":"","format":"standard","meta":{"_bbp_topic_count":0,"_bbp_reply_count":0,"_bbp_total_topic_count":0,"_bbp_total_reply_count":0,"_bbp_voice_count":0,"_bbp_anonymous_reply_count":0,"_bbp_topic_count_hidden":0,"_bbp_reply_count_hidden":0,"_bbp_forum_subforum_count":0,"site-sidebar-layout":"default","site-content-layout":"","ast-site-content-layout":"","site-content-style":"default","site-sidebar-style":"default","ast-global-header-display":"","ast-banner-title-visibility":"","ast-main-header-display":"","ast-hfb-above-header-display":"","ast-hfb-below-header-display":"","ast-hfb-mobile-header-display":"","site-post-title":"","ast-breadcrumbs-content":"","ast-featured-img":"","footer-sml-layout":"","theme-transparent-header-meta":"","adv-header-id-meta":"","stick-header-meta":"","header-above-stick-meta":"","header-main-stick-meta":"","header-below-stick-meta":"","astra-migrate-meta-layouts":"default","ast-page-background-enabled":"default","ast-page-background-meta":{"desktop":{"background-color":"var(--ast-global-color-4)","background-image":"","background-repeat":"repeat","background-position":"center center","background-size":"auto","background-attachment":"scroll","background-type":"","background-media":"","overlay-type":"","overlay-color":"","overlay-opacity":"","overlay-gradient":""},"tablet":{"background-color":"","background-image":"","background-repeat":"repeat","background-position":"center center","background-size":"auto","background-attachment":"scroll","background-type":"","background-media":"","overlay-type":"","overlay-color":"","overlay-opacity":"","overlay-gradient":""},"mobile":{"background-color":"","background-image":"","background-repeat":"repeat","background-position":"center center","background-size":"auto","background-attachment":"scroll","background-type":"","background-media":"","overlay-type":"","overlay-color":"","overlay-opacity":"","overlay-gradient":""}},"ast-content-background-meta":{"desktop":{"background-color":"var(--ast-global-color-5)","background-image":"","background-repeat":"repeat","background-position":"center center","background-size":"auto","background-attachment":"scroll","background-type":"","background-media":"","overlay-type":"","overlay-color":"","overlay-opacity":"","overlay-gradient":""},"tablet":{"background-color":"var(--ast-global-color-5)","background-image":"","background-repeat":"repeat","background-position":"center center","background-size":"auto","background-attachment":"scroll","background-type":"","background-media":"","overlay-type":"","overlay-color":"","overlay-opacity":"","overlay-gradient":""},"mobile":{"background-color":"var(--ast-global-color-5)","background-image":"","background-repeat":"repeat","background-position":"center center","background-size":"auto","background-attachment":"scroll","background-type":"","background-media":"","overlay-type":"","overlay-color":"","overlay-opacity":"","overlay-gradient":""}},"footnotes":""},"categories":[4],"tags":[],"class_list":["post-16050","post","type-post","status-publish","format-standard","hentry","category-portada"],"post_mailing_queue_ids":[],"_links":{"self":[{"href":"https:\/\/agora.xtec.cat\/ceipflama\/wp-json\/wp\/v2\/posts\/16050","targetHints":{"allow":["GET"]}}],"collection":[{"href":"https:\/\/agora.xtec.cat\/ceipflama\/wp-json\/wp\/v2\/posts"}],"about":[{"href":"https:\/\/agora.xtec.cat\/ceipflama\/wp-json\/wp\/v2\/types\/post"}],"author":[{"embeddable":true,"href":"https:\/\/agora.xtec.cat\/ceipflama\/wp-json\/wp\/v2\/users\/1"}],"replies":[{"embeddable":true,"href":"https:\/\/agora.xtec.cat\/ceipflama\/wp-json\/wp\/v2\/comments?post=16050"}],"version-history":[{"count":3,"href":"https:\/\/agora.xtec.cat\/ceipflama\/wp-json\/wp\/v2\/posts\/16050\/revisions"}],"predecessor-version":[{"id":16068,"href":"https:\/\/agora.xtec.cat\/ceipflama\/wp-json\/wp\/v2\/posts\/16050\/revisions\/16068"}],"wp:attachment":[{"href":"https:\/\/agora.xtec.cat\/ceipflama\/wp-json\/wp\/v2\/media?parent=16050"}],"wp:term":[{"taxonomy":"category","embeddable":true,"href":"https:\/\/agora.xtec.cat\/ceipflama\/wp-json\/wp\/v2\/categories?post=16050"},{"taxonomy":"post_tag","embeddable":true,"href":"https:\/\/agora.xtec.cat\/ceipflama\/wp-json\/wp\/v2\/tags?post=16050"}],"curies":[{"name":"wp","href":"https:\/\/api.w.org\/{rel}","templated":true}]}}