{"id":14349,"date":"2021-02-12T15:50:47","date_gmt":"2021-02-12T14:50:47","guid":{"rendered":"http:\/\/agora.xtec.cat\/ceipflama\/?p=14349"},"modified":"2021-02-12T15:50:47","modified_gmt":"2021-02-12T14:50:47","slug":"carnestoltes-9","status":"publish","type":"post","link":"https:\/\/agora.xtec.cat\/ceipflama\/promocio-2015\/carnestoltes-9\/","title":{"rendered":"CARNESTOLTES"},"content":{"rendered":"<p>Hola fam\u00edlies,<\/p>\n<p>Avui ha estat un dia molt especial. Un dia carregat d&#8217;emocions. Aquest mat\u00ed hem arribat tots ben disfressats a l&#8217;escola.<\/p>\n<p>Primer de tot, hem fet una desfilada per tem\u00e0tiques similars a la classe i despr\u00e9s tots els nens i les nenes de la Flama hem baixat al pati a celebrar aquesta festa.<\/p>\n<p>Cada nivell tenia preparada una m\u00fasica i l&#8217;hem ballada davant de tota l&#8217;escola.<\/p>\n<p>Tots\/es ho hem fet molt b\u00e9 i els nens i les nenes de sis\u00e8 ens han fet un discurs s\u00faper divertit.<\/p>\n<p>Hem acabat la festa cremant la Reina Carnestoltes,<\/p>\n<p>A continuaci\u00f3 teniu un recull d&#8217;imatges per poder viure aquesta festa amb els vostres fills\/es. Ens les mirem?<\/p>\n<p><a href=\"https:\/\/drive.google.com\/drive\/folders\/1J1-czGmAxcI9LW33GPYLsrK30Md8dkFo?usp=sharing\"><img loading=\"lazy\" decoding=\"async\" class=\"size-full wp-image-10400 aligncenter\" src=\"https:\/\/agora.xtec.cat\/ceipflama\/wp-content\/uploads\/usu1313\/2020\/02\/carnestoltes.png\" alt=\"\" width=\"500\" height=\"371\" srcset=\"https:\/\/agora.xtec.cat\/ceipflama\/wp-content\/uploads\/usu1313\/2020\/02\/carnestoltes.png 500w, https:\/\/agora.xtec.cat\/ceipflama\/wp-content\/uploads\/usu1313\/2020\/02\/carnestoltes-300x223.png 300w\" sizes=\"auto, (max-width: 500px) 100vw, 500px\" \/><\/a><\/p>\n<p>&nbsp;<\/p>\n<p>&nbsp;<\/p>\n<p>&nbsp;<\/p>\n","protected":false},"excerpt":{"rendered":"<p>Hola fam\u00edlies, Avui ha estat un dia molt especial. Un dia carregat d&#8217;emocions. Aquest mat\u00ed hem arribat tots ben disfressats a l&#8217;escola. Primer de tot, hem fet una desfilada per tem\u00e0tiques similars a la classe i despr\u00e9s tots els nens i les nenes de la Flama hem baixat al pati a celebrar aquesta festa. Cada [&hellip;]<\/p>\n","protected":false},"author":18,"featured_media":14181,"comment_status":"closed","ping_status":"closed","sticky":false,"template":"","format":"standard","meta":{"_bbp_topic_count":0,"_bbp_reply_count":0,"_bbp_total_topic_count":0,"_bbp_total_reply_count":0,"_bbp_voice_count":0,"_bbp_anonymous_reply_count":0,"_bbp_topic_count_hidden":0,"_bbp_reply_count_hidden":0,"_bbp_forum_subforum_count":0,"site-sidebar-layout":"default","site-content-layout":"","ast-site-content-layout":"","site-content-style":"default","site-sidebar-style":"default","ast-global-header-display":"","ast-banner-title-visibility":"","ast-main-header-display":"","ast-hfb-above-header-display":"","ast-hfb-below-header-display":"","ast-hfb-mobile-header-display":"","site-post-title":"","ast-breadcrumbs-content":"","ast-featured-img":"","footer-sml-layout":"","theme-transparent-header-meta":"","adv-header-id-meta":"","stick-header-meta":"","header-above-stick-meta":"","header-main-stick-meta":"","header-below-stick-meta":"","astra-migrate-meta-layouts":"default","ast-page-background-enabled":"default","ast-page-background-meta":{"desktop":{"background-color":"var(--ast-global-color-4)","background-image":"","background-repeat":"repeat","background-position":"center center","background-size":"auto","background-attachment":"scroll","background-type":"","background-media":"","overlay-type":"","overlay-color":"","overlay-opacity":"","overlay-gradient":""},"tablet":{"background-color":"","background-image":"","background-repeat":"repeat","background-position":"center center","background-size":"auto","background-attachment":"scroll","background-type":"","background-media":"","overlay-type":"","overlay-color":"","overlay-opacity":"","overlay-gradient":""},"mobile":{"background-color":"","background-image":"","background-repeat":"repeat","background-position":"center center","background-size":"auto","background-attachment":"scroll","background-type":"","background-media":"","overlay-type":"","overlay-color":"","overlay-opacity":"","overlay-gradient":""}},"ast-content-background-meta":{"desktop":{"background-color":"var(--ast-global-color-5)","background-image":"","background-repeat":"repeat","background-position":"center center","background-size":"auto","background-attachment":"scroll","background-type":"","background-media":"","overlay-type":"","overlay-color":"","overlay-opacity":"","overlay-gradient":""},"tablet":{"background-color":"var(--ast-global-color-5)","background-image":"","background-repeat":"repeat","background-position":"center center","background-size":"auto","background-attachment":"scroll","background-type":"","background-media":"","overlay-type":"","overlay-color":"","overlay-opacity":"","overlay-gradient":""},"mobile":{"background-color":"var(--ast-global-color-5)","background-image":"","background-repeat":"repeat","background-position":"center center","background-size":"auto","background-attachment":"scroll","background-type":"","background-media":"","overlay-type":"","overlay-color":"","overlay-opacity":"","overlay-gradient":""}},"footnotes":""},"categories":[82],"tags":[],"class_list":["post-14349","post","type-post","status-publish","format-standard","has-post-thumbnail","hentry","category-promocio-2015"],"post_mailing_queue_ids":[],"_links":{"self":[{"href":"https:\/\/agora.xtec.cat\/ceipflama\/wp-json\/wp\/v2\/posts\/14349","targetHints":{"allow":["GET"]}}],"collection":[{"href":"https:\/\/agora.xtec.cat\/ceipflama\/wp-json\/wp\/v2\/posts"}],"about":[{"href":"https:\/\/agora.xtec.cat\/ceipflama\/wp-json\/wp\/v2\/types\/post"}],"author":[{"embeddable":true,"href":"https:\/\/agora.xtec.cat\/ceipflama\/wp-json\/wp\/v2\/users\/18"}],"replies":[{"embeddable":true,"href":"https:\/\/agora.xtec.cat\/ceipflama\/wp-json\/wp\/v2\/comments?post=14349"}],"version-history":[{"count":1,"href":"https:\/\/agora.xtec.cat\/ceipflama\/wp-json\/wp\/v2\/posts\/14349\/revisions"}],"predecessor-version":[{"id":14351,"href":"https:\/\/agora.xtec.cat\/ceipflama\/wp-json\/wp\/v2\/posts\/14349\/revisions\/14351"}],"wp:featuredmedia":[{"embeddable":true,"href":"https:\/\/agora.xtec.cat\/ceipflama\/wp-json\/wp\/v2\/media\/14181"}],"wp:attachment":[{"href":"https:\/\/agora.xtec.cat\/ceipflama\/wp-json\/wp\/v2\/media?parent=14349"}],"wp:term":[{"taxonomy":"category","embeddable":true,"href":"https:\/\/agora.xtec.cat\/ceipflama\/wp-json\/wp\/v2\/categories?post=14349"},{"taxonomy":"post_tag","embeddable":true,"href":"https:\/\/agora.xtec.cat\/ceipflama\/wp-json\/wp\/v2\/tags?post=14349"}],"curies":[{"name":"wp","href":"https:\/\/api.w.org\/{rel}","templated":true}]}}