{"id":13538,"date":"2020-10-22T13:23:05","date_gmt":"2020-10-22T11:23:05","guid":{"rendered":"http:\/\/agora.xtec.cat\/ceipflama\/?p=13538"},"modified":"2020-10-22T13:23:05","modified_gmt":"2020-10-22T11:23:05","slug":"lhort-del-joan","status":"publish","type":"post","link":"https:\/\/agora.xtec.cat\/ceipflama\/promocio-2013\/lhort-del-joan\/","title":{"rendered":"L&#8217;HORT DEL JOAN"},"content":{"rendered":"<h3>OBSERVACI\u00d3 D&#8217;ALIMENTS D&#8217;ORIGEN VEGETAL:<\/h3>\n<h3><span style=\"color: #339966;\">Com que estem parlant de l&#8217;alimentaci\u00f3 li vam demanar a un ve\u00ed de la nostra escola si ens deixaria visitar <\/span><span style=\"color: #339966;\">el seu hort i &#8230;amb el seu perm\u00eds, aquest dimarts hi hem anat.\u00a0<\/span><\/h3>\n<h3><span style=\"color: #339966;\">Hem pogut observar tot el qu\u00e8 hi tenia plantat : tom\u00e0quets, alberg\u00ednies negres i blanques, pebrots, mongetes&#8230;\u00a0<\/span><\/h3>\n<h3><span style=\"color: #339966;\">Per collir aquest hivern t\u00e9 preparades cols, br\u00f2quils, enciams, escaroles&#8230;i tamb\u00e9 plantes arom\u00e0tiques<\/span><\/h3>\n<h3><span style=\"color: #808000;\">Tamb\u00e9 hem vist el ramal de la s\u00e8quia, que \u00e9s d&#8217;on treu l&#8217;aigua per regar.\u00a0 Hem vist la barraca on hi guarda les eines i les canyes que serveixen per lligar i aguantar algunes plantes.<\/span><\/h3>\n<h3><span style=\"color: #ff0000;\">Ens ho hem passat molt b\u00e9!! <\/span><\/h3>\n<h3><span style=\"color: #ff0000;\">Cliqueu la seg\u00fcent imatge!<br \/>\n<\/span><\/h3>\n<h5><span style=\"color: #000000;\">MOLTES GR\u00c0CIES SENYOR PAG\u00c9S.<a href=\"https:\/\/drive.google.com\/drive\/folders\/1xVIa4mr6CLm1AstQHeV_SK_zrguJXR2m?usp=sharing\"><img loading=\"lazy\" decoding=\"async\" class=\"alignnone wp-image-13540\" src=\"https:\/\/agora.xtec.cat\/ceipflama\/wp-content\/uploads\/usu1313\/2020\/10\/download.jpg\" alt=\"\" width=\"380\" height=\"216\" \/><\/a><\/span><\/h5>\n","protected":false},"excerpt":{"rendered":"<p>OBSERVACI\u00d3 D&#8217;ALIMENTS D&#8217;ORIGEN VEGETAL: Com que estem parlant de l&#8217;alimentaci\u00f3 li vam demanar a un ve\u00ed de la nostra escola si ens deixaria visitar el seu hort i &#8230;amb el seu perm\u00eds, aquest dimarts hi hem anat.\u00a0 Hem pogut observar tot el qu\u00e8 hi tenia plantat : tom\u00e0quets, alberg\u00ednies negres i blanques, pebrots, mongetes&#8230;\u00a0 Per [&hellip;]<\/p>\n","protected":false},"author":5,"featured_media":11794,"comment_status":"closed","ping_status":"closed","sticky":false,"template":"","format":"standard","meta":{"_bbp_topic_count":0,"_bbp_reply_count":0,"_bbp_total_topic_count":0,"_bbp_total_reply_count":0,"_bbp_voice_count":0,"_bbp_anonymous_reply_count":0,"_bbp_topic_count_hidden":0,"_bbp_reply_count_hidden":0,"_bbp_forum_subforum_count":0,"site-sidebar-layout":"default","site-content-layout":"","ast-site-content-layout":"","site-content-style":"default","site-sidebar-style":"default","ast-global-header-display":"","ast-banner-title-visibility":"","ast-main-header-display":"","ast-hfb-above-header-display":"","ast-hfb-below-header-display":"","ast-hfb-mobile-header-display":"","site-post-title":"","ast-breadcrumbs-content":"","ast-featured-img":"","footer-sml-layout":"","theme-transparent-header-meta":"","adv-header-id-meta":"","stick-header-meta":"","header-above-stick-meta":"","header-main-stick-meta":"","header-below-stick-meta":"","astra-migrate-meta-layouts":"default","ast-page-background-enabled":"default","ast-page-background-meta":{"desktop":{"background-color":"var(--ast-global-color-4)","background-image":"","background-repeat":"repeat","background-position":"center center","background-size":"auto","background-attachment":"scroll","background-type":"","background-media":"","overlay-type":"","overlay-color":"","overlay-opacity":"","overlay-gradient":""},"tablet":{"background-color":"","background-image":"","background-repeat":"repeat","background-position":"center center","background-size":"auto","background-attachment":"scroll","background-type":"","background-media":"","overlay-type":"","overlay-color":"","overlay-opacity":"","overlay-gradient":""},"mobile":{"background-color":"","background-image":"","background-repeat":"repeat","background-position":"center center","background-size":"auto","background-attachment":"scroll","background-type":"","background-media":"","overlay-type":"","overlay-color":"","overlay-opacity":"","overlay-gradient":""}},"ast-content-background-meta":{"desktop":{"background-color":"var(--ast-global-color-5)","background-image":"","background-repeat":"repeat","background-position":"center center","background-size":"auto","background-attachment":"scroll","background-type":"","background-media":"","overlay-type":"","overlay-color":"","overlay-opacity":"","overlay-gradient":""},"tablet":{"background-color":"var(--ast-global-color-5)","background-image":"","background-repeat":"repeat","background-position":"center center","background-size":"auto","background-attachment":"scroll","background-type":"","background-media":"","overlay-type":"","overlay-color":"","overlay-opacity":"","overlay-gradient":""},"mobile":{"background-color":"var(--ast-global-color-5)","background-image":"","background-repeat":"repeat","background-position":"center center","background-size":"auto","background-attachment":"scroll","background-type":"","background-media":"","overlay-type":"","overlay-color":"","overlay-opacity":"","overlay-gradient":""}},"footnotes":""},"categories":[3],"tags":[],"class_list":["post-13538","post","type-post","status-publish","format-standard","has-post-thumbnail","hentry","category-promocio-2013"],"post_mailing_queue_ids":[],"_links":{"self":[{"href":"https:\/\/agora.xtec.cat\/ceipflama\/wp-json\/wp\/v2\/posts\/13538","targetHints":{"allow":["GET"]}}],"collection":[{"href":"https:\/\/agora.xtec.cat\/ceipflama\/wp-json\/wp\/v2\/posts"}],"about":[{"href":"https:\/\/agora.xtec.cat\/ceipflama\/wp-json\/wp\/v2\/types\/post"}],"author":[{"embeddable":true,"href":"https:\/\/agora.xtec.cat\/ceipflama\/wp-json\/wp\/v2\/users\/5"}],"replies":[{"embeddable":true,"href":"https:\/\/agora.xtec.cat\/ceipflama\/wp-json\/wp\/v2\/comments?post=13538"}],"version-history":[{"count":3,"href":"https:\/\/agora.xtec.cat\/ceipflama\/wp-json\/wp\/v2\/posts\/13538\/revisions"}],"predecessor-version":[{"id":13557,"href":"https:\/\/agora.xtec.cat\/ceipflama\/wp-json\/wp\/v2\/posts\/13538\/revisions\/13557"}],"wp:featuredmedia":[{"embeddable":true,"href":"https:\/\/agora.xtec.cat\/ceipflama\/wp-json\/wp\/v2\/media\/11794"}],"wp:attachment":[{"href":"https:\/\/agora.xtec.cat\/ceipflama\/wp-json\/wp\/v2\/media?parent=13538"}],"wp:term":[{"taxonomy":"category","embeddable":true,"href":"https:\/\/agora.xtec.cat\/ceipflama\/wp-json\/wp\/v2\/categories?post=13538"},{"taxonomy":"post_tag","embeddable":true,"href":"https:\/\/agora.xtec.cat\/ceipflama\/wp-json\/wp\/v2\/tags?post=13538"}],"curies":[{"name":"wp","href":"https:\/\/api.w.org\/{rel}","templated":true}]}}