{"id":13077,"date":"2020-06-15T09:00:04","date_gmt":"2020-06-15T07:00:04","guid":{"rendered":"http:\/\/agora.xtec.cat\/ceipflama\/?p=13077"},"modified":"2020-06-14T17:38:31","modified_gmt":"2020-06-14T15:38:31","slug":"viu-lestiu","status":"publish","type":"post","link":"https:\/\/agora.xtec.cat\/ceipflama\/infantil\/viu-lestiu\/","title":{"rendered":"VIU L&#8217;ESTIU!"},"content":{"rendered":"<p style=\"text-align: justify;\">Hola de nou a tots els nens i les nenes d&#8217;educaci\u00f3 Infantil!!<\/p>\n<p style=\"text-align: justify;\">Ara si, que siiiii!! \u00daltima setmana d&#8217;escola, d&#8217;un curs molt diferent al que sempre est\u00e0vem acostumats, per\u00f2 no per ser diferent ha estat pitjor ni millor&#8230; Durant totes aquestes setmanes les mestres hem intentat estar a prop vostre i fer-vos sentir que tots sou molt especials per nosaltres. No parem de dir-vos que us hem trobat molt a faltar, doncs ja sabeu que a totes les mestres ens encanta fer-vos petons i abra\u00e7ades, sentir com ens feu part\u00edceps de la\u00a0 vostra vida i experi\u00e8ncies, i per aquest motiu hem trobat a faltar el vostre caliu, els vostres somriures, les vostres veus&#8230; Avui, us proposem unes quantes propostes perqu\u00e8 feu durant l&#8217;estiu, per\u00f2 ja sabeu que ha part d&#8217;aquestes, podeu deixar volar la imaginaci\u00f3 i en podeu fer moltes m\u00e9s!!\u00a0 Esperem que gaudiu molt de l&#8217;estiu i que al setembre ens podem retrobar i fer-nos tots aquests petons i abra\u00e7ades que tenim guardades al nostre cor per cadascun de vosaltres!!!<\/p>\n<p>CLIQUEU LA IMATGE<\/p>\n<p><a href=\"https:\/\/drive.google.com\/open?id=1xk33n0o4Ifr4fxjvxifch31fj9FSXtrY\"><img loading=\"lazy\" decoding=\"async\" class=\"aligncenter\" src=\"https:\/\/agora.xtec.cat\/esc-ardevol\/wp-content\/uploads\/usu1407\/2019\/06\/deures-estiu.jpg\" alt=\"BON ESTIU | Escola d'Ard\u00e8vol - ZER El Solson\u00e8s\" width=\"276\" height=\"345\" \/><\/a><\/p>\n<p>&nbsp;<\/p>\n","protected":false},"excerpt":{"rendered":"<p>Hola de nou a tots els nens i les nenes d&#8217;educaci\u00f3 Infantil!! Ara si, que siiiii!! \u00daltima setmana d&#8217;escola, d&#8217;un curs molt diferent al que sempre est\u00e0vem acostumats, per\u00f2 no per ser diferent ha estat pitjor ni millor&#8230; Durant totes aquestes setmanes les mestres hem intentat estar a prop vostre i fer-vos sentir que tots [&hellip;]<\/p>\n","protected":false},"author":19,"featured_media":0,"comment_status":"closed","ping_status":"closed","sticky":false,"template":"","format":"standard","meta":{"_bbp_topic_count":0,"_bbp_reply_count":0,"_bbp_total_topic_count":0,"_bbp_total_reply_count":0,"_bbp_voice_count":0,"_bbp_anonymous_reply_count":0,"_bbp_topic_count_hidden":0,"_bbp_reply_count_hidden":0,"_bbp_forum_subforum_count":0,"site-sidebar-layout":"default","site-content-layout":"","ast-site-content-layout":"","site-content-style":"default","site-sidebar-style":"default","ast-global-header-display":"","ast-banner-title-visibility":"","ast-main-header-display":"","ast-hfb-above-header-display":"","ast-hfb-below-header-display":"","ast-hfb-mobile-header-display":"","site-post-title":"","ast-breadcrumbs-content":"","ast-featured-img":"","footer-sml-layout":"","theme-transparent-header-meta":"","adv-header-id-meta":"","stick-header-meta":"","header-above-stick-meta":"","header-main-stick-meta":"","header-below-stick-meta":"","astra-migrate-meta-layouts":"default","ast-page-background-enabled":"default","ast-page-background-meta":{"desktop":{"background-color":"var(--ast-global-color-4)","background-image":"","background-repeat":"repeat","background-position":"center center","background-size":"auto","background-attachment":"scroll","background-type":"","background-media":"","overlay-type":"","overlay-color":"","overlay-opacity":"","overlay-gradient":""},"tablet":{"background-color":"","background-image":"","background-repeat":"repeat","background-position":"center center","background-size":"auto","background-attachment":"scroll","background-type":"","background-media":"","overlay-type":"","overlay-color":"","overlay-opacity":"","overlay-gradient":""},"mobile":{"background-color":"","background-image":"","background-repeat":"repeat","background-position":"center center","background-size":"auto","background-attachment":"scroll","background-type":"","background-media":"","overlay-type":"","overlay-color":"","overlay-opacity":"","overlay-gradient":""}},"ast-content-background-meta":{"desktop":{"background-color":"var(--ast-global-color-5)","background-image":"","background-repeat":"repeat","background-position":"center center","background-size":"auto","background-attachment":"scroll","background-type":"","background-media":"","overlay-type":"","overlay-color":"","overlay-opacity":"","overlay-gradient":""},"tablet":{"background-color":"var(--ast-global-color-5)","background-image":"","background-repeat":"repeat","background-position":"center center","background-size":"auto","background-attachment":"scroll","background-type":"","background-media":"","overlay-type":"","overlay-color":"","overlay-opacity":"","overlay-gradient":""},"mobile":{"background-color":"var(--ast-global-color-5)","background-image":"","background-repeat":"repeat","background-position":"center center","background-size":"auto","background-attachment":"scroll","background-type":"","background-media":"","overlay-type":"","overlay-color":"","overlay-opacity":"","overlay-gradient":""}},"footnotes":""},"categories":[2,78,82,86],"tags":[],"class_list":["post-13077","post","type-post","status-publish","format-standard","hentry","category-infantil","category-promocio-2014","category-promocio-2015","category-promocio-2016"],"post_mailing_queue_ids":[],"_links":{"self":[{"href":"https:\/\/agora.xtec.cat\/ceipflama\/wp-json\/wp\/v2\/posts\/13077","targetHints":{"allow":["GET"]}}],"collection":[{"href":"https:\/\/agora.xtec.cat\/ceipflama\/wp-json\/wp\/v2\/posts"}],"about":[{"href":"https:\/\/agora.xtec.cat\/ceipflama\/wp-json\/wp\/v2\/types\/post"}],"author":[{"embeddable":true,"href":"https:\/\/agora.xtec.cat\/ceipflama\/wp-json\/wp\/v2\/users\/19"}],"replies":[{"embeddable":true,"href":"https:\/\/agora.xtec.cat\/ceipflama\/wp-json\/wp\/v2\/comments?post=13077"}],"version-history":[{"count":3,"href":"https:\/\/agora.xtec.cat\/ceipflama\/wp-json\/wp\/v2\/posts\/13077\/revisions"}],"predecessor-version":[{"id":13097,"href":"https:\/\/agora.xtec.cat\/ceipflama\/wp-json\/wp\/v2\/posts\/13077\/revisions\/13097"}],"wp:attachment":[{"href":"https:\/\/agora.xtec.cat\/ceipflama\/wp-json\/wp\/v2\/media?parent=13077"}],"wp:term":[{"taxonomy":"category","embeddable":true,"href":"https:\/\/agora.xtec.cat\/ceipflama\/wp-json\/wp\/v2\/categories?post=13077"},{"taxonomy":"post_tag","embeddable":true,"href":"https:\/\/agora.xtec.cat\/ceipflama\/wp-json\/wp\/v2\/tags?post=13077"}],"curies":[{"name":"wp","href":"https:\/\/api.w.org\/{rel}","templated":true}]}}