{"id":13041,"date":"2020-06-15T09:50:50","date_gmt":"2020-06-15T07:50:50","guid":{"rendered":"http:\/\/agora.xtec.cat\/ceipflama\/?p=13041"},"modified":"2020-06-13T21:08:22","modified_gmt":"2020-06-13T19:08:22","slug":"biblioestiu","status":"publish","type":"post","link":"https:\/\/agora.xtec.cat\/ceipflama\/promocio-2011-6e\/biblioestiu\/","title":{"rendered":"N\u00ba 10 BIBLIOESTIU!"},"content":{"rendered":"<p>Bon dia a tothom!<\/p>\n<p>Fa quinze dies us vaig posar una petita endevinalla: despr\u00e8s de llegir el conte <span style=\"color: #99cc00;\">&#8220;<\/span><em><span style=\"color: #99cc00;\">el jove cranc&#8221;\u00a0<span style=\"color: #000000;\">\u00a0<\/span><\/span><\/em><span style=\"color: #99cc00;\"><span style=\"color: #000000;\">la majoria sabieu que l&#8217;escriptor era el Gianni Rodari.<\/span><\/span><\/p>\n<p>Era mestre, periodista, pedagog&#8230;i aquest any hauria fet 100 anys.\u00a0 \u00a0 \u00a0 \u00a0 \u00a0 \u00a0 \u00a0 \u00a0 \u00a0 \u00a0 <img loading=\"lazy\" decoding=\"async\" class=\"\" src=\"https:\/\/www.libreriagencana.es\/images\/noticias\/012-es-rodari.jpg\" alt=\"Gianni Rodari: el juego de imaginar | Dinamizalectura\" width=\"145\" height=\"162\" \/><\/p>\n<p>Va escriure molts llibres, alguns adequats per la vostra edat. Els podeu buscar per internet!<\/p>\n<p>Jo avui us proposo aquest<\/p>\n<p><img loading=\"lazy\" decoding=\"async\" class=\"aligncenter\" style=\"font-family: inherit; font-size: 1em;\" src=\"https:\/\/encrypted-tbn0.gstatic.com\/images?q=tbn%3AANd9GcTYDi7T8lHJiB9TIxwV4rnf8GknOO4YQfFX0pYKnBqejAfPmTrd&amp;usqp=CAU\" alt=\"contes per tel\u00e8fon \/ gianni rodari. bcn : joven - Comprar Libros ...\" width=\"217\" height=\"326\" \/><\/p>\n<p>\u00c9s un llibre ple d&#8217;imaginaci\u00f3 i fantasia. Son contes curtets que podeu llegir d&#8217;un sol cop i rellegir moltes vegades.<\/p>\n<p>Si voleu saber perqu\u00e8 t\u00e9 aquest t\u00edtol, haureu de veure aquest v\u00eddeo on l&#8217;Albert Estengre ho explica\u00a0 ?<\/p>\n<p>(L&#8217;he posat a partir del minut 3 perqu\u00e8 les coses que explica abans no s\u00f3n tan interessants)<\/p>\n<p>https:\/\/youtu.be\/ECMdQbHwF8o?t=193<\/p>\n<p>Si aquest estiu gaudiu d&#8217;aquest llibre us proposo que quan hagueu preparat la lectura d&#8217;un conte l&#8217;expliqueu o el llegiu per tel\u00e8fon a alg\u00fa que us vingui de gust.<\/p>\n<p>El dimecres a la portada del Bloc hi haur\u00e0 una selecci\u00f3 de llibres per llegir aquest estiu. US PODEN INTERESSAR!<\/p>\n<p>Per acabar us proposo la lectura d&#8217;aquest conte tan curtet i molt emotiu. Espero que us agradi.<\/p>\n<p>Al Setembre en parlarem ?<\/p>\n<table style=\"background-color: #e5d1eb;\">\n<tbody>\n<tr>\n<td>\n<h3 style=\"text-align: center;\"><span style=\"color: #993366;\">La curta\u00a0hist\u00f2ria dels llibres llargs<\/span><\/h3>\n<p>&nbsp;<\/p>\n<p style=\"text-align: justify;\">Els minillibres estaven tristos. Aquesta vegada, els llibres grans i famosos no nom\u00e9s s&#8217;havien rigut d&#8217;ells, tamb\u00e9 els havien fet fora.<\/p>\n<p style=\"text-align: justify;\">&#8211; Per\u00f2 si gaireb\u00e9 ni se us pot dir llibres. Amb prou feines teniu lletres, i sou tot dibuixos &#8211; havia dit un llibre amb un munt de p\u00e0gines de lletra diminuta.<\/p>\n<p style=\"text-align: justify;\">&#8211; No deixarem que us guardin al nostre costat, a la llibreria. Sou llibres de mentida! -va dir un altre, molt seri\u00f3s i elegant.<\/p>\n<p style=\"text-align: justify;\">Pobres minillibres: no els van deixar cap raconet a les llibreries, ni a les biblioteques. Van acabar amuntegats en golfes i magatzems.<\/p>\n<p style=\"text-align: justify;\">Els llibres grans estaven content\u00edssims. A les llibreries ja nom\u00e9s hi entrava gent adulta i seriosa, perqu\u00e8 ja no hi havia res que atragu\u00e9s als nens.<\/p>\n<p style=\"text-align: justify;\">Tots es quedaven a la porta, i els llibres ja no tenien por de que els agafessin sense cura o de que els arrenquessin i embrutessin les p\u00e0gines.<\/p>\n<p style=\"text-align: justify;\">Van passar els anys, i tots aquells nens que mai havien entrat a cap biblioteca es van fer grans.<\/p>\n<p style=\"text-align: justify;\">&#8211; Ara ja poden entrar a con\u00e8ixer-nos i admirar la nostra saviesa- van pensar els llibres grans.<\/p>\n<p style=\"text-align: justify;\">Per\u00f2 no. Aquests adults que havien crescut sense minillibres no tenien cap inter\u00e8s en els llibres grans. Eren massa llargs! Com podrien llegir tantes p\u00e0gines de cop, si mai havien llegit res?<\/p>\n<p style=\"text-align: justify;\">Els llibres grans estaven desesperats. Les llibreries tancaven, les biblioteques semblaven abandonades\u2026 ning\u00fa llegia! Es van reunir tots, van llegir i llegir milions de les seves pr\u00f2pies p\u00e0gines, i van descobrir que nom\u00e9s hi havia una soluci\u00f3: demanar perd\u00f3 als minillibres, fer-los tornar i col\u00b7locar-los als millors prestatges.<\/p>\n<p style=\"text-align: justify;\">I aix\u00ed va ser com van aconseguir salvar-se, fent llegir als nens a poc a poc, perqu\u00e8 creixessin estimant els llibres de tota mena. I perqu\u00e8 ning\u00fa oblid\u00e9s el que havia estat a punt de passar, van escriure la hist\u00f2ria en aquest minillibre, i el regalaren a tots els qui miren els llibres amb poques paraules i plens de dibuixos com si no fossin llibres.<\/p>\n<p style=\"text-align: justify;\"><strong>\u00a0<\/strong><\/p>\n<p style=\"text-align: justify;\">\u00a0 \u00a0 \u00a0 \u00a0 \u00a0 \u00a0 \u00a0 \u00a0 \u00a0 \u00a0 \u00a0 \u00a0 \u00a0 \u00a0 \u00a0 \u00a0 \u00a0 \u00a0 \u00a0 \u00a0 \u00a0 \u00a0 \u00a0 \u00a0 \u00a0 \u00a0 \u00a0 \u00a0 \u00a0 \u00a0 \u00a0 \u00a0 \u00a0 \u00a0 \u00a0 \u00a0 \u00a0 \u00a0 \u00a0 \u00a0 \u00a0 \u00a0 \u00a0 \u00a0 \u00a0 \u00a0 \u00a0 \u00a0 \u00a0 \u00a0 \u00a0 \u00a0 \u00a0 \u00a0 \u00a0 \u00a0 \u00a0 \u00a0 \u00a0 \u00a0 \u00a0 \u00a0 \u00a0 \u00a0 \u00a0 \u00a0 \u00a0 \u00a0 \u00a0 \u00a0 \u00a0 \u00a0 \u00a0 \u00a0 \u00a0 \u00a0 \u00a0 \u00a0 Autor: Pedro Pablo Sacrist\u00e1n<\/p>\n<p style=\"text-align: justify;\">\u00a0 \u00a0 \u00a0 \u00a0 \u00a0 \u00a0 \u00a0 \u00a0 \u00a0 \u00a0 \u00a0 \u00a0 \u00a0 \u00a0 \u00a0 \u00a0 \u00a0 \u00a0 \u00a0 \u00a0 \u00a0 \u00a0 \u00a0 \u00a0 \u00a0 \u00a0 \u00a0 \u00a0 \u00a0 \u00a0 \u00a0 \u00a0 \u00a0 \u00a0 \u00a0 \u00a0 \u00a0 \u00a0 \u00a0 \u00a0 \u00a0 \u00a0 \u00a0 \u00a0 \u00a0 \u00a0 \u00a0 \u00a0 \u00a0 \u00a0 \u00a0 \u00a0 \u00a0 \u00a0 \u00a0 \u00a0 \u00a0 \u00a0 \u00a0 \u00a0 \u00a0 \u00a0 \u00a0 \u00a0 \u00a0 \u00a0 \u00a0 \u00a0 \u00a0 \u00a0 \u00a0 \u00a0 \u00a0 \u00a0 \u00a0 \u00a0 \u00a0 \u00a0 Traductora: Marina Monforte<\/p>\n<p style=\"text-align: justify;\">\n<\/td>\n<\/tr>\n<\/tbody>\n<\/table>\n<p>B\u00e9, i comen\u00e7a l&#8217;estiu<img loading=\"lazy\" decoding=\"async\" class=\"\" src=\"https:\/\/i.pinimg.com\/originals\/8d\/d6\/f1\/8dd6f15be6a33f927d70fa4ce1f0b822.png\" alt=\"Summer Vacation Emoticon | Emojis para whatsapp, Emoticonos ...\" width=\"144\" height=\"132\" \/>Espero que el gaudiu tant com us sigui possible per\u00f2 no oblideu<em><strong><span style=\"color: #ff0000;\"> llegir<span style=\"font-family: inherit; font-size: 1em;\">\u00a0 una estoneta cada dia.<\/span><\/span><\/strong><\/em><\/p>\n<p><img loading=\"lazy\" decoding=\"async\" class=\"aligncenter\" src=\"https:\/\/i.ytimg.com\/vi\/A53VmqrT0lk\/hqdefault.jpg\" alt=\"Besos emotic\u00f3n - YouTube\" width=\"461\" height=\"345\" \/><\/p>\n<p>El meu correu <a href=\"mailto:montsep@escolaflama.cat\">montsep@escolaflama.cat<\/a><\/p>\n","protected":false},"excerpt":{"rendered":"<p>Bon dia a tothom! Fa quinze dies us vaig posar una petita endevinalla: despr\u00e8s de llegir el conte &#8220;el jove cranc&#8221;\u00a0\u00a0la majoria sabieu que l&#8217;escriptor era el Gianni Rodari. Era mestre, periodista, pedagog&#8230;i aquest any hauria fet 100 anys.\u00a0 \u00a0 \u00a0 \u00a0 \u00a0 \u00a0 \u00a0 \u00a0 \u00a0 \u00a0 Va escriure molts llibres, alguns adequats per [&hellip;]<\/p>\n","protected":false},"author":1,"featured_media":0,"comment_status":"closed","ping_status":"closed","sticky":false,"template":"","format":"standard","meta":{"_bbp_topic_count":0,"_bbp_reply_count":0,"_bbp_total_topic_count":0,"_bbp_total_reply_count":0,"_bbp_voice_count":0,"_bbp_anonymous_reply_count":0,"_bbp_topic_count_hidden":0,"_bbp_reply_count_hidden":0,"_bbp_forum_subforum_count":0,"site-sidebar-layout":"default","site-content-layout":"","ast-site-content-layout":"","site-content-style":"default","site-sidebar-style":"default","ast-global-header-display":"","ast-banner-title-visibility":"","ast-main-header-display":"","ast-hfb-above-header-display":"","ast-hfb-below-header-display":"","ast-hfb-mobile-header-display":"","site-post-title":"","ast-breadcrumbs-content":"","ast-featured-img":"","footer-sml-layout":"","theme-transparent-header-meta":"","adv-header-id-meta":"","stick-header-meta":"","header-above-stick-meta":"","header-main-stick-meta":"","header-below-stick-meta":"","astra-migrate-meta-layouts":"default","ast-page-background-enabled":"default","ast-page-background-meta":{"desktop":{"background-color":"var(--ast-global-color-4)","background-image":"","background-repeat":"repeat","background-position":"center center","background-size":"auto","background-attachment":"scroll","background-type":"","background-media":"","overlay-type":"","overlay-color":"","overlay-opacity":"","overlay-gradient":""},"tablet":{"background-color":"","background-image":"","background-repeat":"repeat","background-position":"center center","background-size":"auto","background-attachment":"scroll","background-type":"","background-media":"","overlay-type":"","overlay-color":"","overlay-opacity":"","overlay-gradient":""},"mobile":{"background-color":"","background-image":"","background-repeat":"repeat","background-position":"center center","background-size":"auto","background-attachment":"scroll","background-type":"","background-media":"","overlay-type":"","overlay-color":"","overlay-opacity":"","overlay-gradient":""}},"ast-content-background-meta":{"desktop":{"background-color":"var(--ast-global-color-5)","background-image":"","background-repeat":"repeat","background-position":"center center","background-size":"auto","background-attachment":"scroll","background-type":"","background-media":"","overlay-type":"","overlay-color":"","overlay-opacity":"","overlay-gradient":""},"tablet":{"background-color":"var(--ast-global-color-5)","background-image":"","background-repeat":"repeat","background-position":"center center","background-size":"auto","background-attachment":"scroll","background-type":"","background-media":"","overlay-type":"","overlay-color":"","overlay-opacity":"","overlay-gradient":""},"mobile":{"background-color":"var(--ast-global-color-5)","background-image":"","background-repeat":"repeat","background-position":"center center","background-size":"auto","background-attachment":"scroll","background-type":"","background-media":"","overlay-type":"","overlay-color":"","overlay-opacity":"","overlay-gradient":""}},"footnotes":""},"categories":[10,9],"tags":[],"class_list":["post-13041","post","type-post","status-publish","format-standard","hentry","category-promocio-2010-6e","category-promocio-2011-6e"],"post_mailing_queue_ids":[],"_links":{"self":[{"href":"https:\/\/agora.xtec.cat\/ceipflama\/wp-json\/wp\/v2\/posts\/13041","targetHints":{"allow":["GET"]}}],"collection":[{"href":"https:\/\/agora.xtec.cat\/ceipflama\/wp-json\/wp\/v2\/posts"}],"about":[{"href":"https:\/\/agora.xtec.cat\/ceipflama\/wp-json\/wp\/v2\/types\/post"}],"author":[{"embeddable":true,"href":"https:\/\/agora.xtec.cat\/ceipflama\/wp-json\/wp\/v2\/users\/1"}],"replies":[{"embeddable":true,"href":"https:\/\/agora.xtec.cat\/ceipflama\/wp-json\/wp\/v2\/comments?post=13041"}],"version-history":[{"count":3,"href":"https:\/\/agora.xtec.cat\/ceipflama\/wp-json\/wp\/v2\/posts\/13041\/revisions"}],"predecessor-version":[{"id":13048,"href":"https:\/\/agora.xtec.cat\/ceipflama\/wp-json\/wp\/v2\/posts\/13041\/revisions\/13048"}],"wp:attachment":[{"href":"https:\/\/agora.xtec.cat\/ceipflama\/wp-json\/wp\/v2\/media?parent=13041"}],"wp:term":[{"taxonomy":"category","embeddable":true,"href":"https:\/\/agora.xtec.cat\/ceipflama\/wp-json\/wp\/v2\/categories?post=13041"},{"taxonomy":"post_tag","embeddable":true,"href":"https:\/\/agora.xtec.cat\/ceipflama\/wp-json\/wp\/v2\/tags?post=13041"}],"curies":[{"name":"wp","href":"https:\/\/api.w.org\/{rel}","templated":true}]}}