{"id":12866,"date":"2020-06-15T09:19:05","date_gmt":"2020-06-15T07:19:05","guid":{"rendered":"http:\/\/agora.xtec.cat\/ceipflama\/?p=12866"},"modified":"2020-06-15T09:19:05","modified_gmt":"2020-06-15T07:19:05","slug":"pla-de-treball-10-viatgem-en-el-temps","status":"publish","type":"post","link":"https:\/\/agora.xtec.cat\/ceipflama\/promocio-2011-6e\/pla-de-treball-10-viatgem-en-el-temps\/","title":{"rendered":"PLA DE TREBALL 10: VIATGEM EN EL TEMPS!"},"content":{"rendered":"<h2 style=\"text-align: center;\"><strong>Bon dia tingueu!<\/strong><a href=\"https:\/\/agora.xtec.cat\/ceipflama\/wp-content\/uploads\/usu1313\/2020\/06\/buenos-d\u00edas.png\"><img loading=\"lazy\" decoding=\"async\" class=\"wp-image-12869 aligncenter\" src=\"https:\/\/agora.xtec.cat\/ceipflama\/wp-content\/uploads\/usu1313\/2020\/06\/buenos-d\u00edas.png\" alt=\"\" width=\"345\" height=\"259\" srcset=\"https:\/\/agora.xtec.cat\/ceipflama\/wp-content\/uploads\/usu1313\/2020\/06\/buenos-d\u00edas.png 678w, https:\/\/agora.xtec.cat\/ceipflama\/wp-content\/uploads\/usu1313\/2020\/06\/buenos-d\u00edas-300x225.png 300w, https:\/\/agora.xtec.cat\/ceipflama\/wp-content\/uploads\/usu1313\/2020\/06\/buenos-d\u00edas-200x150.png 200w\" sizes=\"auto, (max-width: 345px) 100vw, 345px\" \/><\/a><\/h2>\n<p style=\"text-align: center;\"><strong>Finalment, hem arribat a la \u00faltima setmana del curs! Si mirem endarrera, veiem que venim d\u2019un viatge que va comen\u00e7ar a mitjans de setembre del 2019, amb il\u00b7lusions dins les maletes i ganes de comen\u00e7ar una nova aventura a l&#8217;escola! Si mirem un xic cap endavant al calendari, veiem que el curs est\u00e0 a punt d\u2019acabar! Durant aquests mesos ens hem fet grans i hem apr\u00e8s un munt de coses! Per\u00f2 parlant de viatjar&#8230;.qu\u00e8 us sembla si aquest cop fem un viatge en el temps?<\/strong><\/p>\n<p style=\"text-align: center;\"><a href=\"https:\/\/agora.xtec.cat\/ceipflama\/wp-content\/uploads\/usu1313\/2020\/06\/rellotge2.jpg\"><img loading=\"lazy\" decoding=\"async\" class=\"aligncenter wp-image-12871 \" src=\"https:\/\/agora.xtec.cat\/ceipflama\/wp-content\/uploads\/usu1313\/2020\/06\/rellotge2-e1591350768540.jpg\" alt=\"\" width=\"264\" height=\"265\" srcset=\"https:\/\/agora.xtec.cat\/ceipflama\/wp-content\/uploads\/usu1313\/2020\/06\/rellotge2-e1591350768540.jpg 435w, https:\/\/agora.xtec.cat\/ceipflama\/wp-content\/uploads\/usu1313\/2020\/06\/rellotge2-e1591350768540-150x150.jpg 150w, https:\/\/agora.xtec.cat\/ceipflama\/wp-content\/uploads\/usu1313\/2020\/06\/rellotge2-e1591350768540-300x300.jpg 300w\" sizes=\"auto, (max-width: 264px) 100vw, 264px\" \/><\/a><\/p>\n<p style=\"text-align: center;\"><strong>D\u2019on venim? Quines s\u00f3n les nostres arrels? Qui som? Qui volem ser de grans? Aquestes s\u00f3n preguntes que ens fan viatjar en el temps&#8230;cap al passat, cap al moment actual, cap al futur&#8230;Som-hi doncs!<\/strong><\/p>\n<p>&nbsp;<\/p>\n<p><strong>REPTE 1: EXPLIQUEM UNA AN\u00c8CTDOTA DE QUAN \u00c9REM PETITS!<\/strong><\/p>\n<p>Tots i totes en algun moment hem sigut petits com un cigr\u00f3! I de mica en mica hem anat creixent acompanyats i acompanyades dels nostres pares, mares, dels avis i \u00e0vies, tiets, tietes, amics, amigues&#8230;<\/p>\n<p>Us reptem a que feu una petita entrevista a algun dels vostres familiars perqu\u00e8 us expliquin alguna an\u00e8cdota de quan \u00e9reu m\u00e9s petits! Si voleu podeu compartir la vostra an\u00e8cdota amb nosaltres enviant-nos un escrit o un v\u00eddeo al nostre correu electr\u00f2nic!<\/p>\n<p><a href=\"https:\/\/agora.xtec.cat\/ceipflama\/wp-content\/uploads\/usu1313\/2020\/06\/generations-e1591351795810.jpg\"><img loading=\"lazy\" decoding=\"async\" class=\" wp-image-12872 aligncenter\" src=\"https:\/\/agora.xtec.cat\/ceipflama\/wp-content\/uploads\/usu1313\/2020\/06\/generations-e1591351795810.jpg\" alt=\"\" width=\"506\" height=\"182\" srcset=\"https:\/\/agora.xtec.cat\/ceipflama\/wp-content\/uploads\/usu1313\/2020\/06\/generations-e1591351795810.jpg 450w, https:\/\/agora.xtec.cat\/ceipflama\/wp-content\/uploads\/usu1313\/2020\/06\/generations-e1591351795810-300x108.jpg 300w\" sizes=\"auto, (max-width: 506px) 100vw, 506px\" \/><\/a><\/p>\n<p><strong>REPTE 2: COM ENS IMAGINEM QUAN TINGUEM 40 ANYS? A QU\u00c8 ENS DEDICAREM?<\/strong><\/p>\n<p>Us reptem a fer un viatge cap al futur!!! Cap als vostres somnis!!!<\/p>\n<p>-Pots fer un DIBUIX de com t\u2019imagines que ser\u00e0s quan tinguis 40 anys?<\/p>\n<p>-Creus que haur\u00e0 canviat molt la teva vida? A qu\u00e8 creus que t\u2019agradaria dedicar-te? EXPLICA\u2019NS resumidament com t\u2019imagines la teva vida quan tinguis 40 anys!<\/p>\n<p><strong><a href=\"https:\/\/agora.xtec.cat\/ceipflama\/wp-content\/uploads\/usu1313\/2020\/06\/evoluci\u00f3-fotos-e1591352099505.jpg\"><img loading=\"lazy\" decoding=\"async\" class=\"wp-image-12873 aligncenter\" src=\"https:\/\/agora.xtec.cat\/ceipflama\/wp-content\/uploads\/usu1313\/2020\/06\/evoluci\u00f3-fotos-e1591352099505-1024x340.jpg\" alt=\"\" width=\"554\" height=\"184\" srcset=\"https:\/\/agora.xtec.cat\/ceipflama\/wp-content\/uploads\/usu1313\/2020\/06\/evoluci\u00f3-fotos-e1591352099505-1024x340.jpg 1024w, https:\/\/agora.xtec.cat\/ceipflama\/wp-content\/uploads\/usu1313\/2020\/06\/evoluci\u00f3-fotos-e1591352099505-300x100.jpg 300w, https:\/\/agora.xtec.cat\/ceipflama\/wp-content\/uploads\/usu1313\/2020\/06\/evoluci\u00f3-fotos-e1591352099505-768x255.jpg 768w, https:\/\/agora.xtec.cat\/ceipflama\/wp-content\/uploads\/usu1313\/2020\/06\/evoluci\u00f3-fotos-e1591352099505.jpg 1261w\" sizes=\"auto, (max-width: 554px) 100vw, 554px\" \/><\/a><\/strong><\/p>\n<p><strong>REPTE 3: QUI \u00c9S QUI?<\/strong><\/p>\n<p>Si cliqueu al seg\u00fcent enlla\u00e7 podreu fer un petit viatge al passat de les vostres mestres! Us reptem a endevinar qui \u00e9s qui! Molta sort!<\/p>\n<p><a href=\"https:\/\/agora.xtec.cat\/ceipflama\/wp-content\/uploads\/usu1313\/2020\/06\/qui.png\"><img loading=\"lazy\" decoding=\"async\" class=\"wp-image-13033 aligncenter\" src=\"https:\/\/agora.xtec.cat\/ceipflama\/wp-content\/uploads\/usu1313\/2020\/06\/qui.png\" alt=\"\" width=\"147\" height=\"157\" srcset=\"https:\/\/agora.xtec.cat\/ceipflama\/wp-content\/uploads\/usu1313\/2020\/06\/qui.png 313w, https:\/\/agora.xtec.cat\/ceipflama\/wp-content\/uploads\/usu1313\/2020\/06\/qui-280x300.png 280w\" sizes=\"auto, (max-width: 147px) 100vw, 147px\" \/><\/a><\/p>\n<p style=\"text-align: center;\"><a href=\"https:\/\/es.educaplay.com\/recursos-educativos\/6084333-qui_es_qui.html\" target=\"_blank\" rel=\"noopener noreferrer\">https:\/\/es.educaplay.com\/recursos-educativos\/6084333-qui_es_qui.html<\/a><\/p>\n<p>A m\u00e9s a m\u00e9s, us deixem l\u2019enlla\u00e7 a 2 jocs per poder-hi jugar online! Veureu que s\u00f3n 2 versions del fam\u00f3s joc \u201cQui \u00e9s qui?\u201d<\/p>\n<p style=\"text-align: center;\"><a href=\"https:\/\/adivina.io\/0\/7\/disney\">https:\/\/adivina.io\/0\/7\/disney<\/a><\/p>\n<p style=\"text-align: center;\"><a href=\"https:\/\/adivina.io\/0\/27\/nickelodeon\">https:\/\/adivina.io\/0\/27\/nickelodeon<\/a><\/p>\n<p>&nbsp;<\/p>\n<p><strong>REPTE 4: TRANSFORMEM QUADRATS EN DIFERENTS OBJECTES!<\/strong><\/p>\n<p>A continuaci\u00f3, veur\u00e0s tot un seguit de quadrats id\u00e8ntics! Per\u00f2 atenci\u00f3, aqu\u00ed ve la part divertida! Podries transformar cadascun d\u2019ells en una cosa totalment diferent? A mesura que avanci el temps i dibuixis, els quadrats ja no seran el que eren! T\u2019hi atreveixes? Deixa volar la teva imaginaci\u00f3! Som-hi!<\/p>\n<p>&nbsp;<\/p>\n<p><a href=\"https:\/\/agora.xtec.cat\/ceipflama\/wp-content\/uploads\/usu1313\/2020\/06\/quadrats.png\"><img loading=\"lazy\" decoding=\"async\" class=\"size-full wp-image-12867 aligncenter\" src=\"https:\/\/agora.xtec.cat\/ceipflama\/wp-content\/uploads\/usu1313\/2020\/06\/quadrats.png\" alt=\"\" width=\"788\" height=\"442\" srcset=\"https:\/\/agora.xtec.cat\/ceipflama\/wp-content\/uploads\/usu1313\/2020\/06\/quadrats.png 788w, https:\/\/agora.xtec.cat\/ceipflama\/wp-content\/uploads\/usu1313\/2020\/06\/quadrats-300x168.png 300w, https:\/\/agora.xtec.cat\/ceipflama\/wp-content\/uploads\/usu1313\/2020\/06\/quadrats-768x431.png 768w\" sizes=\"auto, (max-width: 788px) 100vw, 788px\" \/><\/a><\/p>\n<p>&nbsp;<\/p>\n<p style=\"text-align: center;\">Us deixem amb algun exemple per anar agafant la inspiraci\u00f3! Som-hi! A transformar quadrats artistes!<\/p>\n<p><a href=\"https:\/\/agora.xtec.cat\/ceipflama\/wp-content\/uploads\/usu1313\/2020\/06\/exemples-quadrats.png\"><img loading=\"lazy\" decoding=\"async\" class=\"size-full wp-image-12868 aligncenter\" src=\"https:\/\/agora.xtec.cat\/ceipflama\/wp-content\/uploads\/usu1313\/2020\/06\/exemples-quadrats.png\" alt=\"\" width=\"638\" height=\"192\" srcset=\"https:\/\/agora.xtec.cat\/ceipflama\/wp-content\/uploads\/usu1313\/2020\/06\/exemples-quadrats.png 638w, https:\/\/agora.xtec.cat\/ceipflama\/wp-content\/uploads\/usu1313\/2020\/06\/exemples-quadrats-300x90.png 300w\" sizes=\"auto, (max-width: 638px) 100vw, 638px\" \/><\/a><\/p>\n<p><strong>REPTE 5: RECORDEM MOMENTS DEL CURS!<\/strong><a href=\"https:\/\/agora.xtec.cat\/ceipflama\/wp-content\/uploads\/usu1313\/2020\/06\/v\u00eddeo-e1592048572506.jpg\"><img loading=\"lazy\" decoding=\"async\" class=\"wp-image-13030 aligncenter\" src=\"https:\/\/agora.xtec.cat\/ceipflama\/wp-content\/uploads\/usu1313\/2020\/06\/v\u00eddeo-1024x791.jpg\" alt=\"\" width=\"293\" height=\"226\" \/><\/a>Tenim moltes ganes de compartir amb vosaltres un v\u00eddeo que hem preparat amb molta il\u00b7lusi\u00f3!<\/p>\n<h5><\/h5>\n<h5 style=\"text-align: center;\">Cliqueu <a href=\"https:\/\/drive.google.com\/open?id=1GVPRCJ9a7OkvhbTYL04wLJ2selz3HGUx\" target=\"_blank\" rel=\"noopener noreferrer\">AQU\u00cd<\/a> i us podreu descarregar i veure el v\u00eddeo!<\/h5>\n<p>&nbsp;<\/p>\n<p>Quin bon record guardeu a la mem\u00f2ria d\u2019aquest curs? Ens agradaria que ens expliqu\u00e9ssiu quin ha estat un dels moments m\u00e9s xulos\/bonics\/emocionants\/divertits o d\u2019alguna manera especials per a vosaltres durant aquest curs!<\/p>\n<p>Al v\u00eddeo heu pogut veure algunes fotografies de diferents moments&#8230;potser el vostre moment preferit no ha sortit en cap fotografia&#8230;Ens ho expliqueu per escrit o a trav\u00e9s d\u2019un v\u00eddeo? Esperem les vostres respostes!!!<a href=\"https:\/\/agora.xtec.cat\/ceipflama\/wp-content\/uploads\/usu1313\/2020\/06\/bye.jpg\"><img loading=\"lazy\" decoding=\"async\" class=\"wp-image-13031 aligncenter\" src=\"https:\/\/agora.xtec.cat\/ceipflama\/wp-content\/uploads\/usu1313\/2020\/06\/bye.jpg\" alt=\"\" width=\"178\" height=\"147\" srcset=\"https:\/\/agora.xtec.cat\/ceipflama\/wp-content\/uploads\/usu1313\/2020\/06\/bye.jpg 711w, https:\/\/agora.xtec.cat\/ceipflama\/wp-content\/uploads\/usu1313\/2020\/06\/bye-300x250.jpg 300w\" sizes=\"auto, (max-width: 178px) 100vw, 178px\" \/><\/a><\/p>\n<p style=\"text-align: center;\"><strong>Ja sabeu que ens podeu enviar els vostres reptes a les seg\u00fcents adreces electr\u00f2niques:<\/strong><\/p>\n<p style=\"text-align: center;\">conxita@escolaflama.cat (alumnes de 3r A)<\/p>\n<p style=\"text-align: center;\">victoria@escolaflama.cat (alumnes de 3r B)<\/p>\n<p style=\"text-align: center;\">esterp@escolaflama.cat (alumnes de 4t A\u00a0repte 1,\u00a0repte 2,\u00a0repte 3)<\/p>\n<p style=\"text-align: center;\">helena@escolaflama.cat (alumnes de 4t A\u00a0repte 4\u00a0i\u00a0repte 5)<\/p>\n<p style=\"text-align: center;\">rosaaligue@escolaflama.cat (alumnes de 4t B)<\/p>\n<p><a href=\"https:\/\/agora.xtec.cat\/ceipflama\/wp-content\/uploads\/usu1313\/2020\/06\/rellotge-sorra.png\"><br \/>\n<img loading=\"lazy\" decoding=\"async\" class=\"wp-image-13032 aligncenter\" src=\"https:\/\/agora.xtec.cat\/ceipflama\/wp-content\/uploads\/usu1313\/2020\/06\/rellotge-sorra.png\" alt=\"\" width=\"79\" height=\"148\" srcset=\"https:\/\/agora.xtec.cat\/ceipflama\/wp-content\/uploads\/usu1313\/2020\/06\/rellotge-sorra.png 474w, https:\/\/agora.xtec.cat\/ceipflama\/wp-content\/uploads\/usu1313\/2020\/06\/rellotge-sorra-160x300.png 160w\" sizes=\"auto, (max-width: 79px) 100vw, 79px\" \/><\/a><\/p>\n<p style=\"text-align: center;\">Aprofiteu el temps! Feu que cada dia valgui la pena! Una abra\u00e7ada ben gran!<\/p>\n","protected":false},"excerpt":{"rendered":"<p>Bon dia tingueu! Finalment, hem arribat a la \u00faltima setmana del curs! Si mirem endarrera, veiem que venim d\u2019un viatge que va comen\u00e7ar a mitjans de setembre del 2019, amb il\u00b7lusions dins les maletes i ganes de comen\u00e7ar una nova aventura a l&#8217;escola! Si mirem un xic cap endavant al calendari, veiem que el curs [&hellip;]<\/p>\n","protected":false},"author":1,"featured_media":11794,"comment_status":"closed","ping_status":"closed","sticky":false,"template":"","format":"standard","meta":{"_bbp_topic_count":0,"_bbp_reply_count":0,"_bbp_total_topic_count":0,"_bbp_total_reply_count":0,"_bbp_voice_count":0,"_bbp_anonymous_reply_count":0,"_bbp_topic_count_hidden":0,"_bbp_reply_count_hidden":0,"_bbp_forum_subforum_count":0,"site-sidebar-layout":"default","site-content-layout":"","ast-site-content-layout":"","site-content-style":"default","site-sidebar-style":"default","ast-global-header-display":"","ast-banner-title-visibility":"","ast-main-header-display":"","ast-hfb-above-header-display":"","ast-hfb-below-header-display":"","ast-hfb-mobile-header-display":"","site-post-title":"","ast-breadcrumbs-content":"","ast-featured-img":"","footer-sml-layout":"","theme-transparent-header-meta":"","adv-header-id-meta":"","stick-header-meta":"","header-above-stick-meta":"","header-main-stick-meta":"","header-below-stick-meta":"","astra-migrate-meta-layouts":"default","ast-page-background-enabled":"default","ast-page-background-meta":{"desktop":{"background-color":"var(--ast-global-color-4)","background-image":"","background-repeat":"repeat","background-position":"center center","background-size":"auto","background-attachment":"scroll","background-type":"","background-media":"","overlay-type":"","overlay-color":"","overlay-opacity":"","overlay-gradient":""},"tablet":{"background-color":"","background-image":"","background-repeat":"repeat","background-position":"center center","background-size":"auto","background-attachment":"scroll","background-type":"","background-media":"","overlay-type":"","overlay-color":"","overlay-opacity":"","overlay-gradient":""},"mobile":{"background-color":"","background-image":"","background-repeat":"repeat","background-position":"center center","background-size":"auto","background-attachment":"scroll","background-type":"","background-media":"","overlay-type":"","overlay-color":"","overlay-opacity":"","overlay-gradient":""}},"ast-content-background-meta":{"desktop":{"background-color":"var(--ast-global-color-5)","background-image":"","background-repeat":"repeat","background-position":"center center","background-size":"auto","background-attachment":"scroll","background-type":"","background-media":"","overlay-type":"","overlay-color":"","overlay-opacity":"","overlay-gradient":""},"tablet":{"background-color":"var(--ast-global-color-5)","background-image":"","background-repeat":"repeat","background-position":"center center","background-size":"auto","background-attachment":"scroll","background-type":"","background-media":"","overlay-type":"","overlay-color":"","overlay-opacity":"","overlay-gradient":""},"mobile":{"background-color":"var(--ast-global-color-5)","background-image":"","background-repeat":"repeat","background-position":"center center","background-size":"auto","background-attachment":"scroll","background-type":"","background-media":"","overlay-type":"","overlay-color":"","overlay-opacity":"","overlay-gradient":""}},"footnotes":""},"categories":[10,9],"tags":[],"class_list":["post-12866","post","type-post","status-publish","format-standard","has-post-thumbnail","hentry","category-promocio-2010-6e","category-promocio-2011-6e"],"post_mailing_queue_ids":[],"_links":{"self":[{"href":"https:\/\/agora.xtec.cat\/ceipflama\/wp-json\/wp\/v2\/posts\/12866","targetHints":{"allow":["GET"]}}],"collection":[{"href":"https:\/\/agora.xtec.cat\/ceipflama\/wp-json\/wp\/v2\/posts"}],"about":[{"href":"https:\/\/agora.xtec.cat\/ceipflama\/wp-json\/wp\/v2\/types\/post"}],"author":[{"embeddable":true,"href":"https:\/\/agora.xtec.cat\/ceipflama\/wp-json\/wp\/v2\/users\/1"}],"replies":[{"embeddable":true,"href":"https:\/\/agora.xtec.cat\/ceipflama\/wp-json\/wp\/v2\/comments?post=12866"}],"version-history":[{"count":3,"href":"https:\/\/agora.xtec.cat\/ceipflama\/wp-json\/wp\/v2\/posts\/12866\/revisions"}],"predecessor-version":[{"id":13035,"href":"https:\/\/agora.xtec.cat\/ceipflama\/wp-json\/wp\/v2\/posts\/12866\/revisions\/13035"}],"wp:featuredmedia":[{"embeddable":true,"href":"https:\/\/agora.xtec.cat\/ceipflama\/wp-json\/wp\/v2\/media\/11794"}],"wp:attachment":[{"href":"https:\/\/agora.xtec.cat\/ceipflama\/wp-json\/wp\/v2\/media?parent=12866"}],"wp:term":[{"taxonomy":"category","embeddable":true,"href":"https:\/\/agora.xtec.cat\/ceipflama\/wp-json\/wp\/v2\/categories?post=12866"},{"taxonomy":"post_tag","embeddable":true,"href":"https:\/\/agora.xtec.cat\/ceipflama\/wp-json\/wp\/v2\/tags?post=12866"}],"curies":[{"name":"wp","href":"https:\/\/api.w.org\/{rel}","templated":true}]}}