{"id":12780,"date":"2020-06-01T09:55:51","date_gmt":"2020-06-01T07:55:51","guid":{"rendered":"http:\/\/agora.xtec.cat\/ceipflama\/?p=12780"},"modified":"2020-05-31T21:19:06","modified_gmt":"2020-05-31T19:19:06","slug":"biblioteca-no-8-un-conte-i-un-curt-o-un-conte-curt","status":"publish","type":"post","link":"https:\/\/agora.xtec.cat\/ceipflama\/promocio-2011-6e\/biblioteca-no-8-un-conte-i-un-curt-o-un-conte-curt\/","title":{"rendered":"BIBLIOTECA n\u00ba 8: UN CONTE I UN CURT O UN CONTE CURT!"},"content":{"rendered":"<p>Bon dia a tothom.<\/p>\n<p>Us faig dues propostes:<\/p>\n<p>1- M&#8217;agradaria que mir\u00e9ssiu aquest curt que dura 15 minuts.<\/p>\n<p>En un principi era un \u00e0lbum il\u00b7lustrat i despr\u00e8s van fer la pel\u00b7l\u00edcula.<\/p>\n<p>L&#8217;any 2012 li van donar\u00a0 l&#8217;Oscar (que s\u00f3n els premis de cinema m\u00e9s importants del m\u00f3n) al millor curt d&#8217;animaci\u00f3.<\/p>\n<p>A l&#8217;Escola tenim el llibre i a mi m&#8217;agrada molt explicar-lo.<\/p>\n<p>Com que aquest curs no podr\u00e0 ser, mireu la pel\u00b7l\u00edcula i us explicar\u00e9 el conte el curs vinent, val?<\/p>\n<table style=\"height: 463px; width: 681px; background-color: #f2f207;\">\n<tbody>\n<tr>\n<td style=\"width: 676px;\">Una mica d&#8217;argument:<\/p>\n<p>Morris Lessmore estimava les paraules.<\/p>\n<p>Estimava les hist\u00f2ries.<\/p>\n<p>Estimava els llibres.<\/p>\n<p>La seva vida era un llibre escrit per ell mateix,<\/p>\n<p>p\u00e0gina a p\u00e0gina.<\/p>\n<p>L\u2019obria cada mat\u00ed i escrivia sobre les seves<\/p>\n<p>alegries i tristeses,<\/p>\n<p>sobre tot el que havia apr\u00e8s i tot el que havia desitjat.<\/p>\n<p><span style=\"color: #800000;\"><em>Molts de vosaltres tamb\u00e9 esteu escrivint la vostra llibreta cada dia,oi?<\/em><\/span><\/p>\n<p>L&#8217;autor \u00e9s William Joyce i la m\u00fasica \u00e9s de John Hunter i a i em sembla que li escau molt b\u00e9!<\/td>\n<\/tr>\n<\/tbody>\n<\/table>\n<p>&nbsp;<\/p>\n<p>https:\/\/youtu.be\/G_Slr_-mO_w?t=5<\/p>\n<p>Espero que us hagi agradat tant com a mi!<\/p>\n<h3><span style=\"color: #ff00ff;\"><strong>Cap el final del curt hi surt una nena que entra a la biblioteca, em sabr\u00edeu dir qu\u00e8 us sembla que hi va a fer?<\/strong><\/span><\/h3>\n<p>&nbsp;<\/p>\n<p>2- Podeu llegir aquest conte curtet. Es titula <span style=\"color: #008000;\"><strong>EL JOVE CRANC.<\/strong><\/span><\/p>\n<p>La propera vegada parlarem del seu autor, per\u00f2 us dono una pista per si alg\u00fa l&#8217;encerta:<\/p>\n<ul>\n<li>Aquest escriptor <strong> comparava el seu ofici amb els qui fabriquen joguines ( <\/strong>pista for\u00e7a dif\u00edcil<strong>)<\/strong><\/li>\n<li><strong>Aquest any es celebra el centenari del seu naixement (<\/strong>aquesta \u00e9s m\u00e9s f\u00e0cil)<\/li>\n<li><strong>El seu nom comen\u00e7a per G i el seu cognom per R (\u00a0<\/strong>ja no dic res m\u00e9s)<\/li>\n<\/ul>\n<p>El conte diu aix\u00ed:<\/p>\n<table style=\"background-color: #1ae8de;\">\n<tbody>\n<tr>\n<td>Un jove cranc va pensar: \u201cPer qu\u00e8 a la meva fam\u00edlia tots caminen endarrere? Vull aprendre a caminar endavant com les granotes, i aix\u00ed em caigui la cua si no me&#8217;n surto!\u201d<\/p>\n<p>Va comen\u00e7ar a entrenar-se d&#8217;amagat, entre les pedres del riuet nadiu, i els primers dies acabava esgotat per l&#8217;esfor\u00e7. Topava a tot arreu, es macava la cuirassa i s\u2019entortolligava una pota amb l\u2019altra. Per\u00f2 de mica en mica les coses van anar millor, perqu\u00e8 tot es pot aprendre, si es vol.<\/p>\n<p>Quan va estar segur d&#8217;ell mateix, es va presentar a la seva fam\u00edlia i els va dir:<\/p>\n<p>\u2014Fixeu-vos-hi b\u00e9.<\/p>\n<p>I va fer una magn\u00edfica cursa endavant.<\/p>\n<p>\u2014Fill meu! \u2013 va esclafir en plors la mare\u2014, que se t&#8217;ha girat l\u2019enteniment? Torna en el teu seny, camina tal com t&#8217;han ensenyat el teu pare i la teva mare, camina com els teus germans que tant t&#8217;estimen.<\/p>\n<p>Els seus germans, no obstant aix\u00f2, es petaven de riure.<\/p>\n<p>El pare se&#8217;l va mirar severament i despr\u00e9s va dir:<\/p>\n<p>\u2014Ja n\u2019hi ha prou! Si vols viure amb nosaltres, camina com tots els crancs. Si vols anar a la teva, el riu \u00e9s prou gros: v\u00e9s-te&#8217;n i no tornis m\u00e9s!<\/p>\n<p>El bon cranc s&#8217;estimava els seus familiars, per\u00f2 estava massa segur d&#8217;anar pel bon cam\u00ed com per tenir dubtes: va abra\u00e7ar la mare, va saludar el pare i els germans i se&#8217;n va anar a c\u00f3rrer m\u00f3n.<\/p>\n<p>El seu pas va desvetllar tot seguit la sorpresa d\u2019un grup de granotes que com a bones tafaneres s&#8217;havien reunit al voltant d\u2019una fulla de nen\u00fafar per fer petar la xerrada.<\/p>\n<p>\u2014El m\u00f3n va al rev\u00e9s\u2014 va dir una granota<\/p>\n<p>\u2014Mireu aquell cranc i digueu-me que m\u2019equivoco, si podeu.<\/p>\n<p>\u2014Ja no hi ha respecte!\u2014va dir una altra granota.<\/p>\n<p>\u2014I ara! I ara!\u2014va dir una tercera.<\/p>\n<p><img loading=\"lazy\" decoding=\"async\" class=\"alignright\" src=\"https:\/\/image.freepik.com\/vector-gratis\/dibujos-animados-cangrejo_119631-101.jpg\" alt=\"Dibujos animados de cangrejo | Vector Premium\" width=\"296\" height=\"296\" \/>Per\u00f2 el cranc va tirar endavant, tal com sona, pel seu cam\u00ed. Al cap d\u2019una estona, va sentir que el cridaven.<\/p>\n<p>Era un vell cranc d\u2019expressi\u00f3 melangiosa que s\u2019estava tot sol al costat d\u2019un roc.<\/p>\n<p>\u2014Bon dia\u2014va dir el jove cranc.<\/p>\n<p>El vell el va observar llargament, i li va preguntar:<\/p>\n<p>\u2014Qu\u00e8 et penses que fas? Tamb\u00e9 jo, quan era jove, em pensava que ensenyaria als crancs a caminar endavant. I vet aqu\u00ed qu\u00e8 hi he guanyat: visc tot sol, i la gent es mossegaria la llengua abans de dirigir-me la paraula. Mentre hi siguis a temps, fes-me cas: acontenta\u2019t a fer com els altres i un dia m\u2019agrair\u00e0s el bon consell.<\/p>\n<p>El jove cranc no sabia qu\u00e8 contestar i no va dir ni piu. Per\u00f2 per dintre pensava: \u201cTinc ra\u00f3 jo\u201d.<\/p>\n<p>I tot saludant gentilment el vell, va reprendre orgullosament el seu cam\u00ed.<\/p>\n<p>Anir\u00e0 molt lluny? Far\u00e0 fortuna? Redre\u00e7ar\u00e0 totes les coses tortes d&#8217;aquest m\u00f3n? Nosaltres no ho sabem, perqu\u00e8 ell continua caminant encara amb el mateix coratge i decisi\u00f3 del primer dia. Nom\u00e9s podem desitjar-li de tot cor:<\/p>\n<p>\u2014Bon viatge!<\/td>\n<\/tr>\n<\/tbody>\n<\/table>\n<p>Espero que us agradi i si no l&#8217;heu endevinat, la propera us dir\u00e9 qui \u00e9s aquest escriptor?<\/p>\n<p>El meu correu\u00a0 \u00a0 <a href=\"mailto:montsep@escolaflama.cat\">montsep@escolaflama.cat<\/a><\/p>\n","protected":false},"excerpt":{"rendered":"<p>Bon dia a tothom. Us faig dues propostes: 1- M&#8217;agradaria que mir\u00e9ssiu aquest curt que dura 15 minuts. En un principi era un \u00e0lbum il\u00b7lustrat i despr\u00e8s van fer la pel\u00b7l\u00edcula. L&#8217;any 2012 li van donar\u00a0 l&#8217;Oscar (que s\u00f3n els premis de cinema m\u00e9s importants del m\u00f3n) al millor curt d&#8217;animaci\u00f3. A l&#8217;Escola tenim el [&hellip;]<\/p>\n","protected":false},"author":1,"featured_media":0,"comment_status":"closed","ping_status":"closed","sticky":false,"template":"","format":"standard","meta":{"_bbp_topic_count":0,"_bbp_reply_count":0,"_bbp_total_topic_count":0,"_bbp_total_reply_count":0,"_bbp_voice_count":0,"_bbp_anonymous_reply_count":0,"_bbp_topic_count_hidden":0,"_bbp_reply_count_hidden":0,"_bbp_forum_subforum_count":0,"site-sidebar-layout":"default","site-content-layout":"","ast-site-content-layout":"","site-content-style":"default","site-sidebar-style":"default","ast-global-header-display":"","ast-banner-title-visibility":"","ast-main-header-display":"","ast-hfb-above-header-display":"","ast-hfb-below-header-display":"","ast-hfb-mobile-header-display":"","site-post-title":"","ast-breadcrumbs-content":"","ast-featured-img":"","footer-sml-layout":"","theme-transparent-header-meta":"","adv-header-id-meta":"","stick-header-meta":"","header-above-stick-meta":"","header-main-stick-meta":"","header-below-stick-meta":"","astra-migrate-meta-layouts":"default","ast-page-background-enabled":"default","ast-page-background-meta":{"desktop":{"background-color":"var(--ast-global-color-4)","background-image":"","background-repeat":"repeat","background-position":"center center","background-size":"auto","background-attachment":"scroll","background-type":"","background-media":"","overlay-type":"","overlay-color":"","overlay-opacity":"","overlay-gradient":""},"tablet":{"background-color":"","background-image":"","background-repeat":"repeat","background-position":"center center","background-size":"auto","background-attachment":"scroll","background-type":"","background-media":"","overlay-type":"","overlay-color":"","overlay-opacity":"","overlay-gradient":""},"mobile":{"background-color":"","background-image":"","background-repeat":"repeat","background-position":"center center","background-size":"auto","background-attachment":"scroll","background-type":"","background-media":"","overlay-type":"","overlay-color":"","overlay-opacity":"","overlay-gradient":""}},"ast-content-background-meta":{"desktop":{"background-color":"var(--ast-global-color-5)","background-image":"","background-repeat":"repeat","background-position":"center center","background-size":"auto","background-attachment":"scroll","background-type":"","background-media":"","overlay-type":"","overlay-color":"","overlay-opacity":"","overlay-gradient":""},"tablet":{"background-color":"var(--ast-global-color-5)","background-image":"","background-repeat":"repeat","background-position":"center center","background-size":"auto","background-attachment":"scroll","background-type":"","background-media":"","overlay-type":"","overlay-color":"","overlay-opacity":"","overlay-gradient":""},"mobile":{"background-color":"var(--ast-global-color-5)","background-image":"","background-repeat":"repeat","background-position":"center center","background-size":"auto","background-attachment":"scroll","background-type":"","background-media":"","overlay-type":"","overlay-color":"","overlay-opacity":"","overlay-gradient":""}},"footnotes":""},"categories":[10,9],"tags":[],"class_list":["post-12780","post","type-post","status-publish","format-standard","hentry","category-promocio-2010-6e","category-promocio-2011-6e"],"post_mailing_queue_ids":[],"_links":{"self":[{"href":"https:\/\/agora.xtec.cat\/ceipflama\/wp-json\/wp\/v2\/posts\/12780","targetHints":{"allow":["GET"]}}],"collection":[{"href":"https:\/\/agora.xtec.cat\/ceipflama\/wp-json\/wp\/v2\/posts"}],"about":[{"href":"https:\/\/agora.xtec.cat\/ceipflama\/wp-json\/wp\/v2\/types\/post"}],"author":[{"embeddable":true,"href":"https:\/\/agora.xtec.cat\/ceipflama\/wp-json\/wp\/v2\/users\/1"}],"replies":[{"embeddable":true,"href":"https:\/\/agora.xtec.cat\/ceipflama\/wp-json\/wp\/v2\/comments?post=12780"}],"version-history":[{"count":3,"href":"https:\/\/agora.xtec.cat\/ceipflama\/wp-json\/wp\/v2\/posts\/12780\/revisions"}],"predecessor-version":[{"id":12809,"href":"https:\/\/agora.xtec.cat\/ceipflama\/wp-json\/wp\/v2\/posts\/12780\/revisions\/12809"}],"wp:attachment":[{"href":"https:\/\/agora.xtec.cat\/ceipflama\/wp-json\/wp\/v2\/media?parent=12780"}],"wp:term":[{"taxonomy":"category","embeddable":true,"href":"https:\/\/agora.xtec.cat\/ceipflama\/wp-json\/wp\/v2\/categories?post=12780"},{"taxonomy":"post_tag","embeddable":true,"href":"https:\/\/agora.xtec.cat\/ceipflama\/wp-json\/wp\/v2\/tags?post=12780"}],"curies":[{"name":"wp","href":"https:\/\/api.w.org\/{rel}","templated":true}]}}