{"id":12719,"date":"2020-06-01T10:26:42","date_gmt":"2020-06-01T08:26:42","guid":{"rendered":"http:\/\/agora.xtec.cat\/ceipflama\/?p=12719"},"modified":"2020-06-01T10:26:42","modified_gmt":"2020-06-01T08:26:42","slug":"pla-de-treball-8-2","status":"publish","type":"post","link":"https:\/\/agora.xtec.cat\/ceipflama\/promocio-2013\/pla-de-treball-8-2\/","title":{"rendered":"PLA DE TREBALL 8"},"content":{"rendered":"<h2>Bon dia! Nens i nenes de cicle inicial, aqu\u00ed teniu els reptes de la setmana.<\/h2>\n<h2><span style=\"color: #ff6600;\">REPTE 1<\/span><\/h2>\n<p>Es tracta\u00a0 de fer <span style=\"color: #ff6600;\">SUDOKUS<\/span>, cal retallar els dibuixos i enganxar-los on toca. Rercordeu que no es pot repetir el mateix dibuix a la mateixa fila ni a la mateixa columna. En teniu un munt per fer, \u00e0nims!<\/p>\n<p><a href=\"https:\/\/www.orientacionandujar.es\/wp-content\/uploads\/2019\/07\/cuaderno-1-SUDOKUS-6X6-recorta-y-pega.pdf\">https:\/\/www.orientacionandujar.es\/wp-content\/uploads\/2019\/07\/cuaderno-1-SUDOKUS-6X6-recorta-y-pega.pdf<\/a><\/p>\n<h2><span style=\"color: #ff6600;\">REPTE 2<\/span><\/h2>\n<p>Aqu\u00ed ten\u00e9is unos <span style=\"color: #ff6600;\">CUENTOS Y<\/span><span style=\"color: #ff6600;\">\u00a0ACTIVIDADES<\/span> en castellano para practicar.<\/p>\n<p><a href=\"https:\/\/dylar.us7.list-manage.com\/track\/click?u=f224849216b4704df017eb079&amp;id=6fb9e9754e&amp;e=c5c3a729a4\">https:\/\/dylar.us7.list-manage.com\/track\/click?u=f224849216b4704df017eb079&amp;id=6fb9e9754e&amp;e=c5c3a729a4<\/a><\/p>\n<h2><span style=\"color: #ff6600;\">REPTE 3<\/span><\/h2>\n<p>L&#8217;hora del conte: mireu aquest v\u00eddeo.<\/p>\n<p><a href=\"https:\/\/youtu.be\/epnhxege8DA\">https:\/\/youtu.be\/epnhxege8DA<\/a><\/p>\n<p>Si voleu fer com en Benet, ens podeu explicar la vostra hist\u00f2ria: per fer-ho, podeu dibuixar o construir un collage amb el que veieu des de la vostra finestra: els ve\u00efns, el carrer, els arbres&#8230; feu servir la imaginaci\u00f3 que segur en teniu molta !!!<\/p>\n<h2><span style=\"color: #ff6600;\">REPTE 4\u00a0<\/span><\/h2>\n<p>Fem un <span style=\"color: #ff6600;\">BERENAR<\/span> saludable!!!<\/p>\n<p>Us proposo fer un berenar saludable. Es tracta d&#8217;elaborar- ho, escriure la recepta i enviar-la junt amb la foto del vostre berenar. Amb el recull que en fem dels vostres berenars en farem un llibre ple de receptes saludables i delicioses perqu\u00e8 en pugueu gaudir tota la fam\u00edlia. Endavant cuiners i cuineres!!!<\/p>\n<p>Aqu\u00ed en teniu algunes mostres&#8230;<\/p>\n<p><a href=\"https:\/\/agora.xtec.cat\/ceipflama\/wp-content\/uploads\/usu1313\/2020\/05\/640_15066132921.jpg\"><img loading=\"lazy\" decoding=\"async\" class=\"alignnone wp-image-12721\" src=\"https:\/\/agora.xtec.cat\/ceipflama\/wp-content\/uploads\/usu1313\/2020\/05\/640_15066132921.jpg\" alt=\"\" width=\"120\" height=\"164\" srcset=\"https:\/\/agora.xtec.cat\/ceipflama\/wp-content\/uploads\/usu1313\/2020\/05\/640_15066132921.jpg 640w, https:\/\/agora.xtec.cat\/ceipflama\/wp-content\/uploads\/usu1313\/2020\/05\/640_15066132921-219x300.jpg 219w\" sizes=\"auto, (max-width: 120px) 100vw, 120px\" \/>\u00a0\u00a0\u00a0\u00a0\u00a0\u00a0\u00a0\u00a0\u00a0 <\/a><a href=\"https:\/\/agora.xtec.cat\/ceipflama\/wp-content\/uploads\/usu1313\/2020\/05\/images.jpeg\"><img loading=\"lazy\" decoding=\"async\" class=\"alignnone wp-image-12722\" src=\"https:\/\/agora.xtec.cat\/ceipflama\/wp-content\/uploads\/usu1313\/2020\/05\/images.jpeg\" alt=\"\" width=\"269\" height=\"156\" \/>\u00a0\u00a0\u00a0\u00a0\u00a0\u00a0\u00a0\u00a0\u00a0 <\/a><a href=\"https:\/\/agora.xtec.cat\/ceipflama\/wp-content\/uploads\/usu1313\/2020\/05\/fruta.jpg\"><img loading=\"lazy\" decoding=\"async\" class=\"alignnone wp-image-12723\" src=\"https:\/\/agora.xtec.cat\/ceipflama\/wp-content\/uploads\/usu1313\/2020\/05\/fruta.jpg\" alt=\"\" width=\"267\" height=\"155\" srcset=\"https:\/\/agora.xtec.cat\/ceipflama\/wp-content\/uploads\/usu1313\/2020\/05\/fruta.jpg 690w, https:\/\/agora.xtec.cat\/ceipflama\/wp-content\/uploads\/usu1313\/2020\/05\/fruta-300x174.jpg 300w\" sizes=\"auto, (max-width: 267px) 100vw, 267px\" \/><\/a><\/p>\n<p><strong>El dia de la videoconfer\u00e8ncia ens llegiu les vostres receptes i ens expliqueu que tal us ha quedat !<\/strong><\/p>\n<h2><span style=\"color: #ff6600;\">REPTE 5<\/span><\/h2>\n<h4><span style=\"color: #ff6600;\">INNOVAMAT<\/span><\/h4>\n<p>Aquesta setmana us proposem:<\/p>\n<p>A continuaci\u00f3 trobareu un enlla\u00e7 a les tasques formades per tres breus v\u00eddeos que tenen com a objectiu que els nens i les nenes, des de casa, puguin enfrontar-se a reptes matem\u00e0tics rics el m\u00e9s aut\u00f2nomament possible.Totes venen acompanyades d\u2019orientacions did\u00e0ctiques. No cal que feu els tres v\u00eddeos el mateix dia i els podeu mirar tantes vegades com necessiteu.<\/p>\n<h5><em><strong>Necessitareu materials, paper i llapis i ens podeu enviar fotos del que heu fet al correu electr\u00f2nic del i les mestres i tamb\u00e9 els dubtes que tingueu.<\/strong><\/em><\/h5>\n<p><img loading=\"lazy\" decoding=\"async\" class=\"alignleft\" src=\"https:\/\/innovamat.com\/wp-content\/uploads\/2020\/02\/propuesta-2.png\" alt=\"\" width=\"230\" height=\"146\" \/><\/p>\n<h3><span style=\"color: #ff6600;\"><em><strong>Som-hi!<\/strong><\/em><\/span><\/h3>\n<p><strong><span style=\"color: #0000ff;\">Pels de 1r <a href=\"https:\/\/innovamat.com\/blog\/ca\/actrivitat-8-patrons-de-creixement-i\/\">https:\/\/innovamat.com\/blog\/ca\/actrivitat-8-patrons-de-creixement-i\/<\/a><\/span><\/strong><\/p>\n<p><strong><span style=\"color: #ff0000;\">Pels de 2n<\/span> <a href=\"https:\/\/innovamat.com\/blog\/ca\/actrivitat-8-patrons-de-creixement-ii\/\">https:\/\/innovamat.com\/blog\/ca\/actrivitat-8-patrons-de-creixement-ii\/<\/a><\/strong><\/p>\n<p>&nbsp;<\/p>\n","protected":false},"excerpt":{"rendered":"<p>Bon dia! Nens i nenes de cicle inicial, aqu\u00ed teniu els reptes de la setmana. REPTE 1 Es tracta\u00a0 de fer SUDOKUS, cal retallar els dibuixos i enganxar-los on toca. Rercordeu que no es pot repetir el mateix dibuix a la mateixa fila ni a la mateixa columna. En teniu un munt per fer, \u00e0nims! [&hellip;]<\/p>\n","protected":false},"author":1,"featured_media":12831,"comment_status":"closed","ping_status":"closed","sticky":false,"template":"","format":"standard","meta":{"_bbp_topic_count":0,"_bbp_reply_count":0,"_bbp_total_topic_count":0,"_bbp_total_reply_count":0,"_bbp_voice_count":0,"_bbp_anonymous_reply_count":0,"_bbp_topic_count_hidden":0,"_bbp_reply_count_hidden":0,"_bbp_forum_subforum_count":0,"site-sidebar-layout":"default","site-content-layout":"","ast-site-content-layout":"","site-content-style":"default","site-sidebar-style":"default","ast-global-header-display":"","ast-banner-title-visibility":"","ast-main-header-display":"","ast-hfb-above-header-display":"","ast-hfb-below-header-display":"","ast-hfb-mobile-header-display":"","site-post-title":"","ast-breadcrumbs-content":"","ast-featured-img":"","footer-sml-layout":"","theme-transparent-header-meta":"","adv-header-id-meta":"","stick-header-meta":"","header-above-stick-meta":"","header-main-stick-meta":"","header-below-stick-meta":"","astra-migrate-meta-layouts":"default","ast-page-background-enabled":"default","ast-page-background-meta":{"desktop":{"background-color":"var(--ast-global-color-4)","background-image":"","background-repeat":"repeat","background-position":"center center","background-size":"auto","background-attachment":"scroll","background-type":"","background-media":"","overlay-type":"","overlay-color":"","overlay-opacity":"","overlay-gradient":""},"tablet":{"background-color":"","background-image":"","background-repeat":"repeat","background-position":"center center","background-size":"auto","background-attachment":"scroll","background-type":"","background-media":"","overlay-type":"","overlay-color":"","overlay-opacity":"","overlay-gradient":""},"mobile":{"background-color":"","background-image":"","background-repeat":"repeat","background-position":"center center","background-size":"auto","background-attachment":"scroll","background-type":"","background-media":"","overlay-type":"","overlay-color":"","overlay-opacity":"","overlay-gradient":""}},"ast-content-background-meta":{"desktop":{"background-color":"var(--ast-global-color-5)","background-image":"","background-repeat":"repeat","background-position":"center center","background-size":"auto","background-attachment":"scroll","background-type":"","background-media":"","overlay-type":"","overlay-color":"","overlay-opacity":"","overlay-gradient":""},"tablet":{"background-color":"var(--ast-global-color-5)","background-image":"","background-repeat":"repeat","background-position":"center center","background-size":"auto","background-attachment":"scroll","background-type":"","background-media":"","overlay-type":"","overlay-color":"","overlay-opacity":"","overlay-gradient":""},"mobile":{"background-color":"var(--ast-global-color-5)","background-image":"","background-repeat":"repeat","background-position":"center center","background-size":"auto","background-attachment":"scroll","background-type":"","background-media":"","overlay-type":"","overlay-color":"","overlay-opacity":"","overlay-gradient":""}},"footnotes":""},"categories":[8,3],"tags":[],"class_list":["post-12719","post","type-post","status-publish","format-standard","has-post-thumbnail","hentry","category-promocio-2012-6e","category-promocio-2013"],"post_mailing_queue_ids":[],"_links":{"self":[{"href":"https:\/\/agora.xtec.cat\/ceipflama\/wp-json\/wp\/v2\/posts\/12719","targetHints":{"allow":["GET"]}}],"collection":[{"href":"https:\/\/agora.xtec.cat\/ceipflama\/wp-json\/wp\/v2\/posts"}],"about":[{"href":"https:\/\/agora.xtec.cat\/ceipflama\/wp-json\/wp\/v2\/types\/post"}],"author":[{"embeddable":true,"href":"https:\/\/agora.xtec.cat\/ceipflama\/wp-json\/wp\/v2\/users\/1"}],"replies":[{"embeddable":true,"href":"https:\/\/agora.xtec.cat\/ceipflama\/wp-json\/wp\/v2\/comments?post=12719"}],"version-history":[{"count":3,"href":"https:\/\/agora.xtec.cat\/ceipflama\/wp-json\/wp\/v2\/posts\/12719\/revisions"}],"predecessor-version":[{"id":12832,"href":"https:\/\/agora.xtec.cat\/ceipflama\/wp-json\/wp\/v2\/posts\/12719\/revisions\/12832"}],"wp:featuredmedia":[{"embeddable":true,"href":"https:\/\/agora.xtec.cat\/ceipflama\/wp-json\/wp\/v2\/media\/12831"}],"wp:attachment":[{"href":"https:\/\/agora.xtec.cat\/ceipflama\/wp-json\/wp\/v2\/media?parent=12719"}],"wp:term":[{"taxonomy":"category","embeddable":true,"href":"https:\/\/agora.xtec.cat\/ceipflama\/wp-json\/wp\/v2\/categories?post=12719"},{"taxonomy":"post_tag","embeddable":true,"href":"https:\/\/agora.xtec.cat\/ceipflama\/wp-json\/wp\/v2\/tags?post=12719"}],"curies":[{"name":"wp","href":"https:\/\/api.w.org\/{rel}","templated":true}]}}