{"id":12451,"date":"2020-05-18T09:50:22","date_gmt":"2020-05-18T07:50:22","guid":{"rendered":"http:\/\/agora.xtec.cat\/ceipflama\/?p=12451"},"modified":"2020-05-18T17:32:08","modified_gmt":"2020-05-18T15:32:08","slug":"pla-de-treball-no-6-contes-i-rondalles","status":"publish","type":"post","link":"https:\/\/agora.xtec.cat\/ceipflama\/promocio-2011-6e\/pla-de-treball-no-6-contes-i-rondalles\/","title":{"rendered":"PLA DE TREBALL 6:  CONTES I RONDALLES!"},"content":{"rendered":"<p>Hola a tothom!<\/p>\n<p>Aquesta vegada no us demano que llegiu, encara que s\u00e9 que la majoria ho feu cada dia.<\/p>\n<p>M&#8217;agradaria que mir\u00e9ssiu aquest tres v\u00eddeos:<\/p>\n<p>El diari digital Vilaweb fa un temps va publicar 300 CONTES PER A UN TRICENTENARI, perqu\u00e8 els nens i nenes de Catalunya conegu\u00e9ssiu una mica millor el nostre pa\u00eds i les nostres tradicions.<\/p>\n<p>Estan explicades pel rondallaire Albert Estengre.<\/p>\n<table style=\"background-color: #15e61f; height: 69px;\" width=\"835\">\n<tbody>\n<tr>\n<td style=\"width: 829.6px;\">Aquest es titula &#8220;En Pere sense por&#8221; i \u00e9s un conte tradicional europeu que en Joan Amades va adaptar per explicar-lo en catal\u00e0.<\/td>\n<\/tr>\n<\/tbody>\n<\/table>\n<p><iframe loading=\"lazy\" src=\"\/\/www.youtube.com\/embed\/Ny9y4WgO-1M\" width=\"560\" height=\"314\"><\/iframe><\/p>\n<table style=\"background-color: #e3c712; height: 69px;\" width=\"994\">\n<tbody>\n<tr>\n<td style=\"width: 988.8px;\">Aquest\u00a0 \u00e9s titula &#8220;El lle\u00f3 i la guineu&#8221; i \u00e9s una <strong><span style=\"color: #ff6600;\">Faula, <\/span><\/strong><span style=\"color: #ff6600;\"><span style=\"color: #000000;\">\u00a0un relat curt i amb pocs personatges que sovint s\u00f3n animals i que al final sempre ens volen donar una lli\u00e7\u00f3 de les coses que estan b\u00e9 i de les que no ho estan (<em>moralina).<\/em><\/span><\/span><\/td>\n<\/tr>\n<\/tbody>\n<\/table>\n<div class=\"ast-oembed-container \" style=\"height: 100%;\"><iframe loading=\"lazy\" title=\"300 contes per a un Tricentenari: El lle\u00f3 i la guineu\" width=\"500\" height=\"375\" src=\"https:\/\/www.youtube.com\/embed\/qW2C2Q2ng0E?feature=oembed\" frameborder=\"0\" allow=\"accelerometer; autoplay; clipboard-write; encrypted-media; gyroscope; picture-in-picture; web-share\" referrerpolicy=\"strict-origin-when-cross-origin\" allowfullscreen><\/iframe><\/div>\n<p>&nbsp;<\/p>\n<table style=\"height: 57px; background-color: #e65715; width: 986px;\" width=\"986\">\n<tbody>\n<tr style=\"height: 57px;\">\n<td style=\"width: 980.8px; height: 57px;\">Aquest darrer \u00e9s un conte popular que segur m\u00e9s d&#8217;una vegada us han explicat i que potser pensareu que fa de nens petits, per\u00f2 m&#8217;agradaria que sab\u00e9ssiu que es va escriure per explicar-ho a la gent gran i que en principi feia molta por. Uns diuen que el va escriure en Carles Perrault i d&#8217;altres que van ser els germans Grimm\u00a0 qui el van adaptar per a infants. Per`la veritat no la sap ning\u00fa perqu\u00e8 \u00e9s un conte molt antic.<\/p>\n<p>Espero que disfruteu el conte de&#8230; <strong><span style=\"color: #ff00ff;\">&#8220;La caputxeta vermella&#8221;<\/span><\/strong><\/p>\n<p>&nbsp;<\/td>\n<\/tr>\n<\/tbody>\n<\/table>\n<div class=\"ast-oembed-container \" style=\"height: 100%;\"><iframe loading=\"lazy\" title=\"300 contes per a un Tricentenari: La caputxeta vermella\" width=\"500\" height=\"375\" src=\"https:\/\/www.youtube.com\/embed\/PjV5XGPtSWA?feature=oembed\" frameborder=\"0\" allow=\"accelerometer; autoplay; clipboard-write; encrypted-media; gyroscope; picture-in-picture; web-share\" referrerpolicy=\"strict-origin-when-cross-origin\" allowfullscreen><\/iframe><\/div>\n<p>Espero que els disfruteu!<\/p>\n<p>El meu correu\u00a0<a href=\"mailto:montsep@escolaflama.cat\"> montsep@escolaflama.cat<\/a><\/p>\n<h4><span style=\"color: #808000;\">Dem\u00e0 dimarts penjar\u00e9 uns quants Booktubers m\u00e9s. Estigueu al cas!<\/span><\/h4>\n","protected":false},"excerpt":{"rendered":"<p>Hola a tothom! Aquesta vegada no us demano que llegiu, encara que s\u00e9 que la majoria ho feu cada dia. M&#8217;agradaria que mir\u00e9ssiu aquest tres v\u00eddeos: El diari digital Vilaweb fa un temps va publicar 300 CONTES PER A UN TRICENTENARI, perqu\u00e8 els nens i nenes de Catalunya conegu\u00e9ssiu una mica millor el nostre pa\u00eds [&hellip;]<\/p>\n","protected":false},"author":1,"featured_media":0,"comment_status":"closed","ping_status":"closed","sticky":false,"template":"","format":"standard","meta":{"_bbp_topic_count":0,"_bbp_reply_count":0,"_bbp_total_topic_count":0,"_bbp_total_reply_count":0,"_bbp_voice_count":0,"_bbp_anonymous_reply_count":0,"_bbp_topic_count_hidden":0,"_bbp_reply_count_hidden":0,"_bbp_forum_subforum_count":0,"site-sidebar-layout":"default","site-content-layout":"","ast-site-content-layout":"","site-content-style":"default","site-sidebar-style":"default","ast-global-header-display":"","ast-banner-title-visibility":"","ast-main-header-display":"","ast-hfb-above-header-display":"","ast-hfb-below-header-display":"","ast-hfb-mobile-header-display":"","site-post-title":"","ast-breadcrumbs-content":"","ast-featured-img":"","footer-sml-layout":"","theme-transparent-header-meta":"","adv-header-id-meta":"","stick-header-meta":"","header-above-stick-meta":"","header-main-stick-meta":"","header-below-stick-meta":"","astra-migrate-meta-layouts":"default","ast-page-background-enabled":"default","ast-page-background-meta":{"desktop":{"background-color":"var(--ast-global-color-4)","background-image":"","background-repeat":"repeat","background-position":"center center","background-size":"auto","background-attachment":"scroll","background-type":"","background-media":"","overlay-type":"","overlay-color":"","overlay-opacity":"","overlay-gradient":""},"tablet":{"background-color":"","background-image":"","background-repeat":"repeat","background-position":"center center","background-size":"auto","background-attachment":"scroll","background-type":"","background-media":"","overlay-type":"","overlay-color":"","overlay-opacity":"","overlay-gradient":""},"mobile":{"background-color":"","background-image":"","background-repeat":"repeat","background-position":"center center","background-size":"auto","background-attachment":"scroll","background-type":"","background-media":"","overlay-type":"","overlay-color":"","overlay-opacity":"","overlay-gradient":""}},"ast-content-background-meta":{"desktop":{"background-color":"var(--ast-global-color-5)","background-image":"","background-repeat":"repeat","background-position":"center center","background-size":"auto","background-attachment":"scroll","background-type":"","background-media":"","overlay-type":"","overlay-color":"","overlay-opacity":"","overlay-gradient":""},"tablet":{"background-color":"var(--ast-global-color-5)","background-image":"","background-repeat":"repeat","background-position":"center center","background-size":"auto","background-attachment":"scroll","background-type":"","background-media":"","overlay-type":"","overlay-color":"","overlay-opacity":"","overlay-gradient":""},"mobile":{"background-color":"var(--ast-global-color-5)","background-image":"","background-repeat":"repeat","background-position":"center center","background-size":"auto","background-attachment":"scroll","background-type":"","background-media":"","overlay-type":"","overlay-color":"","overlay-opacity":"","overlay-gradient":""}},"footnotes":""},"categories":[10,9],"tags":[],"class_list":["post-12451","post","type-post","status-publish","format-standard","hentry","category-promocio-2010-6e","category-promocio-2011-6e"],"post_mailing_queue_ids":[],"_links":{"self":[{"href":"https:\/\/agora.xtec.cat\/ceipflama\/wp-json\/wp\/v2\/posts\/12451","targetHints":{"allow":["GET"]}}],"collection":[{"href":"https:\/\/agora.xtec.cat\/ceipflama\/wp-json\/wp\/v2\/posts"}],"about":[{"href":"https:\/\/agora.xtec.cat\/ceipflama\/wp-json\/wp\/v2\/types\/post"}],"author":[{"embeddable":true,"href":"https:\/\/agora.xtec.cat\/ceipflama\/wp-json\/wp\/v2\/users\/1"}],"replies":[{"embeddable":true,"href":"https:\/\/agora.xtec.cat\/ceipflama\/wp-json\/wp\/v2\/comments?post=12451"}],"version-history":[{"count":3,"href":"https:\/\/agora.xtec.cat\/ceipflama\/wp-json\/wp\/v2\/posts\/12451\/revisions"}],"predecessor-version":[{"id":12588,"href":"https:\/\/agora.xtec.cat\/ceipflama\/wp-json\/wp\/v2\/posts\/12451\/revisions\/12588"}],"wp:attachment":[{"href":"https:\/\/agora.xtec.cat\/ceipflama\/wp-json\/wp\/v2\/media?parent=12451"}],"wp:term":[{"taxonomy":"category","embeddable":true,"href":"https:\/\/agora.xtec.cat\/ceipflama\/wp-json\/wp\/v2\/categories?post=12451"},{"taxonomy":"post_tag","embeddable":true,"href":"https:\/\/agora.xtec.cat\/ceipflama\/wp-json\/wp\/v2\/tags?post=12451"}],"curies":[{"name":"wp","href":"https:\/\/api.w.org\/{rel}","templated":true}]}}