{"id":12411,"date":"2020-05-25T09:38:19","date_gmt":"2020-05-25T07:38:19","guid":{"rendered":"http:\/\/agora.xtec.cat\/ceipflama\/?p=12411"},"modified":"2020-05-25T09:38:19","modified_gmt":"2020-05-25T07:38:19","slug":"pla-de-treball-7-som-hi-de-nou","status":"publish","type":"post","link":"https:\/\/agora.xtec.cat\/ceipflama\/promocio-2011-6e\/pla-de-treball-7-som-hi-de-nou\/","title":{"rendered":"PLA DE TREBALL 7: SOM-HI DE NOU!"},"content":{"rendered":"<p style=\"text-align: center;\">Bon dilluns de nou! Com esteu? Avui ens hem llevat amb aquesta idea:<\/p>\n<p style=\"text-align: center;\">Que tot i el confinament, mantinguem les ganes i la curiositat per con\u00e8ixer nous llocs, nous paisatges, nous aires, olors, fires i tradicions dels diferents municipis de Catalunya!<\/p>\n<p><a href=\"https:\/\/agora.xtec.cat\/ceipflama\/wp-content\/uploads\/usu1313\/2020\/05\/NATURA.jpg\"><img loading=\"lazy\" decoding=\"async\" class=\"wp-image-12415 aligncenter\" src=\"https:\/\/agora.xtec.cat\/ceipflama\/wp-content\/uploads\/usu1313\/2020\/05\/NATURA.jpg\" alt=\"\" width=\"397\" height=\"186\" srcset=\"https:\/\/agora.xtec.cat\/ceipflama\/wp-content\/uploads\/usu1313\/2020\/05\/NATURA.jpg 736w, https:\/\/agora.xtec.cat\/ceipflama\/wp-content\/uploads\/usu1313\/2020\/05\/NATURA-300x141.jpg 300w\" sizes=\"auto, (max-width: 397px) 100vw, 397px\" \/><\/a><\/p>\n<p style=\"text-align: center;\">De moment, tan sols ho podem fer virtualment, per\u00f2 el dia de poder trepitjar els diferents municipis de Catalunya amb m\u00e9s tranquil\u00b7litat ja s\u2019acosta!!! Ja queda menys!!!<\/p>\n<p style=\"text-align: center;\">Mentrestant, us proposem tot un seguit de reptes per a aquesta nova setmana! Som-hi!<\/p>\n<p>&nbsp;<\/p>\n<p><strong>REPTE 1: CONEIXEM LES COMARQUES DE CATALUNYA!<\/strong><\/p>\n<p><a href=\"https:\/\/agora.xtec.cat\/ceipflama\/wp-content\/uploads\/usu1313\/2020\/05\/NASA_Satellite_Catalonia.jpg\"><img loading=\"lazy\" decoding=\"async\" class=\"wp-image-12416 aligncenter\" src=\"https:\/\/agora.xtec.cat\/ceipflama\/wp-content\/uploads\/usu1313\/2020\/05\/NASA_Satellite_Catalonia-964x1024.jpg\" alt=\"\" width=\"337\" height=\"358\" srcset=\"https:\/\/agora.xtec.cat\/ceipflama\/wp-content\/uploads\/usu1313\/2020\/05\/NASA_Satellite_Catalonia-964x1024.jpg 964w, https:\/\/agora.xtec.cat\/ceipflama\/wp-content\/uploads\/usu1313\/2020\/05\/NASA_Satellite_Catalonia-282x300.jpg 282w, https:\/\/agora.xtec.cat\/ceipflama\/wp-content\/uploads\/usu1313\/2020\/05\/NASA_Satellite_Catalonia-768x816.jpg 768w, https:\/\/agora.xtec.cat\/ceipflama\/wp-content\/uploads\/usu1313\/2020\/05\/NASA_Satellite_Catalonia.jpg 1124w\" sizes=\"auto, (max-width: 337px) 100vw, 337px\" \/><\/a><\/p>\n<p><strong>A partir d\u2019aquest v\u00eddeo podreu veure que una comarca pot pert\u00e0nyer a&#8230;.<\/strong><\/p>\n<ol>\n<li>Comarques de muntanya<\/li>\n<li>Comarques d\u2019interior<\/li>\n<li>Comarques litorals o de costa<\/li>\n<\/ol>\n<p style=\"text-align: center;\"><a href=\"https:\/\/www.youtube.com\/watch?v=kLydY5oo1zo\" target=\"_blank\" rel=\"noopener noreferrer\">https:\/\/www.youtube.com\/watch?v=kLydY5oo1zo<\/a><\/p>\n<p>&nbsp;<\/p>\n<p><strong>LES COMARQUES DE MUNTANYA<\/strong><\/p>\n<p>Estan en zones amb <strong>muntanyes<\/strong> <strong>molt<\/strong> <strong>altes<\/strong> i <strong>valls<\/strong> <strong>estretes<\/strong>. A l\u2019hivern <strong>neva<\/strong> i a l\u2019estiu fa <strong>poca calor<\/strong>. Hi ha <strong>boscos<\/strong> de <strong>pi negre i avet<\/strong> . Els <strong>pobles<\/strong> s\u00f3n <strong>petits<\/strong>. Hi ha <strong>masies a\u00efllades<\/strong>. La gent treballa en el sector de l\u2019<strong>agricultura<\/strong> i el <strong>turisme<\/strong>. Les <strong>carreteres<\/strong> s\u00f3n <strong>estretes<\/strong> amb <strong>molts revolts<\/strong>.<\/p>\n<p><strong>LES COMARQUES D\u2019INTERIOR <\/strong><\/p>\n<p>Estan en zones amb muntanyes baixes i planes. A l\u2019hivern fa fred i a l\u2019estiu fa molta calor. Hi ha boscos d\u2019alzines. Els pobles s\u00f3n m\u00e9s grans. La gent treballa en la ramaderia, l\u2019agricultura i la ind\u00fastria. Les carreteres s\u00f3n amples .<\/p>\n<p><strong>LES COMARQUES LITORALS O DE COSTA <\/strong><\/p>\n<p>Estan al costat del mar. A l\u2019hivern fa poc fred i a l\u2019estiu fa calor. A la primavera i la tardor plou. Hi ha boscos de pins i arbustos. Hi ha ciutats i pobles molt grans. \u00c9s on viuen m\u00e9s persones. La gent treballa en l\u2019agricultura, la pesca, la ind\u00fastria i el turisme. Hi ha bones carreteres, ports i aeroports .<\/p>\n<p>&nbsp;<\/p>\n<p><strong>A partir d\u2019aquesta lectura, us reptem a omplir la seg\u00fcent graella amb la informaci\u00f3 que es demana!<\/strong> Per\u00f2 atenci\u00f3! Utilitzeu les <strong>PARAULES CLAU<\/strong> per omplir-la, no fa falta que copieu totes les frases. En una graella hi sol haver <strong>la informaci\u00f3 m\u00e9s important<\/strong> resumida amb POQUES PARAULES! Per fer-ho una mica m\u00e9s emocionant, penseu que cada paraula que escriviu val 1 euro! Quants euros us ha costat omplir aquesta graella amb tota la informaci\u00f3? A veure qui aconsegueix el pressupost m\u00e9s ajustat i que a la vegada compleixi escrupolosament amb tota la informaci\u00f3 que es demana! Molts \u00e0nims!<\/p>\n<p>*Els m\u00e9s observadors i observadores haureu vist que a l\u2019escrit sobre les <strong>comarques de muntanya<\/strong> hi ha unes paraules que estan en <strong>negreta<\/strong>&#8230;aquesta \u00e9s la pista, les paraules clau s\u00f3n la clau! ?<\/p>\n<p>&nbsp;<\/p>\n<table style=\"width: 801px; height: 812px;\">\n<tbody>\n<tr>\n<td style=\"width: 198px;\"><\/td>\n<td style=\"width: 205px; text-align: center;\"><strong>LES COMARQUES DE MUNTANYA<\/strong><\/td>\n<td style=\"width: 190px; text-align: center;\"><strong>LES COMARQUES D\u2019INTERIOR<\/strong><\/td>\n<td style=\"width: 196px; text-align: center;\"><strong>LES COMARQUES DE COSTA<\/strong><\/td>\n<\/tr>\n<tr>\n<td style=\"width: 198px;\"><strong>RELLEU<\/strong> (Com s\u00f3n les muntanyes?)<\/td>\n<td style=\"width: 205px;\">&nbsp;<\/p>\n<p>&nbsp;<\/td>\n<td style=\"width: 190px;\"><\/td>\n<td style=\"width: 196px;\"><\/td>\n<\/tr>\n<tr>\n<td style=\"width: 198px;\"><strong>HIVERNS <\/strong>(Com s\u00f3n?)<\/td>\n<td style=\"width: 205px;\">&nbsp;<\/p>\n<p>&nbsp;<\/td>\n<td style=\"width: 190px;\"><\/td>\n<td style=\"width: 196px;\"><\/td>\n<\/tr>\n<tr>\n<td style=\"width: 198px;\"><strong>ESTIUS<\/strong> (Com s\u00f3n?)<\/td>\n<td style=\"width: 205px;\">&nbsp;<\/p>\n<p>&nbsp;<\/td>\n<td style=\"width: 190px;\"><\/td>\n<td style=\"width: 196px;\"><\/td>\n<\/tr>\n<tr>\n<td style=\"width: 198px;\"><strong>TIPUS DE VEGETACI\u00d3 <\/strong>(Quins arbres abunden?)<\/td>\n<td style=\"width: 205px;\">&nbsp;<\/p>\n<p>&nbsp;<\/td>\n<td style=\"width: 190px;\"><\/td>\n<td style=\"width: 196px;\"><\/td>\n<\/tr>\n<tr>\n<td style=\"width: 198px;\"><strong>CIUTATS\/POBLES\/MASIES <\/strong>(On viu la gent?)<\/td>\n<td style=\"width: 205px;\">&nbsp;<\/p>\n<p>&nbsp;<\/td>\n<td style=\"width: 190px;\"><\/td>\n<td style=\"width: 196px;\"><\/td>\n<\/tr>\n<tr>\n<td style=\"width: 198px;\"><strong>SECTOR DE TREBALL<\/strong> (On sol treballar la gent?)<\/td>\n<td style=\"width: 205px;\">&nbsp;<\/p>\n<p>&nbsp;<\/td>\n<td style=\"width: 190px;\"><\/td>\n<td style=\"width: 196px;\"><\/td>\n<\/tr>\n<tr>\n<td style=\"width: 198px;\"><strong>TIPUS DE DE TRANSPORT <\/strong>(Quin tipus de transport hi ha? Com s\u00f3n les carreteres?<\/td>\n<td style=\"width: 205px;\">&nbsp;<\/p>\n<p>&nbsp;<\/td>\n<td style=\"width: 190px;\"><\/td>\n<td style=\"width: 196px;\"><\/td>\n<\/tr>\n<\/tbody>\n<\/table>\n<p><strong>\u00a0<\/strong><\/p>\n<p><strong>REPTE 2: ENS INFORMEM D\u2019UN MUNICIPI!<\/strong><\/p>\n<p><a href=\"https:\/\/agora.xtec.cat\/ceipflama\/wp-content\/uploads\/usu1313\/2020\/05\/lupa.jpg\"><img loading=\"lazy\" decoding=\"async\" class=\"wp-image-12627 alignleft\" src=\"https:\/\/agora.xtec.cat\/ceipflama\/wp-content\/uploads\/usu1313\/2020\/05\/lupa.jpg\" alt=\"\" width=\"119\" height=\"151\" \/><\/a><\/p>\n<p><img loading=\"lazy\" decoding=\"async\" class=\"wp-image-12626 alignleft\" src=\"https:\/\/agora.xtec.cat\/ceipflama\/wp-content\/uploads\/usu1313\/2020\/05\/infoo.png\" alt=\"\" width=\"160\" height=\"160\" srcset=\"https:\/\/agora.xtec.cat\/ceipflama\/wp-content\/uploads\/usu1313\/2020\/05\/infoo.png 400w, https:\/\/agora.xtec.cat\/ceipflama\/wp-content\/uploads\/usu1313\/2020\/05\/infoo-150x150.png 150w, https:\/\/agora.xtec.cat\/ceipflama\/wp-content\/uploads\/usu1313\/2020\/05\/infoo-300x300.png 300w\" sizes=\"auto, (max-width: 160px) 100vw, 160px\" \/><\/p>\n<p>Busqueu informaci\u00f3 sobre un dels municipis de Catalunya! Que quants municipis hi ha en total? 947!!!! I amb una poblaci\u00f3 total de 7.675.217 segons les dades recollides per l\u2019<strong>I<\/strong>nstitut <strong>d\u2019Es<\/strong>tad\u00edstica de <strong>Cat<\/strong>alunya el 2019 (tamb\u00e9 n\u2019hi podeu dir IDESCAT si voleu ser m\u00e9s breus!).<\/p>\n<p style=\"text-align: center;\">A veure si trobeu d\u2019on hem tret el n\u00famero 7.675.217! Si espieu aquest enlla\u00e7 ho podreu esbrinar! <a href=\"https:\/\/www.idescat.cat\/pub\/?id=aec&amp;n=924\" target=\"_blank\" rel=\"noopener noreferrer\">https:\/\/www.idescat.cat\/pub\/?id=aec&amp;n=924<\/a><\/p>\n<p>Centrem-nos, un cop hagueu fet una mica de recerca sobre el municipi escollit, escriviu aquella informaci\u00f3 que considereu m\u00e9s important per con\u00e8ixer el municipi o aquella informaci\u00f3 que us hagi cridat m\u00e9s l\u2019atenci\u00f3.<\/p>\n<p style=\"text-align: center;\">Atenci\u00f3! Podreu trobar informaci\u00f3 sobre el municipi que vulgueu a:<\/p>\n<p style=\"text-align: center;\"><a href=\"http:\/\/www.tot-catalunya.com\/\" target=\"_blank\" rel=\"noopener noreferrer\">http:\/\/www.tot-catalunya.com\/<\/a><\/p>\n<p>&nbsp;<\/p>\n<p><strong>REPTE 3: MASCARETES I CARETES\u00a0<\/strong><\/p>\n<p><a href=\"https:\/\/agora.xtec.cat\/ceipflama\/wp-content\/uploads\/usu1313\/2020\/05\/mascareta-e1590160336656.jpg\"><img loading=\"lazy\" decoding=\"async\" class=\"wp-image-12628 aligncenter\" src=\"https:\/\/agora.xtec.cat\/ceipflama\/wp-content\/uploads\/usu1313\/2020\/05\/mascareta-e1590160336656.jpg\" alt=\"\" width=\"194\" height=\"263\" srcset=\"https:\/\/agora.xtec.cat\/ceipflama\/wp-content\/uploads\/usu1313\/2020\/05\/mascareta-e1590160336656.jpg 342w, https:\/\/agora.xtec.cat\/ceipflama\/wp-content\/uploads\/usu1313\/2020\/05\/mascareta-e1590160336656-221x300.jpg 221w\" sizes=\"auto, (max-width: 194px) 100vw, 194px\" \/><\/a><\/p>\n<p>Ara que tothom ja pot sortir a fer una volta, en una o altra franja hor\u00e0ria, i la possibilitat de trobar-se amb gent de fora de casa ha passat de ser un desig a ser una realitat, \u00e9s molt important recordar que cal protegir-se i seguir les recomanacions sobre com actuar al carrer. Un dels elements de protecci\u00f3 que ha pres m\u00e9s import\u00e0ncia s\u00f3n les mascaretes filtrants, que posen traves (dificultats) a la difusi\u00f3 del coronavirus a trav\u00e9s de l\u2019al\u00e8 de les persones. Per\u00f2 aquestes m\u00e0scares no s\u00f3n les \u00faniques coses amb qu\u00e8 ens tapem les cares\u2026<\/p>\n<h4><strong>Saps<\/strong><strong> quins tipus de mascaretes filtrants hi ha i en qu\u00e8 es distingeixen? Fes una recerca d\u2019informaci\u00f3 per a respondre aquestes preguntes:<\/strong><\/h4>\n<ul>\n<li>Quins grups de mascaretes es poden fer servir i quines varietats hi ha?<\/li>\n<li>Pots comen\u00e7ar a informar-te en aquesta p\u00e0gina de <a href=\"https:\/\/canalsalut.gencat.cat\/ca\/salut-a-z\/c\/coronavirus-2019-ncov\/ciutadania\/desconfinament-progressiu\/mascaretes\/#bloc1\">CanalSalut<\/a>, de la Generalitat.<\/li>\n<li>Quins graus de protecci\u00f3 proporciona cada tipus, tant per l\u2019usuari com per la gent que l\u2019envolta?<\/li>\n<li>Qu\u00e8 has de revisar, per assegurar-te que la duus ben posada? Explica el procediment per posar-la i treure-la sense perill.<\/li>\n<li>La mascareta \u00e9s una protecci\u00f3 suficient, que ens permet despreocupar-nos d\u2019evitar el contacte amb altres persones?<\/li>\n<\/ul>\n<p>&nbsp;<\/p>\n<p><strong>REPTE 4:\u00a0ANALITZEM EL CALENDARI <\/strong><\/p>\n<p style=\"text-align: left;\">Observa el calendari del 2020 i contesta:<\/p>\n<p><a href=\"https:\/\/agora.xtec.cat\/ceipflama\/wp-content\/uploads\/usu1313\/2020\/05\/CALENDARI.png\"><img loading=\"lazy\" decoding=\"async\" class=\"size-full wp-image-12413 aligncenter\" src=\"https:\/\/agora.xtec.cat\/ceipflama\/wp-content\/uploads\/usu1313\/2020\/05\/CALENDARI.png\" alt=\"\" width=\"669\" height=\"413\" srcset=\"https:\/\/agora.xtec.cat\/ceipflama\/wp-content\/uploads\/usu1313\/2020\/05\/CALENDARI.png 669w, https:\/\/agora.xtec.cat\/ceipflama\/wp-content\/uploads\/usu1313\/2020\/05\/CALENDARI-300x185.png 300w\" sizes=\"auto, (max-width: 669px) 100vw, 669px\" \/><\/a><\/p>\n<ol>\n<li>Quants dies t\u00e9 el mes de febrer?<\/li>\n<li>Com s\u2019anomena aquest fet?<\/li>\n<li>Cada quants anys passa aquest fet?<\/li>\n<li>Quin dia de la setmana \u00e9s el 17 de gener?<\/li>\n<li>Quants diumenges tindr\u00e0 el mes d&#8217;abril?<\/li>\n<li>Quin dia de la setmana comen\u00e7ar\u00e0 el mes de juny?<\/li>\n<li>Quins mesos de l&#8217;any falten en aquest calendari?<\/li>\n<\/ol>\n<p>&nbsp;<\/p>\n<p><strong>REPTE 5: BUSQUEM DIFER\u00c8NCIES!\u00a0<\/strong><\/p>\n<p><a href=\"https:\/\/agora.xtec.cat\/ceipflama\/wp-content\/uploads\/usu1313\/2020\/05\/DIFER\u00c8NCIES-PEIXOS.jpg\"><img loading=\"lazy\" decoding=\"async\" class=\"size-large wp-image-12412 aligncenter\" src=\"https:\/\/agora.xtec.cat\/ceipflama\/wp-content\/uploads\/usu1313\/2020\/05\/DIFER\u00c8NCIES-PEIXOS-673x1024.jpg\" alt=\"\" width=\"673\" height=\"1024\" srcset=\"https:\/\/agora.xtec.cat\/ceipflama\/wp-content\/uploads\/usu1313\/2020\/05\/DIFER\u00c8NCIES-PEIXOS.jpg 673w, https:\/\/agora.xtec.cat\/ceipflama\/wp-content\/uploads\/usu1313\/2020\/05\/DIFER\u00c8NCIES-PEIXOS-197x300.jpg 197w\" sizes=\"auto, (max-width: 673px) 100vw, 673px\" \/><\/a><\/p>\n<p>&nbsp;<\/p>\n<p style=\"text-align: center;\"><strong>Molts \u00e0nims amb tots els reptes, esperem que gaudiu fent-los! Ja sabeu que ens els podeu anar enviat a les seg\u00fcents adreces electr\u00f2niques:<\/strong><\/p>\n<p>&nbsp;<\/p>\n<p style=\"text-align: center;\">conxita@escolaflama.cat (alumnes de 3r A)<\/p>\n<p style=\"text-align: center;\">victoria@escolaflama.cat (alumnes de 3r B)<\/p>\n<p style=\"text-align: center;\">esterp@escolaflama.cat (alumnes de 4t A\u00a0repte 1,\u00a0repte 2,\u00a0repte 3)<\/p>\n<p style=\"text-align: center;\">helena@escolaflama.cat (alumnes de 4t A\u00a0repte 4\u00a0i\u00a0repte 5)<\/p>\n<p style=\"text-align: center;\">rosaaligue@escolaflama.cat (alumnes de 4t B)<\/p>\n<p><a href=\"https:\/\/agora.xtec.cat\/ceipflama\/wp-content\/uploads\/usu1313\/2020\/05\/happy.jpg\"><img loading=\"lazy\" decoding=\"async\" class=\"size-full wp-image-12629 aligncenter\" src=\"https:\/\/agora.xtec.cat\/ceipflama\/wp-content\/uploads\/usu1313\/2020\/05\/happy.jpg\" alt=\"\" width=\"172\" height=\"293\" \/><\/a><\/p>\n","protected":false},"excerpt":{"rendered":"<p>Bon dilluns de nou! Com esteu? Avui ens hem llevat amb aquesta idea: Que tot i el confinament, mantinguem les ganes i la curiositat per con\u00e8ixer nous llocs, nous paisatges, nous aires, olors, fires i tradicions dels diferents municipis de Catalunya! De moment, tan sols ho podem fer virtualment, per\u00f2 el dia de poder trepitjar [&hellip;]<\/p>\n","protected":false},"author":1,"featured_media":11794,"comment_status":"closed","ping_status":"closed","sticky":false,"template":"","format":"standard","meta":{"_bbp_topic_count":0,"_bbp_reply_count":0,"_bbp_total_topic_count":0,"_bbp_total_reply_count":0,"_bbp_voice_count":0,"_bbp_anonymous_reply_count":0,"_bbp_topic_count_hidden":0,"_bbp_reply_count_hidden":0,"_bbp_forum_subforum_count":0,"site-sidebar-layout":"default","site-content-layout":"","ast-site-content-layout":"","site-content-style":"default","site-sidebar-style":"default","ast-global-header-display":"","ast-banner-title-visibility":"","ast-main-header-display":"","ast-hfb-above-header-display":"","ast-hfb-below-header-display":"","ast-hfb-mobile-header-display":"","site-post-title":"","ast-breadcrumbs-content":"","ast-featured-img":"","footer-sml-layout":"","theme-transparent-header-meta":"","adv-header-id-meta":"","stick-header-meta":"","header-above-stick-meta":"","header-main-stick-meta":"","header-below-stick-meta":"","astra-migrate-meta-layouts":"default","ast-page-background-enabled":"default","ast-page-background-meta":{"desktop":{"background-color":"var(--ast-global-color-4)","background-image":"","background-repeat":"repeat","background-position":"center center","background-size":"auto","background-attachment":"scroll","background-type":"","background-media":"","overlay-type":"","overlay-color":"","overlay-opacity":"","overlay-gradient":""},"tablet":{"background-color":"","background-image":"","background-repeat":"repeat","background-position":"center center","background-size":"auto","background-attachment":"scroll","background-type":"","background-media":"","overlay-type":"","overlay-color":"","overlay-opacity":"","overlay-gradient":""},"mobile":{"background-color":"","background-image":"","background-repeat":"repeat","background-position":"center center","background-size":"auto","background-attachment":"scroll","background-type":"","background-media":"","overlay-type":"","overlay-color":"","overlay-opacity":"","overlay-gradient":""}},"ast-content-background-meta":{"desktop":{"background-color":"var(--ast-global-color-5)","background-image":"","background-repeat":"repeat","background-position":"center center","background-size":"auto","background-attachment":"scroll","background-type":"","background-media":"","overlay-type":"","overlay-color":"","overlay-opacity":"","overlay-gradient":""},"tablet":{"background-color":"var(--ast-global-color-5)","background-image":"","background-repeat":"repeat","background-position":"center center","background-size":"auto","background-attachment":"scroll","background-type":"","background-media":"","overlay-type":"","overlay-color":"","overlay-opacity":"","overlay-gradient":""},"mobile":{"background-color":"var(--ast-global-color-5)","background-image":"","background-repeat":"repeat","background-position":"center center","background-size":"auto","background-attachment":"scroll","background-type":"","background-media":"","overlay-type":"","overlay-color":"","overlay-opacity":"","overlay-gradient":""}},"footnotes":""},"categories":[10,9],"tags":[],"class_list":["post-12411","post","type-post","status-publish","format-standard","has-post-thumbnail","hentry","category-promocio-2010-6e","category-promocio-2011-6e"],"post_mailing_queue_ids":[],"_links":{"self":[{"href":"https:\/\/agora.xtec.cat\/ceipflama\/wp-json\/wp\/v2\/posts\/12411","targetHints":{"allow":["GET"]}}],"collection":[{"href":"https:\/\/agora.xtec.cat\/ceipflama\/wp-json\/wp\/v2\/posts"}],"about":[{"href":"https:\/\/agora.xtec.cat\/ceipflama\/wp-json\/wp\/v2\/types\/post"}],"author":[{"embeddable":true,"href":"https:\/\/agora.xtec.cat\/ceipflama\/wp-json\/wp\/v2\/users\/1"}],"replies":[{"embeddable":true,"href":"https:\/\/agora.xtec.cat\/ceipflama\/wp-json\/wp\/v2\/comments?post=12411"}],"version-history":[{"count":3,"href":"https:\/\/agora.xtec.cat\/ceipflama\/wp-json\/wp\/v2\/posts\/12411\/revisions"}],"predecessor-version":[{"id":12632,"href":"https:\/\/agora.xtec.cat\/ceipflama\/wp-json\/wp\/v2\/posts\/12411\/revisions\/12632"}],"wp:featuredmedia":[{"embeddable":true,"href":"https:\/\/agora.xtec.cat\/ceipflama\/wp-json\/wp\/v2\/media\/11794"}],"wp:attachment":[{"href":"https:\/\/agora.xtec.cat\/ceipflama\/wp-json\/wp\/v2\/media?parent=12411"}],"wp:term":[{"taxonomy":"category","embeddable":true,"href":"https:\/\/agora.xtec.cat\/ceipflama\/wp-json\/wp\/v2\/categories?post=12411"},{"taxonomy":"post_tag","embeddable":true,"href":"https:\/\/agora.xtec.cat\/ceipflama\/wp-json\/wp\/v2\/tags?post=12411"}],"curies":[{"name":"wp","href":"https:\/\/api.w.org\/{rel}","templated":true}]}}