{"id":12244,"date":"2020-05-11T09:30:10","date_gmt":"2020-05-11T07:30:10","guid":{"rendered":"http:\/\/agora.xtec.cat\/ceipflama\/?p=12244"},"modified":"2020-05-10T15:28:21","modified_gmt":"2020-05-10T13:28:21","slug":"pla-de-treball-5-cares-i-retrats","status":"publish","type":"post","link":"https:\/\/agora.xtec.cat\/ceipflama\/promocio-2013\/pla-de-treball-5-cares-i-retrats\/","title":{"rendered":"PLA DE TREBALL 5: CARES, RETRATS O AUTORETRATS!"},"content":{"rendered":"<p style=\"text-align: justify;\"><span style=\"color: #ff00ff;\"><strong>ESTIMATS NENS I NENES!<\/strong><\/span><\/p>\n<p style=\"text-align: justify;\">De segur que aquests dies tenim\u00a0tot un munt de sensacions i de sentiments ben diversos. Tant podem estar contents, perqu\u00e8 estem amb la fam\u00edlia i ens ho passem molt b\u00e9, com tristos, perqu\u00e8 enyorem els amics i l&#8217;escola, i, fins i tot, enfadats i enrabiats.<\/p>\n<p style=\"text-align: justify;\">Us trobo molt a faltar. Estic molt contenta pels reptes que m&#8217;envieu per\u00f2 tamb\u00e9 estic trista perqu\u00e8 no podem estar a prop i fer-nos una abra\u00e7ada ni compartir les vostres rialles \u00a0i els nostres moments a l&#8217;escola.<\/p>\n<p style=\"text-align: justify;\">Us proposo un nou repte que t\u00e9 2 fases! Podeu fer les que vulgueu! L&#8217;important \u00e9s que passeu una bona estona.<\/p>\n<ol style=\"text-align: justify;\">\n<li><span style=\"color: #0000ff;\"><strong>JUGAREM A FER CARES! CREAREM, ENS IL\u00b7LUSIONAREM&#8230; I ENS DIVERTIREM MOLT!<\/strong><\/span><\/li>\n<\/ol>\n<p style=\"text-align: justify;\">Primer de tot, hem de fer d&#8217;INVESTIGADORS i d&#8217;INVESTIGADORES. Hem de buscar diversos materials que tingueu per casa que us serveixin per fer cares (botons, pasta, pinces, cordills, llegums, taps, &#8230;).<\/p>\n<p style=\"text-align: justify;\">Sobre una BASE, que pot ser una cartolina, un full, un pl\u00e0stic, una safata de pastisseria,&#8230;, farem el CONTORN de la cara (que pot ser dibuixada, una taca de color, un cordill&#8230;).<\/p>\n<p style=\"text-align: justify;\">Esteu preparats? JUGUEM A FER CARES? \u00c0pali!\u00a0Col\u00b7loca aquest material per crear cares ben divertides i que expressin sentiments.<\/p>\n<p style=\"text-align: justify;\">Com ens sentim ara? Contents? Tristos? Sorpresos? &#8230;<\/p>\n<p style=\"text-align: justify;\"><a href=\"https:\/\/agora.xtec.cat\/ceipflama\/wp-content\/uploads\/usu1313\/2020\/05\/exemple-de-cara-e1588933250661.jpg\"><img loading=\"lazy\" decoding=\"async\" class=\"wp-image-12240 aligncenter\" src=\"https:\/\/agora.xtec.cat\/ceipflama\/wp-content\/uploads\/usu1313\/2020\/05\/exemple-de-cara-e1588933250661.jpg\" alt=\"\" width=\"155\" height=\"206\" srcset=\"https:\/\/agora.xtec.cat\/ceipflama\/wp-content\/uploads\/usu1313\/2020\/05\/exemple-de-cara-e1588933250661.jpg 480w, https:\/\/agora.xtec.cat\/ceipflama\/wp-content\/uploads\/usu1313\/2020\/05\/exemple-de-cara-e1588933250661-225x300.jpg 225w\" sizes=\"auto, (max-width: 155px) 100vw, 155px\" \/><\/a><\/p>\n<p style=\"text-align: justify;\"><span style=\"color: #339966;\"><strong>2. DIBUIXEM: RETRAT O AUTORETRAT.<\/strong><\/span><\/p>\n<p style=\"text-align: justify;\">Voleu dibuixar? Fa molts dies que no ens fem un autoretrat. Heu crescut i heu canviat. Ho volem veure! Aix\u00ed que aquest repte va sobre vosaltres!<\/p>\n<p style=\"text-align: justify;\">Juguem una estona davant del mirall? Fem unes ganyotes? Riem, ens posem tristos&#8230;? Preparats per dibuixar-vos!<\/p>\n<p style=\"text-align: justify;\">Tamb\u00e9 us podeu fer una fotografia amb l&#8217;expressi\u00f3 que voleu crear. O si preferiu tenir un model, dibuixeu a alg\u00fa de casa.<\/p>\n<p style=\"text-align: justify;\">Podeu fer un fons amb aquarel\u00b7la, guixos, colors pastells, &#8230; O, si no, si us agrada m\u00e9s&#8230; Feu vosaltres mateixos els colors d&#8217;aquesta base amb colorants alimentaris (caf\u00e8, cacau, c\u00farcuma, pebre vermell&#8230;). En trieu un i el dissoleu amb aigua.<\/p>\n<p style=\"text-align: justify;\">El dibuix pot ser amb retoladors, ceres o carbonet.<\/p>\n<p style=\"text-align: justify;\"><a href=\"https:\/\/agora.xtec.cat\/ceipflama\/wp-content\/uploads\/usu1313\/2020\/05\/IMG_1856.jpg\"><img loading=\"lazy\" decoding=\"async\" class=\"wp-image-12260 alignleft\" src=\"https:\/\/agora.xtec.cat\/ceipflama\/wp-content\/uploads\/usu1313\/2020\/05\/IMG_1856.jpg\" alt=\"\" width=\"105\" height=\"144\" srcset=\"https:\/\/agora.xtec.cat\/ceipflama\/wp-content\/uploads\/usu1313\/2020\/05\/IMG_1856.jpg 539w, https:\/\/agora.xtec.cat\/ceipflama\/wp-content\/uploads\/usu1313\/2020\/05\/IMG_1856-219x300.jpg 219w\" sizes=\"auto, (max-width: 105px) 100vw, 105px\" \/><\/a><img loading=\"lazy\" decoding=\"async\" class=\"alignleft wp-image-12258\" src=\"https:\/\/agora.xtec.cat\/ceipflama\/wp-content\/uploads\/usu1313\/2020\/05\/cara-carbonet.jpg\" alt=\"\" width=\"97\" height=\"130\" srcset=\"https:\/\/agora.xtec.cat\/ceipflama\/wp-content\/uploads\/usu1313\/2020\/05\/cara-carbonet.jpg 476w, https:\/\/agora.xtec.cat\/ceipflama\/wp-content\/uploads\/usu1313\/2020\/05\/cara-carbonet-223x300.jpg 223w\" sizes=\"auto, (max-width: 97px) 100vw, 97px\" \/><\/p>\n<p style=\"text-align: justify;\">Som-hi! Per compartir les vostres creacions, feu-me un mail amb el nom \u00a0de \u00a0l&#8217;alumne \u00a0i \u00a0el \u00a0curs\/classe \u00a0a:<\/p>\n<p style=\"text-align: justify;\">teresa@escolaflama.cat<\/p>\n<p style=\"text-align: justify;\">De ben segur que TOTS gaudirem de la <strong>INICIATIVA<\/strong> i la <strong>CREATIVITAT<\/strong> dels nens i nenes!<\/p>\n<p style=\"text-align: justify;\">Una abra\u00e7ada ben forta!<\/p>\n<p><img loading=\"lazy\" decoding=\"async\" class=\"aligncenter\" src=\"https:\/\/media.giphy.com\/media\/3odxXG6oUNRVhsdcLK\/giphy.gif\" alt=\"Estos son los GIFs m\u00e1s utilizados durante 2019 - El D\u00eda\" width=\"218\" height=\"163\" \/><\/p>\n<p>&nbsp;<\/p>\n","protected":false},"excerpt":{"rendered":"<p>ESTIMATS NENS I NENES! De segur que aquests dies tenim\u00a0tot un munt de sensacions i de sentiments ben diversos. Tant podem estar contents, perqu\u00e8 estem amb la fam\u00edlia i ens ho passem molt b\u00e9, com tristos, perqu\u00e8 enyorem els amics i l&#8217;escola, i, fins i tot, enfadats i enrabiats. Us trobo molt a faltar. Estic [&hellip;]<\/p>\n","protected":false},"author":1,"featured_media":0,"comment_status":"closed","ping_status":"closed","sticky":false,"template":"","format":"standard","meta":{"_bbp_topic_count":0,"_bbp_reply_count":0,"_bbp_total_topic_count":0,"_bbp_total_reply_count":0,"_bbp_voice_count":0,"_bbp_anonymous_reply_count":0,"_bbp_topic_count_hidden":0,"_bbp_reply_count_hidden":0,"_bbp_forum_subforum_count":0,"site-sidebar-layout":"default","site-content-layout":"","ast-site-content-layout":"","site-content-style":"default","site-sidebar-style":"default","ast-global-header-display":"","ast-banner-title-visibility":"","ast-main-header-display":"","ast-hfb-above-header-display":"","ast-hfb-below-header-display":"","ast-hfb-mobile-header-display":"","site-post-title":"","ast-breadcrumbs-content":"","ast-featured-img":"","footer-sml-layout":"","theme-transparent-header-meta":"","adv-header-id-meta":"","stick-header-meta":"","header-above-stick-meta":"","header-main-stick-meta":"","header-below-stick-meta":"","astra-migrate-meta-layouts":"default","ast-page-background-enabled":"default","ast-page-background-meta":{"desktop":{"background-color":"var(--ast-global-color-4)","background-image":"","background-repeat":"repeat","background-position":"center center","background-size":"auto","background-attachment":"scroll","background-type":"","background-media":"","overlay-type":"","overlay-color":"","overlay-opacity":"","overlay-gradient":""},"tablet":{"background-color":"","background-image":"","background-repeat":"repeat","background-position":"center center","background-size":"auto","background-attachment":"scroll","background-type":"","background-media":"","overlay-type":"","overlay-color":"","overlay-opacity":"","overlay-gradient":""},"mobile":{"background-color":"","background-image":"","background-repeat":"repeat","background-position":"center center","background-size":"auto","background-attachment":"scroll","background-type":"","background-media":"","overlay-type":"","overlay-color":"","overlay-opacity":"","overlay-gradient":""}},"ast-content-background-meta":{"desktop":{"background-color":"var(--ast-global-color-5)","background-image":"","background-repeat":"repeat","background-position":"center center","background-size":"auto","background-attachment":"scroll","background-type":"","background-media":"","overlay-type":"","overlay-color":"","overlay-opacity":"","overlay-gradient":""},"tablet":{"background-color":"var(--ast-global-color-5)","background-image":"","background-repeat":"repeat","background-position":"center center","background-size":"auto","background-attachment":"scroll","background-type":"","background-media":"","overlay-type":"","overlay-color":"","overlay-opacity":"","overlay-gradient":""},"mobile":{"background-color":"var(--ast-global-color-5)","background-image":"","background-repeat":"repeat","background-position":"center center","background-size":"auto","background-attachment":"scroll","background-type":"","background-media":"","overlay-type":"","overlay-color":"","overlay-opacity":"","overlay-gradient":""}},"footnotes":""},"categories":[8,3],"tags":[],"class_list":["post-12244","post","type-post","status-publish","format-standard","hentry","category-promocio-2012-6e","category-promocio-2013"],"post_mailing_queue_ids":[],"_links":{"self":[{"href":"https:\/\/agora.xtec.cat\/ceipflama\/wp-json\/wp\/v2\/posts\/12244","targetHints":{"allow":["GET"]}}],"collection":[{"href":"https:\/\/agora.xtec.cat\/ceipflama\/wp-json\/wp\/v2\/posts"}],"about":[{"href":"https:\/\/agora.xtec.cat\/ceipflama\/wp-json\/wp\/v2\/types\/post"}],"author":[{"embeddable":true,"href":"https:\/\/agora.xtec.cat\/ceipflama\/wp-json\/wp\/v2\/users\/1"}],"replies":[{"embeddable":true,"href":"https:\/\/agora.xtec.cat\/ceipflama\/wp-json\/wp\/v2\/comments?post=12244"}],"version-history":[{"count":4,"href":"https:\/\/agora.xtec.cat\/ceipflama\/wp-json\/wp\/v2\/posts\/12244\/revisions"}],"predecessor-version":[{"id":12335,"href":"https:\/\/agora.xtec.cat\/ceipflama\/wp-json\/wp\/v2\/posts\/12244\/revisions\/12335"}],"wp:attachment":[{"href":"https:\/\/agora.xtec.cat\/ceipflama\/wp-json\/wp\/v2\/media?parent=12244"}],"wp:term":[{"taxonomy":"category","embeddable":true,"href":"https:\/\/agora.xtec.cat\/ceipflama\/wp-json\/wp\/v2\/categories?post=12244"},{"taxonomy":"post_tag","embeddable":true,"href":"https:\/\/agora.xtec.cat\/ceipflama\/wp-json\/wp\/v2\/tags?post=12244"}],"curies":[{"name":"wp","href":"https:\/\/api.w.org\/{rel}","templated":true}]}}