{"id":12228,"date":"2020-05-18T09:00:18","date_gmt":"2020-05-18T07:00:18","guid":{"rendered":"http:\/\/agora.xtec.cat\/ceipflama\/?p=12228"},"modified":"2020-05-18T10:45:36","modified_gmt":"2020-05-18T08:45:36","slug":"pla-de-treball-6-el-so-de-la-primavera","status":"publish","type":"post","link":"https:\/\/agora.xtec.cat\/ceipflama\/promocio-2013\/pla-de-treball-6-el-so-de-la-primavera\/","title":{"rendered":"PLA DE TREBALL 6:  LA PRIMAVERA I SONS DE COLORS"},"content":{"rendered":"<p><strong><span style=\"color: #339966;\">HOLA &#8220;FLAMERUS&#8221;!!<img loading=\"lazy\" decoding=\"async\" class=\"alignleft\" src=\"https:\/\/dibujosparacolorear.eu\/wp-content\/uploads\/2016\/03\/primavera_..jpg\" alt=\"\u00f0\u009f\u0092\u00a0Primavera - Dibujosparacolorear.eu\" width=\"167\" height=\"131\" \/><\/span><\/strong><\/p>\n<p><strong><span style=\"color: #339966;\">Possiblement\u00a0 heu vist v\u00eddeos de com el confinament ha fet canviar els paisatges: <\/span><\/strong><\/p>\n<p><strong><span style=\"color: #339966;\">-menys contaminaci\u00f3,<\/span><\/strong><\/p>\n<p><strong><span style=\"color: #339966;\">-aig\u00fces dels rius i platges\u00a0 m\u00e9s clares, <\/span><\/strong><\/p>\n<p><strong><span style=\"color: #339966;\">\u00a0 \u00a0 \u00a0 \u00a0 \u00a0 \u00a0 \u00a0 \u00a0 \u00a0 \u00a0 \u00a0 \u00a0 \u00a0 \u00a0 \u00a0 \u00a0 \u00a0 \u00a0 \u00a0 \u00a0 \u00a0-animals salvatges a prop dels pobles\/costa&#8230;<\/span><\/strong><\/p>\n<p><strong><span style=\"color: #339966;\">Sabies que moltes composicions musicals estan inspirades en la natura i els seus sons? <img loading=\"lazy\" decoding=\"async\" class=\"\" src=\"https:\/\/image.shutterstock.com\/image-vector\/happy-emoticon-pointing-finger-presenting-260nw-1089322154.jpg\" alt=\"Im\u00c3\u00a1genes, fotos de stock y vectores sobre Idea+emoji | Shutterstock\" width=\"49\" height=\"47\" \/><\/span><\/strong><\/p>\n<p><strong><span style=\"color: #339966;\">Tamb\u00e9 s&#8217;han fet can\u00e7ons, com aquesta, que parlen de la bellesa del nostre m\u00f3n<\/span><\/strong><strong><span style=\"color: #339966;\">\u00a0:<\/span><\/strong><\/p>\n<p><strong><span style=\"color: #339966;\">Escolta-la a veure si t&#8217;agrada&#8230;<img loading=\"lazy\" decoding=\"async\" class=\"\" src=\"https:\/\/previews.123rf.com\/images\/michaeldb\/michaeldb0902\/michaeldb090200011\/4261060-a-happy-smiley-face-button-wears-headphones-and-a-musical-note-symbol-shows-he-is-listening-to-music.jpg\" alt=\"A Happy Smiley Face Button Wears Headphones And A Musical Note ...\" width=\"41\" height=\"41\" \/><\/span><\/strong><\/p>\n<p><img loading=\"lazy\" decoding=\"async\" class=\"\" src=\"https:\/\/i.ytimg.com\/vi\/9vDfrayr8v8\/hqdefault.jpg\" alt=\"El planeta m\u00c3\u00a9s bonic - YouTube\" width=\"155\" height=\"116\" \/><\/p>\n<p><span style=\"color: #0000ff;\"><a style=\"color: #0000ff;\" href=\"https:\/\/www.youtube.com\/watch?v=dciqiiaydew\"><strong>https:\/\/www.youtube.com\/watch?v=dciqiiaydew<\/strong><\/a><\/span><\/p>\n<p><strong><span style=\"color: #339966;\">Aquest pla de treball cont\u00e9 2 propostes:<\/span><\/strong><\/p>\n<p>&nbsp;<\/p>\n<h3><span style=\"text-decoration: underline;\"><span style=\"color: #ff6600; text-decoration: underline;\">PROPOSTA 1: LA PRIMAVERA (Vivaldi)<\/span><\/span><\/h3>\n<p><span style=\"font-weight: 400; color: #ff6600;\"><img loading=\"lazy\" decoding=\"async\" class=\"alignleft\" src=\"https:\/\/www.musicaeduca.es\/images\/noticias\/2015\/primavera_vivaldi_500.jpg\" alt=\"La Primavera - Lessons - Tes Teach\" width=\"125\" height=\"95\" \/><\/span><\/p>\n<p><span style=\"color: #ff6600;\">En aquest repte et proposo con\u00e8ixer &#8220;LA PRIMAVERA &#8220;<span style=\"font-weight: 400;\">de A. Vivaldi.<\/span><\/span><\/p>\n<p><span style=\"color: #ff6600;\">Com que t\u00e9 3 moviments, et proposo escoltar-ne la primera part.<\/span><\/p>\n<p><span style=\"font-weight: 400; color: #ff6600;\">Posa&#8217;t c\u00f2mode i t<\/span><span style=\"font-weight: 400; color: #800080;\"><span style=\"color: #ff6600;\">anca els ulls (pots imaginar-te un paisatge si et ve<\/span> <span style=\"color: #ff6600;\">de gust)<\/span><img loading=\"lazy\" decoding=\"async\" class=\"\" src=\"https:\/\/encrypted-tbn0.gstatic.com\/images?q=tbn%3AANd9GcTCzbOjUTKtCQLD4q9E9EY8EwRymJJXCk2ZOnJKoHBS1EN3IQqh&amp;usqp=CAU\" alt=\"Ilustraci\u00c3\u00b3n De Dibujos Animados De Un Ni\u00c3\u00b1o Descansando En Un Campo ...\" width=\"53\" height=\"53\" \/><\/span><\/p>\n<h5><span style=\"font-weight: 400; color: #800080;\">\u00a0<span style=\"color: #ff6600;\"><strong>1r moviment Allegro<\/strong><\/span><\/span><\/h5>\n<h6><span style=\"font-weight: 400; color: #ff6600;\">Comen\u00e7a amb una melodia representant el despertar<\/span><\/h6>\n<h6><span style=\"font-weight: 400; color: #ff6600;\">de la Primavera<img loading=\"lazy\" decoding=\"async\" class=\"\" src=\"https:\/\/encrypted-tbn0.gstatic.com\/images?q=tbn%3AANd9GcQu0H7tGZSD8eUPKpEiaxCa8KjrPnm9cqRPLElOGyPwRc6ifi1B&amp;usqp=CAU\" alt=\"Icono Flor, sonrisa, smiley, naturaleza, cara, emoji, emoticon ...\" width=\"35\" height=\"35\" \/> i despr\u00e9s imitant el cant dels ocells.<img loading=\"lazy\" decoding=\"async\" class=\"\" src=\"https:\/\/image.freepik.com\/vector-gratis\/dibujos-animados-aves_119631-153.jpg\" alt=\"Dibujos animados de aves | Vector Premium\" width=\"45\" height=\"45\" \/> <\/span><\/h6>\n<h6><span style=\"font-weight: 400; color: #ff6600;\">Continua la melodia de la Primavera seguit d&#8217;un parell de <img loading=\"lazy\" decoding=\"async\" class=\"\" src=\"https:\/\/www.carriagehouseviolins.com\/images-for-products\/instruments_bows\/A-VN_1923-large.jpg\" alt=\"1\/2 Mittenwald violin circa 1880 at Carriage House Violins\" width=\"43\" height=\"43\" \/> violins que ens fan pensar en\u00a0 rierols.<\/span><\/h6>\n<h6><span style=\"font-weight: 400; color: #ff6600;\">Compte !!!!! s&#8217;acosta una tempesta <img loading=\"lazy\" decoding=\"async\" class=\"\" src=\"https:\/\/previews.123rf.com\/images\/kenbenner\/kenbenner1303\/kenbenner130300069\/18834621-ilustraci%C3%B3n-de-dibujos-animados-de-una-nube-de-tormenta-con-lluvia-y-truenos.jpg\" alt=\"Ilustraci\u00c3\u00b3n De Dibujos Animados De Una Nube De Tormenta Con Lluvia ...\" width=\"34\" height=\"27\" \/>&#8230;<\/span><\/h6>\n<h6><span style=\"font-weight: 400; color: #ff6600;\">Poc a poc, tot torna a la calma&#8230; <img loading=\"lazy\" decoding=\"async\" class=\"\" src=\"https:\/\/i.pinimg.com\/originals\/b4\/b8\/4a\/b4b84a612f1e5dac7f0806e000580d65.jpg\" alt=\"imagenes del sol en caricatura nube | Imagenes de soles, Sol ...\" width=\"32\" height=\"30\" \/><\/span><\/h6>\n<h6><span style=\"font-weight: 400; color: #ff6600;\">Torna a sonar el tema de la Primavera <img loading=\"lazy\" decoding=\"async\" class=\"\" src=\"https:\/\/encrypted-tbn0.gstatic.com\/images?q=tbn%3AANd9GcQu0H7tGZSD8eUPKpEiaxCa8KjrPnm9cqRPLElOGyPwRc6ifi1B&amp;usqp=CAU\" alt=\"Icono Flor, sonrisa, smiley, naturaleza, cara, emoji, emoticon ...\" width=\"34\" height=\"34\" \/>i finalitza el primer moviment.<\/span><\/h6>\n<p>&nbsp;<\/p>\n<h6><span style=\"color: #800080;\"><img loading=\"lazy\" decoding=\"async\" class=\"\" src=\"https:\/\/mediateca.educa.madrid.org\/imagen.php?id=cs1dlorh8vzhidly&amp;m=0&amp;ext=.jpg\" alt=\"La primavera de Vivaldi: soneto, estructura y comentarios ...\" width=\"322\" height=\"181\" \/><\/span><\/h6>\n<h6><span style=\"color: #800080;\"><a style=\"color: #800080;\" href=\"https:\/\/youtu.be\/f6Kr8_5jNpE\"><span style=\"color: #0000ff;\">https:\/\/youtu.be\/f6Kr8_5jNpE<\/span><\/a><\/span><\/h6>\n<p>&nbsp;<\/p>\n<h6><span style=\"color: #ff6600;\">Tamb\u00e9 la pots escoltar seguint aquest MUSICOGRAMA on cada dibuix mostra una part de la melodia.\u00a0<\/span><\/h6>\n<h6><span style=\"color: #ff6600;\"><img loading=\"lazy\" decoding=\"async\" class=\"\" src=\"https:\/\/i.pinimg.com\/originals\/a3\/50\/58\/a350580b8da5ac6fafcce7c0d168da14.jpg\" alt=\"Musicograma del primer movimiento de la Primavera de Las cuatro ...\" width=\"263\" height=\"197\" \/><\/span><\/h6>\n<p><span style=\"color: #0000ff;\"><strong><a style=\"color: #0000ff;\" href=\"https:\/\/youtu.be\/oB1WHKgjgHQ\">https:\/\/youtu.be\/oB1WHKgjgHQ<\/a><\/strong><\/span><\/p>\n<p><img loading=\"lazy\" decoding=\"async\" class=\"\" src=\"https:\/\/image.shutterstock.com\/image-vector\/smiling-ball-imagination-cloud-toughts-260nw-1197737806.jpg\" alt=\"Emoji Pensativo: Im\u00c3\u00a1genes, fotos de stock y vectores | Shutterstock\" width=\"62\" height=\"79\" \/><\/p>\n<table style=\"width: 795px; height: 118px;\">\n<tbody>\n<tr style=\"height: 53px;\">\n<td style=\"width: 472px; height: 53px;\">\n<h5><strong><span style=\"color: #ff6600;\">Per qu\u00e8 hi ha 2 flors iguals per\u00f2 una \u00e9s m\u00e9s gran que l&#8217;altra?<\/span><\/strong><\/h5>\n<\/td>\n<td style=\"width: 315px; height: 53px;\"><\/td>\n<\/tr>\n<tr style=\"height: 55px;\">\n<td style=\"width: 472px; height: 55px;\">\n<h5><strong><span style=\"color: #ff6600;\">Quantes vegades es representa la tempesta?<\/span><\/strong><\/h5>\n<\/td>\n<td style=\"width: 315px; height: 55px;\"><\/td>\n<\/tr>\n<tr style=\"height: 10px;\">\n<td style=\"width: 472px; height: 10px;\">\n<h5><strong><span style=\"color: #ff6600;\">Quantes vegades la m\u00fasica representa el cant dels ocells?<\/span><\/strong><\/h5>\n<h5><\/h5>\n<\/td>\n<td style=\"width: 315px; height: 10px;\"><\/td>\n<\/tr>\n<\/tbody>\n<\/table>\n<p>&nbsp;<\/p>\n<h5><span style=\"color: #ff6600;\">La m\u00fasica tamb\u00e9 es pot representar amb el cos (ballant)&#8230;.<img loading=\"lazy\" decoding=\"async\" class=\"\" src=\"https:\/\/previews.123rf.com\/images\/luchioly\/luchioly1612\/luchioly161200049\/67994777-silueta-de-una-bailarina-bailarines-de-ballet-aislado-en-un-fondo-blanco-ilustraci%C3%B3n-de-la-acuarela-.jpg\" alt=\"Silueta De Una Bailarina. Bailarines De Ballet. Aislado En Un ...\" width=\"83\" height=\"59\" \/><\/span><\/h5>\n<h5><span style=\"color: #339966;\"><span style=\"color: #ff6600;\">Mira aquest grup de dansa com la representen.<\/span><\/span><\/h5>\n<h5><span style=\"color: #339966;\"><span style=\"color: #ff6600;\">T&#8217;animes a moure&#8217;t i ballar? (pots fer-ho lliurement o seguint alguna de les ballarines).<\/span>\u00a0<\/span><\/h5>\n<h5><\/h5>\n<h5><img loading=\"lazy\" decoding=\"async\" class=\"\" src=\"https:\/\/i.ytimg.com\/vi\/diqDijUt2oc\/hqdefault.jpg\" alt=\"Musicograma - El vals de las Flores - YouTube\" width=\"198\" height=\"148\" \/><\/h5>\n<p><span style=\"color: #0000ff;\"><strong><a style=\"color: #0000ff;\" href=\"https:\/\/youtu.be\/kyPx05LTO-Y\">https:\/\/youtu.be\/kyPx05LTO-Y<\/a><\/strong><\/span><\/p>\n<p><img loading=\"lazy\" decoding=\"async\" class=\"alignleft\" src=\"https:\/\/pelisdebambiblog.files.wordpress.com\/2018\/10\/1127ipz1.jpg?w=736\" alt=\"Introducci\u00c3\u00b3n a la Animaci\u00c3\u00b3n: Historia de la Animaci\u00c3\u00b3n \u00e2\u0080\u0093 \u00f0\u009f\u008e\u00acLas ...\" width=\"95\" height=\"52\" \/><\/p>\n<h5><\/h5>\n<h5><span style=\"color: #ff6600;\">Vols veure qu\u00e8 es va imaginar Disney quan va escoltar aquesta obra?<\/span><\/h5>\n<p>&nbsp;<\/p>\n<p><img loading=\"lazy\" decoding=\"async\" class=\"\" src=\"https:\/\/i.ytimg.com\/vi\/dciqiiaydew\/maxresdefault.jpg\" alt=\"ANTONIO VIVALDI - LAS CUATRO ESTACIONES - PRIMAVERA DISNEY - YouTube\" width=\"172\" height=\"97\" \/><\/p>\n<h6><span style=\"color: #0000ff;\"><strong><a style=\"color: #0000ff;\" href=\"https:\/\/youtu.be\/dciqiiaydew\">https:\/\/youtu.be\/dciqiiaydew<\/a><\/strong><\/span><\/h6>\n<p>&nbsp;<\/p>\n<h3><span style=\"text-decoration: underline;\"><span style=\"color: #33cccc; text-decoration: underline;\">PROPOSTA 2: XIL\u00d2FON D&#8217;AIGUA<\/span><\/span><\/h3>\n<p><strong><span style=\"color: #33cccc;\">Aquest \u00e9s un repte sobre construir el teu propi instrument i tocar la teva m\u00fasica.<img loading=\"lazy\" decoding=\"async\" class=\"\" src=\"https:\/\/static.elcorreo.com\/www\/multimedia\/201905\/30\/media\/cortadas\/notas-U70926235217hw-U80402286587YrB-624x385@El%20Correo-ElCorreo.jpg\" alt=\"Qu\u00c3\u00a9 tiene que ver la m\u00c3\u00basica con el trabajo? | El Correo\" width=\"50\" height=\"31\" \/><\/span><\/strong><\/p>\n<div><span style=\"color: #33cccc;\"><strong><span style=\"text-decoration: underline;\">MATERIAL:<\/span><\/strong><\/span><\/div>\n<div><\/div>\n<ul>\n<li><span style=\"color: #33cccc;\"><strong>\u00a05 o 8\u00a0 gots de vidre ( o ampolles de vidre petites)<\/strong><\/span><\/li>\n<li><strong><span style=\"color: #33cccc;\">Aigua<\/span><\/strong><\/li>\n<li><strong><span style=\"color: #33cccc;\">Cullera met\u00e0l\u00b7lica i\/o de fusta<\/span><\/strong><\/li>\n<li><strong><span style=\"color: #33cccc;\">Colorant alimentari o pintura (opcional)<\/span><\/strong><\/li>\n<li><a href=\"http:\/\/3.bp.blogspot.com\/-QvhQTPkDvmY\/VW8FYmh0kPI\/AAAAAAAAEgY\/GfhkukHi8lY\/s1600\/instrumento-musical-casero-xilofon.jpg\"><img loading=\"lazy\" decoding=\"async\" class=\"\" title=\"Instrumentos musicales caseros xilof\u00f3n\" src=\"http:\/\/3.bp.blogspot.com\/-QvhQTPkDvmY\/VW8FYmh0kPI\/AAAAAAAAEgY\/GfhkukHi8lY\/s1600\/instrumento-musical-casero-xilofon.jpg\" alt=\"Instrumentos musicales caseros xilof\u00f3n\" width=\"306\" height=\"204\" border=\"0\" \/><\/a><\/li>\n<\/ul>\n<p><span style=\"text-decoration: underline; color: #33cccc;\"><strong>FUNCIONAMENT<\/strong><\/span><\/p>\n<ol>\n<li><strong><span style=\"color: #33cccc;\">S&#8217;omplen els gots amb diferents quantitats d&#8217;aigua.<\/span><\/strong><\/li>\n<li><strong><span style=\"color: #33cccc;\">Per fer-ho m\u00e9s divertiti pots tirar una mica de colorant alimentari a l&#8217;aigua (o unes gotes de pintura).<\/span><\/strong><\/li>\n<li><strong><span style=\"color: #33cccc;\">Amb una cullera met\u00e0l\u00b7lica i una de fusta colpeja les ampolles per produir diferents sons.<\/span><\/strong><\/li>\n<li><span style=\"color: #33cccc;\"><strong>Toca una melodia amb el teu instrument <img loading=\"lazy\" decoding=\"async\" class=\"\" src=\"https:\/\/cdn5.dibujos.net\/dibujos\/pintados\/201052\/68547c78b7bed82b5eeca5a5076ee9cd.png\" alt=\"Dibujo de Director de orquesta pintado por Angy en Dibujos.net el ...\" width=\"85\" height=\"79\" \/><\/strong><\/span><\/li>\n<\/ol>\n<p><span style=\"text-decoration: underline;\"><span style=\"color: #33cccc; text-decoration: underline;\"><strong>OBSERVACI\u00d3<\/strong><\/span><\/span><\/p>\n<table style=\"width: 733px;\">\n<tbody>\n<tr>\n<td style=\"width: 261px;\"><span style=\"color: #33cccc;\"><em><strong>QUIN GOT SONA M\u00c9S AGUT ?<\/strong><\/em><\/span><\/td>\n<td style=\"width: 464px;\"><\/td>\n<\/tr>\n<tr>\n<td style=\"width: 261px;\"><span style=\"color: #33cccc;\"><em><strong>PER QU\u00c8?<\/strong><\/em><\/span><\/td>\n<td style=\"width: 464px;\"><\/td>\n<\/tr>\n<\/tbody>\n<\/table>\n<h4 class=\"separator\"><strong><span style=\"color: #339966;\">Fins aqu\u00ed les propostes musicals.<img loading=\"lazy\" decoding=\"async\" class=\"\" src=\"https:\/\/static1.squarespace.com\/static\/52d9d79be4b0506918718f91\/52d9dfd8e4b01e290cccb598\/54aefb57e4b0d0f4a9e28b56\/1420871457768\/?format=1500w\" alt=\"Marking the day: the Divorce-iversary \u00e2\u0080\u0094 Single Mom Nation\" width=\"131\" height=\"73\" \/> <\/span><\/strong><\/h4>\n<div><\/div>\n<h5 class=\"separator\"><strong><span style=\"color: #339966;\"><span style=\"color: #000000;\">Recodeu que em podeu enviar les respostes, comentaris sobre com us han anat les activitats, v\u00eddeos&#8230;\u00a0 a <\/span><span style=\"color: #000080;\">estherc<\/span><\/span><\/strong><strong><span style=\"color: #339966;\"><span style=\"color: #000080;\">@escolaflama.cat.\u00a0\u00a0<\/span><\/span><\/strong><\/h5>\n<p>&nbsp;<\/p>\n<p><span style=\"color: #808080;\"><strong>Per cert, sempre que pugueu aneu escoltant i cantant la can\u00e7\u00f3 NO ENS DESDIBUIXEU, que aviat la cantarem tots junts\u00a0 <img loading=\"lazy\" decoding=\"async\" class=\"\" src=\"https:\/\/cdn5.dibujos.net\/dibujos\/pintados\/201941\/cantante-pop-musica-11642176.jpg\" alt=\"Dibujo de Cantante Pop pintado por en Dibujos.net el d\u00c3\u00ada 09-10-19 ...\" width=\"71\" height=\"56\" \/><img loading=\"lazy\" decoding=\"async\" class=\"\" src=\"https:\/\/comps.canstockphoto.es\/cantante-joven-clip-art-vectorial_csp19160067.jpg\" alt=\"Un joven cantante. La ilustraci\u00c3\u00b3n de un joven cantante en un fondo ...\" width=\"33\" height=\"57\" \/><\/strong><\/span><\/p>\n<div class=\"ast-oembed-container \" style=\"height: 100%;\"><iframe loading=\"lazy\" title=\"No Ens Desdibuixeu Petit Taller de Can\u00e7ons [Video Oficial][PeTaCa]\" width=\"500\" height=\"281\" src=\"https:\/\/www.youtube.com\/embed\/z5csyfS5B_o?feature=oembed\" frameborder=\"0\" allow=\"accelerometer; autoplay; clipboard-write; encrypted-media; gyroscope; picture-in-picture; web-share\" referrerpolicy=\"strict-origin-when-cross-origin\" allowfullscreen><\/iframe><\/div>\n","protected":false},"excerpt":{"rendered":"<p>HOLA &#8220;FLAMERUS&#8221;!! Possiblement\u00a0 heu vist v\u00eddeos de com el confinament ha fet canviar els paisatges: -menys contaminaci\u00f3, -aig\u00fces dels rius i platges\u00a0 m\u00e9s clares, \u00a0 \u00a0 \u00a0 \u00a0 \u00a0 \u00a0 \u00a0 \u00a0 \u00a0 \u00a0 \u00a0 \u00a0 \u00a0 \u00a0 \u00a0 \u00a0 \u00a0 \u00a0 \u00a0 \u00a0 \u00a0-animals salvatges a prop dels pobles\/costa&#8230; Sabies que moltes composicions musicals [&hellip;]<\/p>\n","protected":false},"author":17,"featured_media":0,"comment_status":"closed","ping_status":"closed","sticky":false,"template":"","format":"standard","meta":{"_bbp_topic_count":0,"_bbp_reply_count":0,"_bbp_total_topic_count":0,"_bbp_total_reply_count":0,"_bbp_voice_count":0,"_bbp_anonymous_reply_count":0,"_bbp_topic_count_hidden":0,"_bbp_reply_count_hidden":0,"_bbp_forum_subforum_count":0,"site-sidebar-layout":"default","site-content-layout":"","ast-site-content-layout":"","site-content-style":"default","site-sidebar-style":"default","ast-global-header-display":"","ast-banner-title-visibility":"","ast-main-header-display":"","ast-hfb-above-header-display":"","ast-hfb-below-header-display":"","ast-hfb-mobile-header-display":"","site-post-title":"","ast-breadcrumbs-content":"","ast-featured-img":"","footer-sml-layout":"","theme-transparent-header-meta":"","adv-header-id-meta":"","stick-header-meta":"","header-above-stick-meta":"","header-main-stick-meta":"","header-below-stick-meta":"","astra-migrate-meta-layouts":"default","ast-page-background-enabled":"default","ast-page-background-meta":{"desktop":{"background-color":"var(--ast-global-color-4)","background-image":"","background-repeat":"repeat","background-position":"center center","background-size":"auto","background-attachment":"scroll","background-type":"","background-media":"","overlay-type":"","overlay-color":"","overlay-opacity":"","overlay-gradient":""},"tablet":{"background-color":"","background-image":"","background-repeat":"repeat","background-position":"center center","background-size":"auto","background-attachment":"scroll","background-type":"","background-media":"","overlay-type":"","overlay-color":"","overlay-opacity":"","overlay-gradient":""},"mobile":{"background-color":"","background-image":"","background-repeat":"repeat","background-position":"center center","background-size":"auto","background-attachment":"scroll","background-type":"","background-media":"","overlay-type":"","overlay-color":"","overlay-opacity":"","overlay-gradient":""}},"ast-content-background-meta":{"desktop":{"background-color":"var(--ast-global-color-5)","background-image":"","background-repeat":"repeat","background-position":"center center","background-size":"auto","background-attachment":"scroll","background-type":"","background-media":"","overlay-type":"","overlay-color":"","overlay-opacity":"","overlay-gradient":""},"tablet":{"background-color":"var(--ast-global-color-5)","background-image":"","background-repeat":"repeat","background-position":"center center","background-size":"auto","background-attachment":"scroll","background-type":"","background-media":"","overlay-type":"","overlay-color":"","overlay-opacity":"","overlay-gradient":""},"mobile":{"background-color":"var(--ast-global-color-5)","background-image":"","background-repeat":"repeat","background-position":"center center","background-size":"auto","background-attachment":"scroll","background-type":"","background-media":"","overlay-type":"","overlay-color":"","overlay-opacity":"","overlay-gradient":""}},"footnotes":""},"categories":[8,3],"tags":[],"class_list":["post-12228","post","type-post","status-publish","format-standard","hentry","category-promocio-2012-6e","category-promocio-2013"],"post_mailing_queue_ids":[],"_links":{"self":[{"href":"https:\/\/agora.xtec.cat\/ceipflama\/wp-json\/wp\/v2\/posts\/12228","targetHints":{"allow":["GET"]}}],"collection":[{"href":"https:\/\/agora.xtec.cat\/ceipflama\/wp-json\/wp\/v2\/posts"}],"about":[{"href":"https:\/\/agora.xtec.cat\/ceipflama\/wp-json\/wp\/v2\/types\/post"}],"author":[{"embeddable":true,"href":"https:\/\/agora.xtec.cat\/ceipflama\/wp-json\/wp\/v2\/users\/17"}],"replies":[{"embeddable":true,"href":"https:\/\/agora.xtec.cat\/ceipflama\/wp-json\/wp\/v2\/comments?post=12228"}],"version-history":[{"count":4,"href":"https:\/\/agora.xtec.cat\/ceipflama\/wp-json\/wp\/v2\/posts\/12228\/revisions"}],"predecessor-version":[{"id":12577,"href":"https:\/\/agora.xtec.cat\/ceipflama\/wp-json\/wp\/v2\/posts\/12228\/revisions\/12577"}],"wp:attachment":[{"href":"https:\/\/agora.xtec.cat\/ceipflama\/wp-json\/wp\/v2\/media?parent=12228"}],"wp:term":[{"taxonomy":"category","embeddable":true,"href":"https:\/\/agora.xtec.cat\/ceipflama\/wp-json\/wp\/v2\/categories?post=12228"},{"taxonomy":"post_tag","embeddable":true,"href":"https:\/\/agora.xtec.cat\/ceipflama\/wp-json\/wp\/v2\/tags?post=12228"}],"curies":[{"name":"wp","href":"https:\/\/api.w.org\/{rel}","templated":true}]}}