{"id":12190,"date":"2020-05-11T10:03:37","date_gmt":"2020-05-11T08:03:37","guid":{"rendered":"http:\/\/agora.xtec.cat\/ceipflama\/?p=12190"},"modified":"2020-05-11T10:03:37","modified_gmt":"2020-05-11T08:03:37","slug":"pla-de-treball-5-una-mica-de-tot-2","status":"publish","type":"post","link":"https:\/\/agora.xtec.cat\/ceipflama\/promocio-2011-6e\/pla-de-treball-5-una-mica-de-tot-2\/","title":{"rendered":"PLA DE TREBALL 5: UNA MICA DE TOT"},"content":{"rendered":"<p>Esperem que tots i totes estigueu b\u00e9 i que aneu fent els reptes que us proposem des de l&#8217;escola amb moltes ganes. Les mestres us trobem a faltar i tot i que ens agradaria molt tenir-vos a prop, encara hem d&#8217;anar seguint treballant com ho estem fent fins ara. Tenim moltes ganes de retrobar-vos ben aviat!<\/p>\n<p>Us deixem algunes propostes per anar treballant aquests dies. Esperem que us agradin!<\/p>\n<p><img loading=\"lazy\" decoding=\"async\" class=\" aligncenter\" src=\"https:\/\/media3.giphy.com\/media\/g3bKgbTctP1kI\/giphy.gif\" width=\"316\" height=\"226\" \/><\/p>\n<p><strong>*PROPOSTA 1: SIMETRIES<\/strong><\/p>\n<p><a href=\"https:\/\/agora.xtec.cat\/ceipflama\/wp-content\/uploads\/usu1313\/2020\/05\/Screenshot_20200506_195944.jpg\"><img loading=\"lazy\" decoding=\"async\" class=\"wp-image-12211 aligncenter\" src=\"https:\/\/agora.xtec.cat\/ceipflama\/wp-content\/uploads\/usu1313\/2020\/05\/Screenshot_20200506_195944-1024x629.jpg\" alt=\"\" width=\"602\" height=\"370\" srcset=\"https:\/\/agora.xtec.cat\/ceipflama\/wp-content\/uploads\/usu1313\/2020\/05\/Screenshot_20200506_195944-1024x629.jpg 1024w, https:\/\/agora.xtec.cat\/ceipflama\/wp-content\/uploads\/usu1313\/2020\/05\/Screenshot_20200506_195944-300x184.jpg 300w, https:\/\/agora.xtec.cat\/ceipflama\/wp-content\/uploads\/usu1313\/2020\/05\/Screenshot_20200506_195944-768x471.jpg 768w, https:\/\/agora.xtec.cat\/ceipflama\/wp-content\/uploads\/usu1313\/2020\/05\/Screenshot_20200506_195944.jpg 1080w\" sizes=\"auto, (max-width: 602px) 100vw, 602px\" \/><\/a><\/p>\n<p><strong>*PROPOSTA 2: ANAGRAMA<\/strong><\/p>\n<p>Un <strong>anagrama <\/strong>\u00e9s una paraula formada per la tranposici\u00f3 de les lletres d\u2019una altra paraula.<\/p>\n<p>Escriu un anagrama per a cada paraula.<\/p>\n<p>&nbsp;<\/p>\n<p>A M O R\u00a0\u00a0\u00a0\u00a0\u00a0\u00a0\u00a0\u00a0\u00a0\u00a0\u00a0\u00a0\u00a0\u00a0\u00a0\u00a0\u00a0\u00a0\u00a0\u00a0\u00a0\u00a0\u00a0\u00a0\u00a0\u00a0\u00a0\u00a0\u00a0\u00a0\u00a0\u00a0\u00a0\u00a0\u00a0\u00a0\u00a0\u00a0\u00a0\u00a0\u00a0\u00a0\u00a0\u00a0\u00a0\u00a0\u00a0\u00a0\u00a0\u00a0\u00a0 N A D \u00d3<br \/>\n&#8230;&#8230;&#8230;&#8230;..\u00a0\u00a0\u00a0\u00a0\u00a0\u00a0\u00a0\u00a0\u00a0\u00a0\u00a0\u00a0\u00a0\u00a0\u00a0\u00a0\u00a0\u00a0\u00a0\u00a0\u00a0\u00a0\u00a0\u00a0\u00a0\u00a0\u00a0\u00a0\u00a0\u00a0\u00a0\u00a0\u00a0\u00a0\u00a0\u00a0\u00a0\u00a0\u00a0\u00a0\u00a0\u00a0\u00a0\u00a0\u00a0\u00a0\u00a0\u00a0\u00a0\u00a0 \u2026\u2026\u2026\u2026<\/p>\n<p>L \u00c0 M I N A\u00a0\u00a0\u00a0\u00a0\u00a0\u00a0\u00a0\u00a0\u00a0\u00a0\u00a0\u00a0\u00a0\u00a0\u00a0\u00a0\u00a0\u00a0\u00a0\u00a0\u00a0\u00a0\u00a0\u00a0\u00a0\u00a0\u00a0\u00a0\u00a0\u00a0\u00a0\u00a0\u00a0\u00a0\u00a0\u00a0\u00a0\u00a0\u00a0\u00a0\u00a0\u00a0\u00a0\u00a0\u00a0\u00a0 P A T R \u00d3<\/p>\n<p>\u2026\u2026\u2026\u2026\u2026.\u00a0\u00a0\u00a0\u00a0\u00a0\u00a0\u00a0\u00a0\u00a0\u00a0\u00a0\u00a0\u00a0\u00a0\u00a0\u00a0\u00a0\u00a0\u00a0\u00a0\u00a0\u00a0\u00a0\u00a0\u00a0\u00a0\u00a0\u00a0\u00a0\u00a0\u00a0\u00a0\u00a0\u00a0\u00a0\u00a0\u00a0\u00a0\u00a0\u00a0\u00a0 \u00a0\u00a0\u00a0\u00a0\u2026\u2026\u2026\u2026\u2026<\/p>\n<p>E S P O N J A\u00a0\u00a0\u00a0\u00a0\u00a0\u00a0\u00a0\u00a0\u00a0\u00a0\u00a0\u00a0\u00a0\u00a0\u00a0\u00a0\u00a0\u00a0\u00a0\u00a0\u00a0\u00a0\u00a0\u00a0\u00a0\u00a0\u00a0\u00a0\u00a0\u00a0\u00a0\u00a0\u00a0\u00a0\u00a0\u00a0\u00a0\u00a0\u00a0\u00a0\u00a0\u00a0 R E B O S T<\/p>\n<p>\u2026\u2026\u2026\u2026\u2026\u2026..\u00a0\u00a0\u00a0\u00a0\u00a0\u00a0\u00a0\u00a0\u00a0\u00a0\u00a0\u00a0\u00a0\u00a0\u00a0\u00a0\u00a0\u00a0\u00a0\u00a0\u00a0\u00a0\u00a0\u00a0\u00a0\u00a0\u00a0\u00a0\u00a0\u00a0\u00a0\u00a0\u00a0\u00a0\u00a0\u00a0\u00a0\u00a0\u00a0\u00a0\u00a0 \u2026\u2026\u2026\u2026\u2026\u2026<\/p>\n<p><strong>*PROPOSTA 3: LLEGENDA DEL GEGANT ADORMIT<\/strong><\/p>\n<p><span style=\"font-weight: 400;\">Com es conserven les hist\u00f2ries? T\u2019han explicat mai una llegenda?<\/span><\/p>\n<p><span style=\"font-weight: 400;\">Aquesta llegenda parla d\u2019un gegant que s\u2019endormisca, per\u00f2 nosaltres no acluquem l\u2019ull amb aquesta hist\u00f2ria fant\u00e0stica\u2026<\/span><\/p>\n<p><i><span style=\"font-weight: 400;\">Temps era temps, un xicot molt espavilat que vivia a la riba del\u00a0 riu Ter passava les estones lliures pescant, ja que era la seva gran afici\u00f3. Una vegada, accidentalment, l\u2019ham va atrapar els cabells d\u2019una dona d\u2019aigua. Les dones d\u2019aigua per si no ho sabeu, s\u00f3n aquelles fades que viuen amagades als corrents d\u2019aig\u00fces netes i que nom\u00e9s surten quan \u00e9s de nit. Enfurismada, la fada el va convertir en gegant i va llan\u00e7ar-li un encanteri: sempre m\u00e9s hauria d\u2019estar despert, ja que si s\u2019adormia, es convertiria en una est\u00e0tua de pedra.<\/span><\/i><\/p>\n<p><i><span style=\"font-weight: 400;\">Per estar sempre actiu i no endormiscar-se, el gegant es dedicava a ajudar els pagesos de l\u2019entorn: treballava la terra, cuidava els ramats i arreglava les masies.<\/span><\/i><\/p>\n<p><i><span style=\"font-weight: 400;\">Un dia va esclatar una gran tempesta que va inundar els camps i el jove va salvar bona part de la gent de morir ofegada. Per\u00f2 cansat de tant esfor\u00e7, es va estirar i va caure adormit en un tres i no res. L\u2019encanteri es va complir.<\/span><\/i><\/p>\n<p><i><span style=\"font-weight: 400;\">Per aix\u00f2 si aneu als cingles de Tavertet i els contempleu amb atenci\u00f3, podreu veure el gegant transformat en una gran silueta de pedra.<\/span><\/i><\/p>\n<p><i><span style=\"font-weight: 400;\">I&#8230;llegenda explicada, llegenda acabada<\/span><\/i><\/p>\n<p><img loading=\"lazy\" decoding=\"async\" class=\"alignnone size-large\" src=\"https:\/\/s1.wklcdn.com\/image_5\/156652\/13182692\/8132125Master.jpg\" width=\"1600\" height=\"1200\" \/><\/p>\n<p style=\"text-align: right;\"><sub>El riu Ter<\/sub><\/p>\n<p><b>En aquesta hist\u00f2ria s\u2019hi expliquen moltes coses\u2026<\/b><\/p>\n<p>&nbsp;<\/p>\n<ul>\n<li><b>Qu\u00e8 li va passar al noi a la vora del riu Ter?<\/b><\/li>\n<\/ul>\n<ul>\n<li>Qu\u00e8 feia el gegant per no adormir-se?<\/li>\n<\/ul>\n<ul>\n<li>Que un xicot es converteixi en pedra \u00e9s possible o impossible?<\/li>\n<\/ul>\n<ul>\n<li>Se us acut com el gegant podria haver evitat convertir-se en pedra?<\/li>\n<\/ul>\n<p>&nbsp;<\/p>\n<p><strong>*PROPOSTA 4:\u00a0<\/strong>Aquesta setmana us proposem un repte sobre ANIMALS. Ja sabeu que els animals poden ser :<\/p>\n<p><strong>VERTEBRATS I INVERTEBRATS<\/strong><\/p>\n<ul>\n<li>QUINA DIFER\u00c8NCIA HI HA ENTRE ELS VERTEBRATS I INVERTEBRATS?<\/li>\n<\/ul>\n<p><u>EXPLICACI\u00d3 DE L\u2019ACTIVITAT<\/u><\/p>\n<p>1r. Mireu un power point que us hem posat dels animals vertebrats.<\/p>\n<div class=\"ast-oembed-container \" style=\"height: 100%;\"><iframe loading=\"lazy\" title=\"Presentaci\u00f3 vertebrats i invertebrats\" src=\"https:\/\/www.slideshare.net\/slideshow\/embed_code\/key\/z1gYyCo5VLNR74\" width=\"427\" height=\"356\" frameborder=\"0\" marginwidth=\"0\" marginheight=\"0\" scrolling=\"no\" style=\"border:1px solid #CCC; border-width:1px; margin-bottom:5px; max-width: 100%;\" allowfullscreen> <\/iframe><\/div>\n<p>\u00c9s important que el llegiu una estona.<\/p>\n<p>2n .Aqu\u00ed teniu un enlla\u00e7 d\u2019una noticia d\u2019 INFOK. Us animo a mirar-la.\u00a0\u00c9S MOLT INTERESSANT!<\/p>\n<p>Aqu\u00ed teniu l\u2019enlla\u00e7: <a href=\"https:\/\/www.ccma.cat\/tv3\/super3\/infok\/uns-animals-que-reapareixen-i-un-que-desapareix\/video\/5826162\/\">https:\/\/www.ccma.cat\/tv3\/super3\/infok\/uns-animals-que-reapareixen-i-un-que-desapareix\/video\/5826162\/<\/a><\/p>\n<p>3r. Per \u00faltim heu d\u2019escollir un animal vertebrat que us agradi i fer una petita investigaci\u00f3<\/p>\n<p>En un full, un Word de l\u2019ordinador o \u00a0una llibreta haureu d\u2019escriure una s\u00e8rie de coses:<\/p>\n<p>&#8211; NOM DE L\u2019ANIMAL<\/p>\n<p>&#8211; COM \u00c9S ( com t\u00e9 el cos )<\/p>\n<p>&#8211; ON VIU\u00a0 (terrestre, mar\u00edtim)<\/p>\n<p>-QU\u00c8 MENJA ( Si \u00e9s carn\u00edvor,herv\u00edvor o onm\u00edvor-menja de tot)<\/p>\n<p>-COM NEIX ( del ventre de la mare \u2013viv\u00edpar o neix del ous- ov\u00edpar)<\/p>\n<p>&#8211; POTS POSAR M\u00c9S COSES&#8230;<\/p>\n<p>Podeu buscar-ho al WIKIPEDIA i quan estigueu, \u00a0feu una foto i ho envieu a les vostres mestres<\/p>\n<p><strong>Qu\u00e8 aprendrem?<\/strong><\/p>\n<p>&#8211; Els animals vertebrats tenen un esquelet intern que els permet moure\u2019s.<\/p>\n<p>&#8211; Els animals vertebrats poden ser de diferents \u00a0tipus:<\/p>\n<p>&#8211; Mam\u00edfers, r\u00e8ptil, aus, peixos i amfibis.<\/p>\n<p>-Tots tenen caracter\u00edstiques diferents.<\/p>\n<p>&nbsp;<\/p>\n<p><strong>*PROPOSTA 5: Escriu la soluci\u00f3 de les endevinalles i fes el dibuix.\u00a0Inventa\u2019t dues endevinalles.<\/strong><\/p>\n<p>&nbsp;<\/p>\n<p style=\"text-align: center;\"><span style=\"color: #0000ff;\">Al principio una cama<\/span><\/p>\n<p style=\"text-align: center;\"><span style=\"color: #0000ff;\">y una fiera despu\u00e9s.<\/span><\/p>\n<p style=\"text-align: center;\"><span style=\"color: #0000ff;\">\u00bfAlguno de vosotros<\/span><\/p>\n<p style=\"text-align: center;\"><span style=\"color: #0000ff;\">sabe qu\u00e9 animal es?<\/span><\/p>\n<p style=\"text-align: center;\">&#8230;&#8230;&#8230;&#8230;&#8230;&#8230;&#8230;&#8230;&#8230;&#8230;&#8230;&#8230;&#8230;&#8230;&#8230;&#8230;&#8230;&#8230;&#8230;&#8230;&#8230;&#8230;&#8230;.<\/p>\n<p style=\"text-align: center;\"><span style=\"color: #ff9900;\">Tiene ojos y no ve.<\/span><\/p>\n<p style=\"text-align: center;\"><span style=\"color: #ff9900;\">Tiene corona y no es rey.<\/span><\/p>\n<p style=\"text-align: center;\"><span style=\"color: #ff9900;\">Tiene escamas y no es pez.<\/span><\/p>\n<p style=\"text-align: center;\">&#8230;&#8230;&#8230;&#8230;&#8230;&#8230;&#8230;&#8230;&#8230;&#8230;&#8230;&#8230;&#8230;&#8230;&#8230;&#8230;&#8230;&#8230;&#8230;&#8230;&#8230;&#8230;&#8230;.<\/p>\n<p style=\"text-align: center;\"><span style=\"color: #339966;\">Con la mano lo muevo<\/span><\/p>\n<p style=\"text-align: center;\"><span style=\"color: #339966;\">a un lado y a otro.<\/span><\/p>\n<p style=\"text-align: center;\"><span style=\"color: #339966;\">El aire que me env\u00eda<\/span><\/p>\n<p style=\"text-align: center;\"><span style=\"color: #339966;\">me refresca un poco.<\/span><\/p>\n<p style=\"text-align: center;\">&#8230;&#8230;&#8230;&#8230;&#8230;&#8230;&#8230;&#8230;&#8230;&#8230;&#8230;&#8230;&#8230;&#8230;&#8230;&#8230;&#8230;&#8230;&#8230;&#8230;&#8230;&#8230;&#8230;.<\/p>\n<p style=\"text-align: center;\"><span style=\"color: #800080;\">Que yo no tengo valor,<\/span><\/p>\n<p style=\"text-align: center;\"><span style=\"color: #800080;\">mis nueve hermanos me afean,<\/span><\/p>\n<p style=\"text-align: center;\"><span style=\"color: #800080;\">sin\u00a0 pensar que aumento el suyo<\/span><\/p>\n<p style=\"text-align: center;\"><span style=\"color: #800080;\">cuando estoy a su derecha.<\/span><\/p>\n<p style=\"text-align: center;\">&#8230;&#8230;&#8230;&#8230;&#8230;&#8230;&#8230;&#8230;&#8230;&#8230;&#8230;&#8230;&#8230;&#8230;&#8230;&#8230;&#8230;&#8230;&#8230;&#8230;&#8230;&#8230;&#8230;.<\/p>\n<p><strong>Envieu els vostres reptes a:<\/strong><\/p>\n<p>conxita@escolaflama.cat (alumnes de 3r A)<\/p>\n<p>victoria@escolaflama.cat (alumnes de 3r B)<\/p>\n<p>esterp@escolaflama.cat (alumnes de 4t A <span style=\"color: #00ffff;\">repte 1<\/span>, <span style=\"color: #f50a68;\">repte 2,\u00a0<span style=\"color: #ff6600;\">repte 3<span style=\"color: #000000;\">)<\/span><\/span><\/span><\/p>\n<p>helena@escolaflama.cat (alumnes de 4t A <span style=\"color: #00ff00;\">repte 4\u00a0<span style=\"color: #000000;\">i\u00a0<span style=\"color: #ff0000;\">repte 5 )<\/span><\/span><\/span><\/p>\n<p>rosaaligue@escolaflama.cat (alumnes de 4t B)<\/p>\n<p>&nbsp;<\/p>\n","protected":false},"excerpt":{"rendered":"<p>Esperem que tots i totes estigueu b\u00e9 i que aneu fent els reptes que us proposem des de l&#8217;escola amb moltes ganes. Les mestres us trobem a faltar i tot i que ens agradaria molt tenir-vos a prop, encara hem d&#8217;anar seguint treballant com ho estem fent fins ara. Tenim moltes ganes de retrobar-vos ben [&hellip;]<\/p>\n","protected":false},"author":27,"featured_media":12350,"comment_status":"closed","ping_status":"closed","sticky":false,"template":"","format":"standard","meta":{"_bbp_topic_count":0,"_bbp_reply_count":0,"_bbp_total_topic_count":0,"_bbp_total_reply_count":0,"_bbp_voice_count":0,"_bbp_anonymous_reply_count":0,"_bbp_topic_count_hidden":0,"_bbp_reply_count_hidden":0,"_bbp_forum_subforum_count":0,"site-sidebar-layout":"default","site-content-layout":"","ast-site-content-layout":"","site-content-style":"default","site-sidebar-style":"default","ast-global-header-display":"","ast-banner-title-visibility":"","ast-main-header-display":"","ast-hfb-above-header-display":"","ast-hfb-below-header-display":"","ast-hfb-mobile-header-display":"","site-post-title":"","ast-breadcrumbs-content":"","ast-featured-img":"","footer-sml-layout":"","theme-transparent-header-meta":"","adv-header-id-meta":"","stick-header-meta":"","header-above-stick-meta":"","header-main-stick-meta":"","header-below-stick-meta":"","astra-migrate-meta-layouts":"default","ast-page-background-enabled":"default","ast-page-background-meta":{"desktop":{"background-color":"var(--ast-global-color-4)","background-image":"","background-repeat":"repeat","background-position":"center center","background-size":"auto","background-attachment":"scroll","background-type":"","background-media":"","overlay-type":"","overlay-color":"","overlay-opacity":"","overlay-gradient":""},"tablet":{"background-color":"","background-image":"","background-repeat":"repeat","background-position":"center center","background-size":"auto","background-attachment":"scroll","background-type":"","background-media":"","overlay-type":"","overlay-color":"","overlay-opacity":"","overlay-gradient":""},"mobile":{"background-color":"","background-image":"","background-repeat":"repeat","background-position":"center center","background-size":"auto","background-attachment":"scroll","background-type":"","background-media":"","overlay-type":"","overlay-color":"","overlay-opacity":"","overlay-gradient":""}},"ast-content-background-meta":{"desktop":{"background-color":"var(--ast-global-color-5)","background-image":"","background-repeat":"repeat","background-position":"center center","background-size":"auto","background-attachment":"scroll","background-type":"","background-media":"","overlay-type":"","overlay-color":"","overlay-opacity":"","overlay-gradient":""},"tablet":{"background-color":"var(--ast-global-color-5)","background-image":"","background-repeat":"repeat","background-position":"center center","background-size":"auto","background-attachment":"scroll","background-type":"","background-media":"","overlay-type":"","overlay-color":"","overlay-opacity":"","overlay-gradient":""},"mobile":{"background-color":"var(--ast-global-color-5)","background-image":"","background-repeat":"repeat","background-position":"center center","background-size":"auto","background-attachment":"scroll","background-type":"","background-media":"","overlay-type":"","overlay-color":"","overlay-opacity":"","overlay-gradient":""}},"footnotes":""},"categories":[10,9],"tags":[],"class_list":["post-12190","post","type-post","status-publish","format-standard","has-post-thumbnail","hentry","category-promocio-2010-6e","category-promocio-2011-6e"],"post_mailing_queue_ids":[],"_links":{"self":[{"href":"https:\/\/agora.xtec.cat\/ceipflama\/wp-json\/wp\/v2\/posts\/12190","targetHints":{"allow":["GET"]}}],"collection":[{"href":"https:\/\/agora.xtec.cat\/ceipflama\/wp-json\/wp\/v2\/posts"}],"about":[{"href":"https:\/\/agora.xtec.cat\/ceipflama\/wp-json\/wp\/v2\/types\/post"}],"author":[{"embeddable":true,"href":"https:\/\/agora.xtec.cat\/ceipflama\/wp-json\/wp\/v2\/users\/27"}],"replies":[{"embeddable":true,"href":"https:\/\/agora.xtec.cat\/ceipflama\/wp-json\/wp\/v2\/comments?post=12190"}],"version-history":[{"count":3,"href":"https:\/\/agora.xtec.cat\/ceipflama\/wp-json\/wp\/v2\/posts\/12190\/revisions"}],"predecessor-version":[{"id":12351,"href":"https:\/\/agora.xtec.cat\/ceipflama\/wp-json\/wp\/v2\/posts\/12190\/revisions\/12351"}],"wp:featuredmedia":[{"embeddable":true,"href":"https:\/\/agora.xtec.cat\/ceipflama\/wp-json\/wp\/v2\/media\/12350"}],"wp:attachment":[{"href":"https:\/\/agora.xtec.cat\/ceipflama\/wp-json\/wp\/v2\/media?parent=12190"}],"wp:term":[{"taxonomy":"category","embeddable":true,"href":"https:\/\/agora.xtec.cat\/ceipflama\/wp-json\/wp\/v2\/categories?post=12190"},{"taxonomy":"post_tag","embeddable":true,"href":"https:\/\/agora.xtec.cat\/ceipflama\/wp-json\/wp\/v2\/tags?post=12190"}],"curies":[{"name":"wp","href":"https:\/\/api.w.org\/{rel}","templated":true}]}}