{"id":11993,"date":"2020-05-04T08:59:22","date_gmt":"2020-05-04T06:59:22","guid":{"rendered":"http:\/\/agora.xtec.cat\/ceipflama\/?p=11993"},"modified":"2020-05-04T10:20:31","modified_gmt":"2020-05-04T08:20:31","slug":"pla-de-treball-4-2","status":"publish","type":"post","link":"https:\/\/agora.xtec.cat\/ceipflama\/promocio-2013\/pla-de-treball-4-2\/","title":{"rendered":"PLA DE TREBALL 4"},"content":{"rendered":"<p><span style=\"color: #333333;\"><strong>PLA DE TREBALL 4<\/strong><\/span><\/p>\n<h3><em><span style=\"color: #ff0000;\">ENDAVANT VALENTS!\u00a0 ARA JA PODEU SORTIR DE CASA.<\/span><\/em><\/h3>\n<h4><span style=\"color: #0000ff;\"><strong><em>REPTE1- <\/em><\/strong><\/span><\/h4>\n<h6><span style=\"color: #0000ff;\"><strong><em>POTSER US VA PASSAR COM LA PROTAGONISTA D&#8217;AQUESTA HIST\u00d2RIA? \u00a0CLIQUEU L&#8217;ENLLA\u00c7: <a href=\"https:\/\/drive.google.com\/file\/d\/1h_9BweByWqhknCStNv76YB1Un-c4YpXV\/view?usp=sharing\">https:\/\/drive.google.com\/file\/d\/1h_9BweByWqhknCStNv76YB1Un-c4YpXV\/view?usp=sharing<\/a><\/em><\/strong><\/span><\/h6>\n<p><span style=\"color: #0000ff;\">ESTARIA B\u00c9 QUE ANOTESSIU AL VOSTRE DIARI, QUIN DIA VA SER EL PRIMER QUE V\u00c0REU PODER SORTIR I QU\u00c8 V\u00c0REU FER.<\/span><span style=\"color: #0000ff;\">\u00a0PODEU FER UN DIBUIX. COMPTEU QUANTS DIES HEU ESTAT <strong>CONFINATS<\/strong> A CASA,.. I DE QUINS MESOS?<\/span><\/p>\n<h6><\/h6>\n<h4><span style=\"color: #800000;\"><strong><em>REPTE 2- <\/em><\/strong><\/span><\/h4>\n<h4><span style=\"color: #800000;\"><strong><em>\u00c9S MOLT IMPORTANT QUE PER PODER-HO FER CORRECTAMENT LLEGIU AQUEST TEXT I CONTESTEU LES PREGUNTES:<\/em><\/strong><\/span><\/h4>\n<h5>WORD:<a href=\"https:\/\/agora.xtec.cat\/ceipflama\/wp-content\/uploads\/usu1313\/2020\/05\/La-noti\u0301cia-desconfinament_CI.docx\" target=\"_blank\" rel=\"noopener noreferrer\"> La-noti\u0301cia-desconfinament_CI<\/a> \u00a0 \u00a0 \u00a0 \u00a0 PDF:<a href=\"https:\/\/agora.xtec.cat\/ceipflama\/wp-content\/uploads\/usu1313\/2020\/05\/La-noti\u0301cia-desconfinament_CI.pdf\"> La-noti\u0301cia-desconfinament_CI<\/a><\/h5>\n<h4><span style=\"color: #339966;\">REPTE<\/span><span style=\"color: #339966;\">\u00a03-<a href=\"https:\/\/agora.xtec.cat\/ceipflama\/wp-content\/uploads\/usu1313\/2020\/05\/planeta-tierra-2.jpg\"><img loading=\"lazy\" decoding=\"async\" class=\"alignnone wp-image-12078\" src=\"https:\/\/agora.xtec.cat\/ceipflama\/wp-content\/uploads\/usu1313\/2020\/05\/planeta-tierra-2.jpg\" alt=\"\" width=\"169\" height=\"147\" srcset=\"https:\/\/agora.xtec.cat\/ceipflama\/wp-content\/uploads\/usu1313\/2020\/05\/planeta-tierra-2.jpg 344w, https:\/\/agora.xtec.cat\/ceipflama\/wp-content\/uploads\/usu1313\/2020\/05\/planeta-tierra-2-300x262.jpg 300w\" sizes=\"auto, (max-width: 169px) 100vw, 169px\" \/><\/a> <\/span><\/h4>\n<h6><span style=\"color: #339966;\">MIRA AQUEST V\u00cdDEO : &#8220;EL PLANETA VERD&#8221;:\u00a0<a style=\"color: #339966;\" href=\"https:\/\/www.ccma.cat\/tv3\/super3\/una-ma-de-contes\/planeta-verd\/video\/5818543\/\">https:\/\/www.ccma.cat\/tv3\/super3\/una-ma-de-contes\/planeta-verd\/video\/5818543\/<\/a><\/span><\/h6>\n<h5><span style=\"color: #339966;\">QUIN MISSATGE ESCRIURIES PER FER SABER A TOTHOM, QUE NO PODEM CONTINUAR EMBRUTANT EL PLANETA.<\/span><\/h5>\n<h4><\/h4>\n<h4><span style=\"color: #ff0000;\"><strong>REPTE 4- <\/strong><\/span><\/h4>\n<h5>(PELS DE PRIMER) &#8230;A MOLTS DE VOSALTRES JA US HA CRESCUT LA PLANTA!!!<\/h5>\n<p><img loading=\"lazy\" decoding=\"async\" class=\"wp-image-12077 alignleft\" src=\"https:\/\/agora.xtec.cat\/ceipflama\/wp-content\/uploads\/usu1313\/2020\/05\/planta-maduixa.png\" alt=\"\" width=\"110\" height=\"155\" srcset=\"https:\/\/agora.xtec.cat\/ceipflama\/wp-content\/uploads\/usu1313\/2020\/05\/planta-maduixa.png 394w, https:\/\/agora.xtec.cat\/ceipflama\/wp-content\/uploads\/usu1313\/2020\/05\/planta-maduixa-212x300.png 212w\" sizes=\"auto, (max-width: 110px) 100vw, 110px\" \/><\/p>\n<h6><span style=\"color: #ff0000;\"><strong>DONCS CONTINUANT AMB AQUEST\u00a0 TEMA, US PROPOSEM APRENDRE&#8217;N M\u00c9S, FENT AQUESTES <\/strong><\/span><\/h6>\n<h6><span style=\"color: #ff0000;\"><strong>ACTIVITATS:\u00a0 <a href=\"https:\/\/drive.google.com\/file\/d\/1pWRezQ8DGrnZJMS0JdlspvAqvH19v5h4\/view?usp=sharing\">https:\/\/drive.google.com\/file\/d\/1pWRezQ8DGrnZJMS0JdlspvAqvH19v5h4\/view?usp=sharing<\/a><\/strong><\/span><\/h6>\n<p>&nbsp;<\/p>\n<h5><strong>(PELS DE SEGON)&#8230; COM QUE JA V\u00c0REU ESTUDIAR EL TEMA DE\u00a0 LES PLANTES A PRIMER, <\/strong><\/h5>\n<p><strong><span style=\"color: #ff0000;\">US PROPOSEM LA SEG\u00dcENT ACTIVITAT (DE COMPRENSI\u00d3 LECTORA):<\/span>\u00a0<\/strong><strong><a href=\"https:\/\/drive.google.com\/file\/d\/145nnuyZivQO2za4DhZaZKIqjVRQD4ecr\/view?usp=sharing\">https:\/\/drive.google.com\/file\/d\/145nnuyZivQO2za4DhZaZKIqjVRQD4ecr\/view?usp=sharing<\/a><\/strong><\/p>\n<h4><strong><span style=\"color: #993366;\">REPTE 5- INNOVAMAT<\/span><\/strong><\/h4>\n<p>Aquesta setmana us proposem:<\/p>\n<p>A continuaci\u00f3 trobareu un enlla\u00e7 a les tasques formades per tres breus v\u00eddeos que tenen com a objectiu que els nens i les nenes, des de casa, puguin enfrontar-se a reptes matem\u00e0tics rics el m\u00e9s aut\u00f2nomament possible.Totes venen acompanyades d\u2019orientacions did\u00e0ctiques. No cal que feu els tres v\u00eddeos el mateix dia i els podeu mirar tantes vegades com necessiteu.<\/p>\n<h5><span style=\"color: #ff0000;\"><em><strong>Necessitareu materials, paper i llapis i ens podeu enviar fotos del que heu fet al correu electr\u00f2nic del i les mestres i tamb\u00e9 els dubtes que tingueu.<\/strong><\/em><\/span><\/h5>\n<p><img loading=\"lazy\" decoding=\"async\" class=\"alignleft\" src=\"https:\/\/innovamat.com\/wp-content\/uploads\/2020\/02\/propuesta-2.png\" alt=\"\" width=\"230\" height=\"146\" \/><\/p>\n<h3><span style=\"color: #cc99ff;\"><em><strong>Som-hi!<\/strong><\/em><\/span><\/h3>\n<p><strong>Pels de 1r <a href=\"https:\/\/innovamat.com\/blog\/ca\/actrivitat-4-una-estadistica-salvatge\/\">https:\/\/innovamat.com\/blog\/ca\/actrivitat-4-una-estadistica-salvatge\/<\/a><\/strong><\/p>\n<p><strong>Pels de 2n <a href=\"https:\/\/innovamat.com\/blog\/ca\/actrivitat-4-estris-ben-classificats\/\">https:\/\/innovamat.com\/blog\/ca\/actrivitat-4-estris-ben-classificats\/<\/a><\/strong><\/p>\n<p>&nbsp;<\/p>\n<h4 style=\"text-align: center;\"><span style=\"color: #ff6600;\"><strong>MIREU QUINES IL\u00b7LUSTRACIONS (DIBUIXOS) DEL CONTE <em>&#8220;EL DRAC DE LA COVA&#8221;\u00a0<\/em><\/strong><\/span><\/h4>\n<p><img loading=\"lazy\" decoding=\"async\" class=\"aligncenter\" src=\"https:\/\/www.lleida.com\/sites\/default\/files\/styles\/noticia_canal_full\/public\/noticies\/sant-jordi-2020-a4.jpg?itok=VJG1KS34\" alt=\"Balaguer celebra el seu Sant Jordi en confinament | Lleida.com\" width=\"282\" height=\"159\" \/><\/p>\n<p style=\"text-align: center;\"><em>Cliqueu al curs<\/em><\/p>\n<h2 style=\"text-align: center;\"><a href=\"https:\/\/drive.google.com\/drive\/folders\/1R3QMI0QJqTQ8Nlyq1WneWIfgGrdiKKqQ?usp=sharing\">1r<\/a><\/h2>\n<h2 style=\"text-align: center;\"><a href=\"https:\/\/drive.google.com\/drive\/folders\/1bQ4mDDHZp2eywDmcaQl9vu-aA7QXWCl2?usp=sharing\">2n<\/a><\/h2>\n<h5 style=\"text-align: center;\"><strong><span style=\"color: #008000;\">MOLTES GR\u00c0CIES PER LA VOSTRA COL\u00b7LABORACI\u00d3!<\/span>\u00a0<\/strong><\/h5>\n<h5 style=\"text-align: center;\"><strong><span style=\"color: #00ccff;\">MOLTS PETONS I MOLTES ABRA\u00c7ADES!\u00a0 ENDAVANT!<\/span><\/strong><\/h5>\n<p style=\"text-align: center;\">1rA:\u00a0<a href=\"mailto:roser@escolaflama.cat\" target=\"_blank\" rel=\"noopener noreferrer\">roser@escolaflama.cat<\/a><\/p>\n<p style=\"text-align: center;\">1rB:\u00a0<a href=\"mailto:delfina@escolaflama.cat\" target=\"_blank\" rel=\"noopener noreferrer\">delfina@escolaflama.cat<\/a><\/p>\n<p style=\"text-align: center;\">2nA:\u00a0<a href=\"mailto:xenia@escolaflama.cat\" target=\"_blank\" rel=\"noopener noreferrer\">xenia@escolaflama.cat<\/a><\/p>\n<p style=\"text-align: center;\">2nB:\u00a0<a href=\"mailto:abraham@escolaflama.cat\" target=\"_blank\" rel=\"noopener noreferrer\">abraham@escolaflama.cat<\/a><\/p>\n","protected":false},"excerpt":{"rendered":"<p>PLA DE TREBALL 4 ENDAVANT VALENTS!\u00a0 ARA JA PODEU SORTIR DE CASA. REPTE1- POTSER US VA PASSAR COM LA PROTAGONISTA D&#8217;AQUESTA HIST\u00d2RIA? \u00a0CLIQUEU L&#8217;ENLLA\u00c7: https:\/\/drive.google.com\/file\/d\/1h_9BweByWqhknCStNv76YB1Un-c4YpXV\/view?usp=sharing ESTARIA B\u00c9 QUE ANOTESSIU AL VOSTRE DIARI, QUIN DIA VA SER EL PRIMER QUE V\u00c0REU PODER SORTIR I QU\u00c8 V\u00c0REU FER.\u00a0PODEU FER UN DIBUIX. COMPTEU QUANTS DIES HEU ESTAT CONFINATS [&hellip;]<\/p>\n","protected":false},"author":5,"featured_media":11794,"comment_status":"closed","ping_status":"closed","sticky":false,"template":"","format":"standard","meta":{"_bbp_topic_count":0,"_bbp_reply_count":0,"_bbp_total_topic_count":0,"_bbp_total_reply_count":0,"_bbp_voice_count":0,"_bbp_anonymous_reply_count":0,"_bbp_topic_count_hidden":0,"_bbp_reply_count_hidden":0,"_bbp_forum_subforum_count":0,"site-sidebar-layout":"default","site-content-layout":"","ast-site-content-layout":"","site-content-style":"default","site-sidebar-style":"default","ast-global-header-display":"","ast-banner-title-visibility":"","ast-main-header-display":"","ast-hfb-above-header-display":"","ast-hfb-below-header-display":"","ast-hfb-mobile-header-display":"","site-post-title":"","ast-breadcrumbs-content":"","ast-featured-img":"","footer-sml-layout":"","theme-transparent-header-meta":"","adv-header-id-meta":"","stick-header-meta":"","header-above-stick-meta":"","header-main-stick-meta":"","header-below-stick-meta":"","astra-migrate-meta-layouts":"default","ast-page-background-enabled":"default","ast-page-background-meta":{"desktop":{"background-color":"var(--ast-global-color-4)","background-image":"","background-repeat":"repeat","background-position":"center center","background-size":"auto","background-attachment":"scroll","background-type":"","background-media":"","overlay-type":"","overlay-color":"","overlay-opacity":"","overlay-gradient":""},"tablet":{"background-color":"","background-image":"","background-repeat":"repeat","background-position":"center center","background-size":"auto","background-attachment":"scroll","background-type":"","background-media":"","overlay-type":"","overlay-color":"","overlay-opacity":"","overlay-gradient":""},"mobile":{"background-color":"","background-image":"","background-repeat":"repeat","background-position":"center center","background-size":"auto","background-attachment":"scroll","background-type":"","background-media":"","overlay-type":"","overlay-color":"","overlay-opacity":"","overlay-gradient":""}},"ast-content-background-meta":{"desktop":{"background-color":"var(--ast-global-color-5)","background-image":"","background-repeat":"repeat","background-position":"center center","background-size":"auto","background-attachment":"scroll","background-type":"","background-media":"","overlay-type":"","overlay-color":"","overlay-opacity":"","overlay-gradient":""},"tablet":{"background-color":"var(--ast-global-color-5)","background-image":"","background-repeat":"repeat","background-position":"center center","background-size":"auto","background-attachment":"scroll","background-type":"","background-media":"","overlay-type":"","overlay-color":"","overlay-opacity":"","overlay-gradient":""},"mobile":{"background-color":"var(--ast-global-color-5)","background-image":"","background-repeat":"repeat","background-position":"center center","background-size":"auto","background-attachment":"scroll","background-type":"","background-media":"","overlay-type":"","overlay-color":"","overlay-opacity":"","overlay-gradient":""}},"footnotes":""},"categories":[8,3],"tags":[],"class_list":["post-11993","post","type-post","status-publish","format-standard","has-post-thumbnail","hentry","category-promocio-2012-6e","category-promocio-2013"],"post_mailing_queue_ids":[],"_links":{"self":[{"href":"https:\/\/agora.xtec.cat\/ceipflama\/wp-json\/wp\/v2\/posts\/11993","targetHints":{"allow":["GET"]}}],"collection":[{"href":"https:\/\/agora.xtec.cat\/ceipflama\/wp-json\/wp\/v2\/posts"}],"about":[{"href":"https:\/\/agora.xtec.cat\/ceipflama\/wp-json\/wp\/v2\/types\/post"}],"author":[{"embeddable":true,"href":"https:\/\/agora.xtec.cat\/ceipflama\/wp-json\/wp\/v2\/users\/5"}],"replies":[{"embeddable":true,"href":"https:\/\/agora.xtec.cat\/ceipflama\/wp-json\/wp\/v2\/comments?post=11993"}],"version-history":[{"count":3,"href":"https:\/\/agora.xtec.cat\/ceipflama\/wp-json\/wp\/v2\/posts\/11993\/revisions"}],"predecessor-version":[{"id":12179,"href":"https:\/\/agora.xtec.cat\/ceipflama\/wp-json\/wp\/v2\/posts\/11993\/revisions\/12179"}],"wp:featuredmedia":[{"embeddable":true,"href":"https:\/\/agora.xtec.cat\/ceipflama\/wp-json\/wp\/v2\/media\/11794"}],"wp:attachment":[{"href":"https:\/\/agora.xtec.cat\/ceipflama\/wp-json\/wp\/v2\/media?parent=11993"}],"wp:term":[{"taxonomy":"category","embeddable":true,"href":"https:\/\/agora.xtec.cat\/ceipflama\/wp-json\/wp\/v2\/categories?post=11993"},{"taxonomy":"post_tag","embeddable":true,"href":"https:\/\/agora.xtec.cat\/ceipflama\/wp-json\/wp\/v2\/tags?post=11993"}],"curies":[{"name":"wp","href":"https:\/\/api.w.org\/{rel}","templated":true}]}}