{"id":11546,"date":"2020-04-20T10:00:23","date_gmt":"2020-04-20T08:00:23","guid":{"rendered":"http:\/\/agora.xtec.cat\/ceipflama\/?p=11546"},"modified":"2020-04-23T15:50:51","modified_gmt":"2020-04-23T13:50:51","slug":"histories-cantades-i-altres-ritmes","status":"publish","type":"post","link":"https:\/\/agora.xtec.cat\/ceipflama\/promocio-2009-6e-curs-2020-21\/histories-cantades-i-altres-ritmes\/","title":{"rendered":"PLA DE TREBALL 2: Hist\u00f2ries cantades i altres ritmes&#8230;"},"content":{"rendered":"<p><span style=\"font-weight: 400;\"><img loading=\"lazy\" decoding=\"async\" class=\"alignleft\" src=\"https:\/\/cdn5.vectorstock.com\/i\/thumb-large\/39\/59\/hello-paper-background-vector-8543959.jpg\" alt=\"Color Hola Vector Images (45)\" width=\"130\" height=\"136\" \/><\/span><\/p>\n<p><span style=\"font-weight: 400;\">Desitjant que estigueu b\u00e9 aquesta vegada us proposo un parell d\u2019accions. <\/span><\/p>\n<p><span style=\"font-weight: 400;\">La primera i aprofitant que esteu inmersos en l\u2019ambient literari perqu\u00e8 \u00e9s la setmana de Sant Jordi, estar\u00e0 dedicada a la lletra de les can\u00e7ons. <\/span><\/p>\n<p><span style=\"font-weight: 400;\">La segona que us proposo \u00e9s de ritme.<\/span><\/p>\n<p><span style=\"font-weight: 400;\">\u00a0 \u00a0 \u00a0 \u00a0 \u00a0 \u00a0 \u00a0 \u00a0 \u00a0 \u00a0 \u00a0 \u00a0 \u00a0 \u00a0\u00a0<\/span><strong> \u00a0 \u00a0 Som-hi!<\/strong><\/p>\n<ol>\n<li style=\"font-weight: 400;\"><b><span style=\"font-weight: 400;\"><img loading=\"lazy\" decoding=\"async\" class=\"alignleft\" src=\"https:\/\/3.bp.blogspot.com\/-e3MZBJzhsrY\/TcrZykf8nBI\/AAAAAAAAAWI\/NL2bFgVfTBg\/s1600\/lamparetes-300x300.jpg\" alt=\"Dies de carretera: Ant\u00f2nia Font - Lamparetes (2011)\" width=\"59\" height=\"59\" \/> <\/span>Escolta<\/b><span style=\"font-weight: 400;\"> la pe\u00e7a <span style=\"text-decoration: underline;\">\u201cCALGARY 88\u201d<\/span> del grup Ant\u00f2nia Font de l&#8217;\u00e0lbum <\/span><i><span style=\"font-weight: 400;\">Lamparetes<\/span><\/i><span style=\"font-weight: 400;\"> (2011).\u00a0<\/span><\/li>\n<\/ol>\n<p><span style=\"font-weight: 400;\">\u00c9s una can\u00e7\u00f3-relat amb inici, nus i desenlla\u00e7. El lletrista del grup \u00e9s en\u00a0 Joan Miquel Oliver (actualment canta en solitari).<\/span><\/p>\n<p><a href=\"https:\/\/youtu.be\/TSZeqa0T0O4\">https:\/\/youtu.be\/TSZeqa0T0O4<\/a><\/p>\n<p>a) <img loading=\"lazy\" decoding=\"async\" class=\"alignleft\" src=\"https:\/\/agora.xtec.cat\/ceipsantsalvadordhorta\/wp-content\/uploads\/usu880\/2019\/06\/nens-pensant.jpg\" alt=\"Tat Jaume | Escola Sant Salvador d'Horta\" width=\"45\" height=\"33\" \/>Busca\/recorda alguna can\u00e7\u00f3-relat i\/o poema musicat i anomena :<\/p>\n<table style=\"height: 40px;\" width=\"434\">\n<tbody>\n<tr style=\"height: 40px;\">\n<td style=\"width: 428px; height: 40px;\">el grup, el lletrista, l&#8217;\u00e0bum, l&#8217;estil musical i la tem\u00e0tica de la can\u00e7\u00f3<\/td>\n<\/tr>\n<\/tbody>\n<\/table>\n<p>b)<img loading=\"lazy\" decoding=\"async\" class=\"alignleft\" src=\"https:\/\/image.shutterstock.com\/image-illustration\/playlist-album-label-player-sound-260nw-407116483.jpg\" alt=\"Playlist: Im\u00e1genes, fotos de stock y vectores | Shutterstock\" width=\"46\" height=\"30\" \/> Envia&#8217;m la teva proposta al meu mail\u00a0 i l&#8217;afegir\u00e9 a la carpeta de &#8220;Treballs Compartits&#8221; que teniu al Drive de la classe. Aix\u00ed entre tots crearem una Playlist musicoliter\u00e0ria.<img loading=\"lazy\" decoding=\"async\" class=\"\" src=\"https:\/\/www.lavanguardia.com\/r\/GODO\/LV\/p5\/WebSite\/2018\/06\/22\/Recortada\/img_melies_20180622-173809_imagenes_lv_terceros_img_0693-knNG--656x656@LaVanguardia-Web.jpeg\" alt=\"WhatsApp: Averigua los emojis que m\u00e1s te pueden complicar la vida\" width=\"18\" height=\"18\" \/><\/p>\n<p>&nbsp;<\/p>\n<p>2. <img loading=\"lazy\" decoding=\"async\" class=\"alignnone\" src=\"https:\/\/4.bp.blogspot.com\/-UHanw5Bg5dc\/WAplHZQkITI\/AAAAAAAAIGk\/91RBxeqVfmsUp5sSwTqCp1ydbKcoP1xLQCPcB\/s1600\/Katy%2BPerry%2B-%2BThe%2BOne%2BThat%2BGot%2BAway.jpg\" alt=\"PuntoKilom\u00e9trico: M\u00fasica: Katy Perry - The One That Got Away\" width=\"50\" height=\"50\" \/><a href=\"https:\/\/youtu.be\/zEkJHzOIByM\">https:\/\/youtu.be\/zEkJHzOIByM<\/a><\/p>\n<p>Mira&#8217;t aquest v\u00eddeo on et proposen unes lectures r\u00edtmiques per picar damunt del tema <span style=\"font-weight: 400;\"><strong>The one that got away<\/strong> (Katy Perry). Pots fer-ho per parts, al comen\u00e7ar no \u00e9s necessari fer-ho tot de cop. Prova d&#8217;interpretar-ho amb percussi\u00f3 corporal tal com indica el v\u00eddeo. Recorda que pots baixar la velocitat del v\u00eddeo per facilitar la feina.<\/span><\/p>\n<p><span style=\"font-weight: 400;\">\u00a0Compte amb les corxeres !!!!<img loading=\"lazy\" decoding=\"async\" class=\"\" src=\"https:\/\/i.pinimg.com\/originals\/77\/7c\/fc\/777cfc97aa853ece5065f1c2d824918d.jpg\" alt=\"Isa (imollarroda) en Pinterest\" width=\"133\" height=\"94\" \/>En el v\u00eddeo veur\u00e0s 2 grups de 2 corxeres (o sigui 4 corxeres) en 1 pulsaci\u00f3 (ERROR perqu\u00e8 2 corxeres duren 1 pulsaci\u00f3). Quan ho toquis semblar\u00e0 que piquis semicorxeres. <img loading=\"lazy\" decoding=\"async\" class=\"\" src=\"https:\/\/image.slidesharecdn.com\/nomsoficials-120229130510-phpapp01\/95\/nomsoficials-8-728.jpg?cb=1330520775\" alt=\"Nomsoficials\" width=\"106\" height=\"75\" \/>. Si tens dubtes, em pots enviar un mail i t&#8217;ho aclareixo per\u00f2 d&#8217;entrada \u00e9s anar seguint el v\u00eddeo.<\/span><\/p>\n<p>Quan ho dominis, pots canviar el timbre (sonoritat) de l&#8217;exercici i canviar la part del cos on percuteixes, tamb\u00e9 pots crear ritmes nous i\/o substituir la frase r\u00edtmica per un gest\/moviment tot creant una senzilla i personalitzada coreografia.<\/p>\n<p><span style=\"font-weight: 400;\">M&#8217;agradaria veure&#8217;t i sentir-te, per aix\u00f2 et demano, que si et va b\u00e9 m&#8217;enviis un v\u00eddeo amb el resultat del teu treball.<\/span><\/p>\n<p><span style=\"font-weight: 400;\">Et tornar\u00e9 a fer una proposta musical d&#8217;aqu\u00ed a 15 dies. Mentrestant&#8230;jo em quedo a casa <img loading=\"lazy\" decoding=\"async\" class=\"\" src=\"https:\/\/images.vexels.com\/media\/users\/3\/137774\/isolated\/preview\/99b30a816c8537b684eb4f9b190bfcf2-arcoiris-colorido-by-vexels.png\" alt=\"Arcoiris colorido - Descargar PNG\/SVG transparente\" width=\"70\" height=\"70\" \/><\/span><\/p>\n<p>Salut!!!<\/p>\n<p>Esther Comas<\/p>\n<p>estherc@escolaflama.cat<\/p>\n<p>&nbsp;<\/p>\n","protected":false},"excerpt":{"rendered":"<p>Desitjant que estigueu b\u00e9 aquesta vegada us proposo un parell d\u2019accions. La primera i aprofitant que esteu inmersos en l\u2019ambient literari perqu\u00e8 \u00e9s la setmana de Sant Jordi, estar\u00e0 dedicada a la lletra de les can\u00e7ons. La segona que us proposo \u00e9s de ritme. \u00a0 \u00a0 \u00a0 \u00a0 \u00a0 \u00a0 \u00a0 \u00a0 \u00a0 \u00a0 \u00a0 [&hellip;]<\/p>\n","protected":false},"author":17,"featured_media":11718,"comment_status":"closed","ping_status":"closed","sticky":false,"template":"","format":"standard","meta":{"_bbp_topic_count":0,"_bbp_reply_count":0,"_bbp_total_topic_count":0,"_bbp_total_reply_count":0,"_bbp_voice_count":0,"_bbp_anonymous_reply_count":0,"_bbp_topic_count_hidden":0,"_bbp_reply_count_hidden":0,"_bbp_forum_subforum_count":0,"site-sidebar-layout":"default","site-content-layout":"","ast-site-content-layout":"","site-content-style":"default","site-sidebar-style":"default","ast-global-header-display":"","ast-banner-title-visibility":"","ast-main-header-display":"","ast-hfb-above-header-display":"","ast-hfb-below-header-display":"","ast-hfb-mobile-header-display":"","site-post-title":"","ast-breadcrumbs-content":"","ast-featured-img":"","footer-sml-layout":"","theme-transparent-header-meta":"","adv-header-id-meta":"","stick-header-meta":"","header-above-stick-meta":"","header-main-stick-meta":"","header-below-stick-meta":"","astra-migrate-meta-layouts":"default","ast-page-background-enabled":"default","ast-page-background-meta":{"desktop":{"background-color":"var(--ast-global-color-4)","background-image":"","background-repeat":"repeat","background-position":"center center","background-size":"auto","background-attachment":"scroll","background-type":"","background-media":"","overlay-type":"","overlay-color":"","overlay-opacity":"","overlay-gradient":""},"tablet":{"background-color":"","background-image":"","background-repeat":"repeat","background-position":"center center","background-size":"auto","background-attachment":"scroll","background-type":"","background-media":"","overlay-type":"","overlay-color":"","overlay-opacity":"","overlay-gradient":""},"mobile":{"background-color":"","background-image":"","background-repeat":"repeat","background-position":"center center","background-size":"auto","background-attachment":"scroll","background-type":"","background-media":"","overlay-type":"","overlay-color":"","overlay-opacity":"","overlay-gradient":""}},"ast-content-background-meta":{"desktop":{"background-color":"var(--ast-global-color-5)","background-image":"","background-repeat":"repeat","background-position":"center center","background-size":"auto","background-attachment":"scroll","background-type":"","background-media":"","overlay-type":"","overlay-color":"","overlay-opacity":"","overlay-gradient":""},"tablet":{"background-color":"var(--ast-global-color-5)","background-image":"","background-repeat":"repeat","background-position":"center center","background-size":"auto","background-attachment":"scroll","background-type":"","background-media":"","overlay-type":"","overlay-color":"","overlay-opacity":"","overlay-gradient":""},"mobile":{"background-color":"var(--ast-global-color-5)","background-image":"","background-repeat":"repeat","background-position":"center center","background-size":"auto","background-attachment":"scroll","background-type":"","background-media":"","overlay-type":"","overlay-color":"","overlay-opacity":"","overlay-gradient":""}},"footnotes":""},"categories":[12,11],"tags":[],"class_list":["post-11546","post","type-post","status-publish","format-standard","has-post-thumbnail","hentry","category-3r","category-promocio-2009-6e-curs-2020-21"],"post_mailing_queue_ids":[],"_links":{"self":[{"href":"https:\/\/agora.xtec.cat\/ceipflama\/wp-json\/wp\/v2\/posts\/11546","targetHints":{"allow":["GET"]}}],"collection":[{"href":"https:\/\/agora.xtec.cat\/ceipflama\/wp-json\/wp\/v2\/posts"}],"about":[{"href":"https:\/\/agora.xtec.cat\/ceipflama\/wp-json\/wp\/v2\/types\/post"}],"author":[{"embeddable":true,"href":"https:\/\/agora.xtec.cat\/ceipflama\/wp-json\/wp\/v2\/users\/17"}],"replies":[{"embeddable":true,"href":"https:\/\/agora.xtec.cat\/ceipflama\/wp-json\/wp\/v2\/comments?post=11546"}],"version-history":[{"count":4,"href":"https:\/\/agora.xtec.cat\/ceipflama\/wp-json\/wp\/v2\/posts\/11546\/revisions"}],"predecessor-version":[{"id":11812,"href":"https:\/\/agora.xtec.cat\/ceipflama\/wp-json\/wp\/v2\/posts\/11546\/revisions\/11812"}],"wp:featuredmedia":[{"embeddable":true,"href":"https:\/\/agora.xtec.cat\/ceipflama\/wp-json\/wp\/v2\/media\/11718"}],"wp:attachment":[{"href":"https:\/\/agora.xtec.cat\/ceipflama\/wp-json\/wp\/v2\/media?parent=11546"}],"wp:term":[{"taxonomy":"category","embeddable":true,"href":"https:\/\/agora.xtec.cat\/ceipflama\/wp-json\/wp\/v2\/categories?post=11546"},{"taxonomy":"post_tag","embeddable":true,"href":"https:\/\/agora.xtec.cat\/ceipflama\/wp-json\/wp\/v2\/tags?post=11546"}],"curies":[{"name":"wp","href":"https:\/\/api.w.org\/{rel}","templated":true}]}}