{"id":11425,"date":"2020-04-20T10:00:36","date_gmt":"2020-04-20T08:00:36","guid":{"rendered":"http:\/\/agora.xtec.cat\/ceipflama\/?p=11425"},"modified":"2020-04-22T21:34:21","modified_gmt":"2020-04-22T19:34:21","slug":"passeu-passeu-proposta-musical","status":"publish","type":"post","link":"https:\/\/agora.xtec.cat\/ceipflama\/promocio-2013\/passeu-passeu-proposta-musical\/","title":{"rendered":"PLA DE TREBALL 2: PASSEU, PASSEU!!! (proposta musical)"},"content":{"rendered":"<p><strong>Hola nens i nenes!!!<\/strong> <img loading=\"lazy\" decoding=\"async\" class=\"alignleft\" src=\"https:\/\/encrypted-tbn0.gstatic.com\/images?q=tbn%3AANd9GcSYRAuJaaU8TgMus0n9B1OitxexF2BaKWU1H67JYzNJiGxjlDNh&amp;usqp=CAU\" alt=\"Ta Da Stock Illustrations \u2013 20 Ta Da Stock Illustrations, Vectors ...\" width=\"183\" height=\"108\" \/><\/p>\n<p>Desitjo que estigueu b\u00e9 i a punt per a con\u00e8ixer\/aprendre\/cantar\/ballar&#8230; una can\u00e7\u00f3. Una can\u00e7\u00f3 m\u00e0gica, una hist\u00f2ria protagonitzada per personatges populars que van arribant a casa del <strong>cantautor<\/strong> (la persona que ha creat i cantat aquesta can\u00e7\u00f3)\u00a0 acompanyats per les notes del piano.<\/p>\n<p>La can\u00e7\u00f3 porta per t\u00edtol\u2026<span style=\"color: #0000ff;\"><strong>QUALSEVOL NIT POT SORTIR EL SOL<\/strong><\/span> i \u00e9s del <strong>cantautor<\/strong> <span style=\"text-decoration: underline;\">JAUME SISA.<\/span> Pot ser que alguns de vosaltres ja la coneixeu o us sigui familiar.<\/p>\n<p><img loading=\"lazy\" decoding=\"async\" class=\"aligncenter\" src=\"https:\/\/i.ytimg.com\/vi\/ZL8XmxfI40k\/maxresdefault.jpg\" alt=\"Cualquier noche puede salir el sol&quot; (Qualsevol nit pot sortir el ...\" width=\"173\" height=\"97\" \/><\/p>\n<p><span style=\"text-decoration: underline;\">Us proposo les seg\u00fcents accions amb aquesta can\u00e7\u00f3:<\/span><\/p>\n<ol>\n<li><span style=\"color: #ff0000;\"><strong>ESCOLTA<\/strong><\/span> atentament la can\u00e7\u00f3 (diverses vegades) intentant entendre la lletra i anar cantant la <strong>tornada\u00a0<\/strong>(fragment de la can\u00e7\u00f3 que es REPETEIX).<\/li>\n<\/ol>\n<p><a href=\"https:\/\/www.magradacatalunya.cat\/wp-content\/uploads\/2017\/06\/qualsevolnitpotsortirelsol.jpg\"><img loading=\"lazy\" decoding=\"async\" class=\"alignleft\" src=\"https:\/\/www.magradacatalunya.cat\/wp-content\/uploads\/2017\/06\/qualsevolnitpotsortirelsol.jpg\" alt=\"Lletra i Videoclip de la can\u00e7\u00f3 d'en Jaume Sisa - Qualsevol nit pot ...\" width=\"106\" height=\"76\" \/><\/a><\/p>\n<p>&nbsp;<\/p>\n<p><a href=\"https:\/\/youtu.be\/pdlvAvC4Tw4\">https:\/\/youtu.be\/pdlvAvC4Tw4<\/a><\/p>\n<p>&nbsp;<\/p>\n<p>2. Llegueix la lletra de la can\u00e7\u00f3 per comprovar que ho has ent\u00e8s.<\/p>\n<p><img loading=\"lazy\" decoding=\"async\" class=\"alignnone\" src=\"https:\/\/c-sf.smule.com\/sf\/s62\/arr\/83\/3a\/e3cf6f16-3ffa-4dae-837d-82fbf2f24d8f_1024.jpg\" alt=\"Qualsevol nit pot sortir el sol - Lyrics and Music by Jaume Sisa ...\" width=\"90\" height=\"90\" \/><a href=\"https:\/\/drive.google.com\/file\/d\/1DEtmcw-r7NOdiJAQfT2gG5So0DP3qtJb\/view?usp=sharing\">https:\/\/drive.google.com\/file\/d\/1DEtmcw-r7NOdiJAQfT2gG5So0DP3qtJb\/view?usp=sharing<\/a><\/p>\n<p>3. <strong><span style=\"color: #ff0000;\">CANTA<\/span> <\/strong>la can\u00e7\u00f3 i si et va b\u00e9 pots anar llegint la lletra. Intenta anar cantant la <strong>tornada\u00a0<\/strong><span style=\"text-decoration: underline;\">de mem\u00f2ria<\/span>.<\/p>\n<p><a href=\"https:\/\/www.magradacatalunya.cat\/wp-content\/uploads\/2017\/06\/qualsevolnitpotsortirelsol.jpg\"><img loading=\"lazy\" decoding=\"async\" class=\"alignleft\" src=\"https:\/\/www.magradacatalunya.cat\/wp-content\/uploads\/2017\/06\/qualsevolnitpotsortirelsol.jpg\" alt=\"Lletra i Videoclip de la can\u00e7\u00f3 d'en Jaume Sisa - Qualsevol nit pot ...\" width=\"106\" height=\"76\" \/><\/a><\/p>\n<p>&nbsp;<\/p>\n<p><a href=\"https:\/\/youtu.be\/pdlvAvC4Tw4\">https:\/\/youtu.be\/pdlvAvC4Tw4<\/a><\/p>\n<p>&nbsp;<\/p>\n<p>4.<strong><span style=\"color: #ff0000;\"> ESCOLTA<\/span><\/strong> aquesta <strong>versi\u00f3 <\/strong>( la mateixa can\u00e7\u00f3 interpretada d&#8217;una altra manera).<\/p>\n<p>En aquesta versi\u00f3 han modificat el <strong>ritme<\/strong>. Et proposo que et moguis &#8220;amb la m\u00fasica&#8221;.<img loading=\"lazy\" decoding=\"async\" class=\"\" src=\"https:\/\/cdn2.vectorstock.com\/i\/1000x1000\/59\/41\/of-kids-dancing-vector-22905941.jpg\" alt=\"Of kids dancing Royalty Free Vector Image - VectorStock\" width=\"40\" height=\"43\" \/><\/p>\n<p><a href=\"https:\/\/youtu.be\/AarI71g71nM\"><img loading=\"lazy\" decoding=\"async\" class=\"alignleft\" src=\"https:\/\/4.bp.blogspot.com\/-P-3oWNpPeUM\/T0J1pVDo33I\/AAAAAAAAEgQ\/lzgbIHQRYEo\/s1600\/1.jpg\" alt=\"Qualsevol nit pot sortir el sol&quot; &quot;Cualquier noche puede salir el sol&quot;\" width=\"197\" height=\"108\" \/><\/a><\/p>\n<p>&nbsp;<\/p>\n<p><a href=\"https:\/\/youtu.be\/AarI71g71nM\">https:\/\/youtu.be\/AarI71g71nM<\/a><\/p>\n<p>&nbsp;<\/p>\n<p>Et comparteixo una altra versi\u00f3 on han canviat la intenci\u00f3 i han canviat algun dels personatges. A veure si descobreixes quin nou personatge surt.Tamb\u00e9 pots provar de &#8220;xiular-la&#8221; i\/o<strong> relaxar-te&#8230;<\/strong><\/p>\n<p><a href=\"https:\/\/youtu.be\/nzmb9b--HzE\">https:\/\/youtu.be\/nzmb9b&#8211;HzE<\/a><a href=\"https:\/\/www.viasona.cat\/img\/400\/400\/1885\/force\"><img loading=\"lazy\" decoding=\"async\" class=\"alignleft\" src=\"https:\/\/www.viasona.cat\/img\/400\/400\/1885\/force\" alt=\"Qualsevol nit pot sortir el sol, de l'\u00e0lbum &quot;Anem al llit&quot; de ...\" width=\"139\" height=\"139\" \/><\/a><\/p>\n<p>&nbsp;<\/p>\n<p>&nbsp;<\/p>\n<p>&nbsp;<\/p>\n<p>I finalment una versi\u00f3 <strong>instrumental\u00a0<\/strong>(sense la veu cantada).<\/p>\n<p>La interpreta un <strong>QUARTET DE CORDA\u00a0<\/strong>(4 instruments de corda. D&#8217; <strong>agut<\/strong> (petit) a<strong> greu<\/strong> (m\u00e9s gran) : <span style=\"text-decoration: underline;\">2 violins, 1 viola i 1 violoncel.<\/span><\/p>\n<p><a href=\"https:\/\/youtu.be\/iYAMzVea01w\"><img loading=\"lazy\" decoding=\"async\" class=\"alignleft\" src=\"https:\/\/www.cardona.cat\/multimedia\/imatge\/noticies\/muntanya-sal-quartet-copia.jpg\" alt=\"La Muntanya de Sal de Cardona escenari del programa de TV3 \u201cNo me ...\" width=\"213\" height=\"160\" \/><\/a><\/p>\n<p>&nbsp;<\/p>\n<p>&nbsp;<\/p>\n<p><a href=\"https:\/\/youtu.be\/iYAMzVea01w\">https:\/\/youtu.be\/iYAMzVea01w<\/a><\/p>\n<p>&nbsp;<\/p>\n<p>&nbsp;<\/p>\n<p>5.\u00a0<span style=\"color: #ff0000;\"><strong>RESPON<\/strong><\/span><\/p>\n<table>\n<tbody>\n<tr>\n<td><span style=\"font-weight: 400;\">A<\/span><\/td>\n<td><span style=\"font-weight: 400;\">Quins personatges de la can\u00e7\u00f3 con\u00e8ixes?<\/span><\/td>\n<\/tr>\n<tr>\n<td><span style=\"font-weight: 400;\">B<\/span><\/td>\n<td><span style=\"font-weight: 400;\">Quins personatges han conegut la teva fam\u00edlia?<\/span><\/td>\n<\/tr>\n<tr>\n<td><span style=\"font-weight: 400;\">C<\/span><\/td>\n<td><span style=\"font-weight: 400;\">Quin personatge t\u2019agradaria que vingu\u00e9s a casa teva ?<\/span><\/p>\n<p><span style=\"font-weight: 400;\">(no cal que sigui de la can\u00e7\u00f3)<\/span><\/td>\n<\/tr>\n<tr>\n<td><span style=\"font-weight: 400;\">D<\/span><\/td>\n<td><span style=\"font-weight: 400;\">Quina versi\u00f3 t\u2019ha agradat m\u00e9s?<\/span><\/p>\n<p><span style=\"font-weight: 400;\">Per qu\u00e8?<\/span><\/td>\n<\/tr>\n<\/tbody>\n<\/table>\n<p>6. M&#8217;agradaria sentir-te i\/o veure&#8217;t. Si et va b\u00e9, et pots gravar cantant i\/o ballant la can\u00e7\u00f3 i enviar-m&#8217;ho per mail juntament amb les respostes de l&#8217;acci\u00f3 n\u00ba 5 (respon).<\/p>\n<p>Adre\u00e7a electr\u00f2nica:\u00a0<a href=\"estherc@gmail.com\">estherc@escolaflama.cat<\/a><\/p>\n<p>&nbsp;<\/p>\n<p>Podeu anar fent les accions al llarg de la setmana i quan hagueu acabat m&#8217;ho podeu enviar.<\/p>\n<p><span style=\"font-weight: 400;\">Per acabar us vull fer una recomanaci\u00f3&#8230;<\/span><\/p>\n<p><em><span style=\"font-weight: 400;\">El dia de Sant Jordi la D\u00e0maris Gelabert fa un concert especial. Si us ve de gust anar de concert, aqu\u00ed us deixo el v\u00eddeo amb la informaci\u00f3 (desconnecteu els tel\u00e8fons m\u00f2bils, el concert est\u00e0 a punt de comen\u00e7ar)<img loading=\"lazy\" decoding=\"async\" class=\"\" src=\"https:\/\/encrypted-tbn0.gstatic.com\/images?q=tbn%3AANd9GcQIx61ZAgiprNa7SL_nNOPyF_dn8Y0-iRzVSFAwDofBYETGZVcy&amp;usqp=CAU\" alt=\"\u00e1\u0090\u0088 Emoticono silencio vectores de stock, ilustraciones emoticon ...\" width=\"26\" height=\"33\" \/><\/span><\/em><\/p>\n<p><img loading=\"lazy\" decoding=\"async\" class=\"\" src=\"https:\/\/i.ytimg.com\/vi\/eJTnUfuQ_CM\/maxresdefault.jpg\" alt=\"CONCERT ESPECIAL SANT JORDI 2020 - YouTube\" width=\"209\" height=\"118\" \/><\/p>\n<p><a href=\"https:\/\/youtu.be\/eJTnUfuQ_CM\"><span style=\"font-weight: 400;\">https:\/\/youtu.be\/eJTnUfuQ_CM<\/span><\/a><\/p>\n<p>Us desitjo un Sant Jordi ben especial!!!!<\/p>\n<p>Una abra\u00e7ada<\/p>\n<p>Esther Comas<\/p>\n<p>estherc<span class=\"atwho-query\">@escolaflama.cat<\/span><\/p>\n","protected":false},"excerpt":{"rendered":"<p>Hola nens i nenes!!! Desitjo que estigueu b\u00e9 i a punt per a con\u00e8ixer\/aprendre\/cantar\/ballar&#8230; una can\u00e7\u00f3. Una can\u00e7\u00f3 m\u00e0gica, una hist\u00f2ria protagonitzada per personatges populars que van arribant a casa del cantautor (la persona que ha creat i cantat aquesta can\u00e7\u00f3)\u00a0 acompanyats per les notes del piano. La can\u00e7\u00f3 porta per t\u00edtol\u2026QUALSEVOL NIT POT SORTIR [&hellip;]<\/p>\n","protected":false},"author":17,"featured_media":11479,"comment_status":"closed","ping_status":"closed","sticky":false,"template":"","format":"standard","meta":{"_bbp_topic_count":0,"_bbp_reply_count":0,"_bbp_total_topic_count":0,"_bbp_total_reply_count":0,"_bbp_voice_count":0,"_bbp_anonymous_reply_count":0,"_bbp_topic_count_hidden":0,"_bbp_reply_count_hidden":0,"_bbp_forum_subforum_count":0,"site-sidebar-layout":"default","site-content-layout":"","ast-site-content-layout":"","site-content-style":"default","site-sidebar-style":"default","ast-global-header-display":"","ast-banner-title-visibility":"","ast-main-header-display":"","ast-hfb-above-header-display":"","ast-hfb-below-header-display":"","ast-hfb-mobile-header-display":"","site-post-title":"","ast-breadcrumbs-content":"","ast-featured-img":"","footer-sml-layout":"","theme-transparent-header-meta":"","adv-header-id-meta":"","stick-header-meta":"","header-above-stick-meta":"","header-main-stick-meta":"","header-below-stick-meta":"","astra-migrate-meta-layouts":"default","ast-page-background-enabled":"default","ast-page-background-meta":{"desktop":{"background-color":"var(--ast-global-color-4)","background-image":"","background-repeat":"repeat","background-position":"center center","background-size":"auto","background-attachment":"scroll","background-type":"","background-media":"","overlay-type":"","overlay-color":"","overlay-opacity":"","overlay-gradient":""},"tablet":{"background-color":"","background-image":"","background-repeat":"repeat","background-position":"center center","background-size":"auto","background-attachment":"scroll","background-type":"","background-media":"","overlay-type":"","overlay-color":"","overlay-opacity":"","overlay-gradient":""},"mobile":{"background-color":"","background-image":"","background-repeat":"repeat","background-position":"center center","background-size":"auto","background-attachment":"scroll","background-type":"","background-media":"","overlay-type":"","overlay-color":"","overlay-opacity":"","overlay-gradient":""}},"ast-content-background-meta":{"desktop":{"background-color":"var(--ast-global-color-5)","background-image":"","background-repeat":"repeat","background-position":"center center","background-size":"auto","background-attachment":"scroll","background-type":"","background-media":"","overlay-type":"","overlay-color":"","overlay-opacity":"","overlay-gradient":""},"tablet":{"background-color":"var(--ast-global-color-5)","background-image":"","background-repeat":"repeat","background-position":"center center","background-size":"auto","background-attachment":"scroll","background-type":"","background-media":"","overlay-type":"","overlay-color":"","overlay-opacity":"","overlay-gradient":""},"mobile":{"background-color":"var(--ast-global-color-5)","background-image":"","background-repeat":"repeat","background-position":"center center","background-size":"auto","background-attachment":"scroll","background-type":"","background-media":"","overlay-type":"","overlay-color":"","overlay-opacity":"","overlay-gradient":""}},"footnotes":""},"categories":[8,3],"tags":[],"class_list":["post-11425","post","type-post","status-publish","format-standard","has-post-thumbnail","hentry","category-promocio-2012-6e","category-promocio-2013"],"post_mailing_queue_ids":[],"_links":{"self":[{"href":"https:\/\/agora.xtec.cat\/ceipflama\/wp-json\/wp\/v2\/posts\/11425","targetHints":{"allow":["GET"]}}],"collection":[{"href":"https:\/\/agora.xtec.cat\/ceipflama\/wp-json\/wp\/v2\/posts"}],"about":[{"href":"https:\/\/agora.xtec.cat\/ceipflama\/wp-json\/wp\/v2\/types\/post"}],"author":[{"embeddable":true,"href":"https:\/\/agora.xtec.cat\/ceipflama\/wp-json\/wp\/v2\/users\/17"}],"replies":[{"embeddable":true,"href":"https:\/\/agora.xtec.cat\/ceipflama\/wp-json\/wp\/v2\/comments?post=11425"}],"version-history":[{"count":3,"href":"https:\/\/agora.xtec.cat\/ceipflama\/wp-json\/wp\/v2\/posts\/11425\/revisions"}],"predecessor-version":[{"id":11780,"href":"https:\/\/agora.xtec.cat\/ceipflama\/wp-json\/wp\/v2\/posts\/11425\/revisions\/11780"}],"wp:featuredmedia":[{"embeddable":true,"href":"https:\/\/agora.xtec.cat\/ceipflama\/wp-json\/wp\/v2\/media\/11479"}],"wp:attachment":[{"href":"https:\/\/agora.xtec.cat\/ceipflama\/wp-json\/wp\/v2\/media?parent=11425"}],"wp:term":[{"taxonomy":"category","embeddable":true,"href":"https:\/\/agora.xtec.cat\/ceipflama\/wp-json\/wp\/v2\/categories?post=11425"},{"taxonomy":"post_tag","embeddable":true,"href":"https:\/\/agora.xtec.cat\/ceipflama\/wp-json\/wp\/v2\/tags?post=11425"}],"curies":[{"name":"wp","href":"https:\/\/api.w.org\/{rel}","templated":true}]}}