{"id":11393,"date":"2020-04-13T10:59:53","date_gmt":"2020-04-13T08:59:53","guid":{"rendered":"http:\/\/agora.xtec.cat\/ceipflama\/?p=11393"},"modified":"2020-04-17T11:34:37","modified_gmt":"2020-04-17T09:34:37","slug":"hola-de-nou","status":"publish","type":"post","link":"https:\/\/agora.xtec.cat\/ceipflama\/promocio-2011-6e\/hola-de-nou\/","title":{"rendered":"PLA DE TREBALL 1: HOLA DE NOU!!!:-)"},"content":{"rendered":"<h4 style=\"text-align: center;\"><b>Bon dia alumnes de cicle mitj\u00e0 i fam\u00edlies! Com esteu? Tenim ganes de compartir amb vosaltres 5 reptes per aquesta setmana! Us atreviu? Som-hi!!! Us recordem que els reptes que feu es poden enviar als correus electr\u00f2nics de cada tutora; el temps comen\u00e7a JA!!! Endavant!!!<\/b><\/h4>\n<h5><\/h5>\n<h5 style=\"text-align: left;\"><span style=\"text-decoration: underline;\"><b>Qui vulgui entregar alguna activitat, les dates d\u2019entrega s\u00f3n les seg\u00fcents:<\/b><\/span><\/h5>\n<h5><span style=\"font-weight: 400;\">*<\/span><b>Els reptes 1,2,3 i 4<\/b><span style=\"font-weight: 400;\"> \u2192 com a m\u00e0xim enviar-los per mail el dilluns 20 d\u2019abril<\/span><\/h5>\n<h5><b>*El repte 5<\/b><span style=\"font-weight: 400;\"> \u2192 com a m\u00e0xim enviar-lo per mail el dia 18 d\u2019abril incl\u00f2s.\u00a0<\/span><\/h5>\n<h3><\/h3>\n<h3 style=\"text-align: center;\"><strong>ELS 5 REPTES DE LA SETMANA<\/strong><\/h3>\n<p>&nbsp;<\/p>\n<p style=\"text-align: center;\"><b>1.CONCURS FOTOGR\u00c0FIC <\/b><b>\u201cLA NOSTRA FOTO DE LA CI\u00c8NCIA\u201d<\/b><\/p>\n<p><a href=\"https:\/\/agora.xtec.cat\/ceipflama\/wp-content\/uploads\/usu1313\/2020\/04\/exp1.jpg\"><img loading=\"lazy\" decoding=\"async\" class=\"wp-image-11403 aligncenter\" src=\"https:\/\/agora.xtec.cat\/ceipflama\/wp-content\/uploads\/usu1313\/2020\/04\/exp1.jpg\" alt=\"\" width=\"503\" height=\"335\" srcset=\"https:\/\/agora.xtec.cat\/ceipflama\/wp-content\/uploads\/usu1313\/2020\/04\/exp1.jpg 750w, https:\/\/agora.xtec.cat\/ceipflama\/wp-content\/uploads\/usu1313\/2020\/04\/exp1-300x200.jpg 300w\" sizes=\"auto, (max-width: 503px) 100vw, 503px\" \/><\/a><\/p>\n<p><span style=\"font-weight: 400;\">Aquest primer repte consisteix en fer una fotografia d\u2019un experiment cient\u00edfic fet per vosaltres. Es tracta de fer una fotografia durant l\u2019experiment, on es pugui veure b\u00e9 les vostres investigacions. Tamb\u00e9 ser\u00e0 necessari escriure una petita explicaci\u00f3 o comentari del vostre experiment. A continuaci\u00f3, teniu diferents idees:<\/span><\/p>\n<p style=\"text-align: center;\"><a href=\"https:\/\/www.youtube.com\/watch?v=jaGnQjRknPc\"><span style=\"font-weight: 400;\">https:\/\/www.youtube.com\/watch?v=jaGnQjRknPc<\/span><\/a><\/p>\n<p style=\"text-align: center;\"><a href=\"https:\/\/www.youtube.com\/watch?v=4-MXLIrfJNo\"><span style=\"font-weight: 400;\">https:\/\/www.youtube.com\/watch?v=4-MXLIrfJNo<\/span><\/a><\/p>\n<p><span style=\"text-decoration: underline;\"><b>Les bases del concurs:<\/b><\/span><\/p>\n<p><span style=\"font-weight: 400;\">a) Les fotografies hauran de ser originals i no podran haver estat presentades a cap altre concurs.\u00a0<\/span><\/p>\n<p><span style=\"font-weight: 400;\">b) Podran ser en color o blanc i negre, per\u00f2 sempre en format digital, i lliurades en format JPG, amb un pes m\u00ednim d&#8217;1Mb i m\u00e0xim de 4Mb.\u00a0<\/span><\/p>\n<p><span style=\"font-weight: 400;\">c) Les fotografies poden ser retocades i modificades amb programes de tractament d\u2019imatges.\u00a0<\/span><\/p>\n<p><span style=\"font-weight: 400;\">d) Cal fer una breu explicaci\u00f3 de la fotografia (comentaris sobre la imatge, tractaments,\u2026.)<\/span><\/p>\n<p style=\"text-align: center;\"><strong>Cal que envieu les vostres creacions als seg\u00fcents e-mails:\u00a0<\/strong><\/p>\n<p style=\"text-align: center;\"><span style=\"font-weight: 400;\">\u00a0 Els alumnes de 3r A l\u2019envieu a: conxita@escolaflama.cat<\/span><\/p>\n<p style=\"text-align: center;\"><span style=\"font-weight: 400;\">\u00a0 Els alumnes de 3r B l\u2019envieu a: victoria@escolaflama.cat\u00a0<\/span><\/p>\n<p style=\"text-align: center;\"><span style=\"font-weight: 400;\">Els alumnes de 4t A l\u2019envieu a: esterp@escolaflama.cat<\/span><\/p>\n<p style=\"text-align: center;\"><span style=\"font-weight: 400;\">\u00a0 \u00a0 \u00a0 Els alumnes de 4t B l\u2019envieu a: rosaaligue@escolaflama.cat<\/span><\/p>\n<p>&nbsp;<\/p>\n<p style=\"text-align: center;\"><b>2.EL MEU POEMA DE PRIMAVERA\u00a0<\/b><\/p>\n<p><a href=\"https:\/\/agora.xtec.cat\/ceipflama\/wp-content\/uploads\/usu1313\/2020\/04\/PAPALLONA.jpg\"><img loading=\"lazy\" decoding=\"async\" class=\" wp-image-11407 aligncenter\" src=\"https:\/\/agora.xtec.cat\/ceipflama\/wp-content\/uploads\/usu1313\/2020\/04\/PAPALLONA.jpg\" alt=\"\" width=\"501\" height=\"334\" srcset=\"https:\/\/agora.xtec.cat\/ceipflama\/wp-content\/uploads\/usu1313\/2020\/04\/PAPALLONA.jpg 320w, https:\/\/agora.xtec.cat\/ceipflama\/wp-content\/uploads\/usu1313\/2020\/04\/PAPALLONA-300x200.jpg 300w\" sizes=\"auto, (max-width: 501px) 100vw, 501px\" \/><\/a><\/p>\n<p style=\"text-align: left;\"><span style=\"font-weight: 400;\">Tria un poema de primavera en catal\u00e0\/castell\u00e0 (el pots trobar en un llibre de poesia que ja tinguis, cercant per internet&#8230;). Despr\u00e9s, escriu-lo a m\u00e0 en un full. Seguidament, decora\u2019l (dibuixant\/pintant\/fent un collage\/fent aquarel\u00b7la\u2026) segons el que explica el poema!<\/span><\/p>\n<p style=\"text-align: center;\"><strong>Al final, feu-ne una fotografia i envieu el poema decorat al mail corresponent:<\/strong><\/p>\n<p style=\"text-align: center;\"><span style=\"font-weight: 400;\">Els alumnes de 3r A l\u2019envieu a: conxita@escolaflama.cat<\/span><\/p>\n<p style=\"text-align: center;\"><span style=\"font-weight: 400;\">\u00a0Els alumnes de 3r B l\u2019envieu a: victoria@escolaflama.cat<\/span><\/p>\n<p style=\"text-align: center;\"><span style=\"font-weight: 400;\">Els alumnes de 4t A l\u2019envieu a: helena@escolaflama.cat<\/span><\/p>\n<p style=\"text-align: center;\"><span style=\"font-weight: 400;\">\u00a0 \u00a0 \u00a0Els alumnes de 4t B l\u2019envieu <\/span><span style=\"font-weight: 400;\">a: rosaaligue@escolaflama.cat<\/span><\/p>\n<p>&nbsp;<\/p>\n<p style=\"text-align: center;\"><b>3.EXPOSICI\u00d3 VIRTUAL DE MANDALES #TOTANIR\u00c0B\u00c9<\/b><\/p>\n<p><a href=\"https:\/\/agora.xtec.cat\/ceipflama\/wp-content\/uploads\/usu1313\/2020\/04\/MANDALA.png\"><img loading=\"lazy\" decoding=\"async\" class=\"wp-image-11408 aligncenter\" src=\"https:\/\/agora.xtec.cat\/ceipflama\/wp-content\/uploads\/usu1313\/2020\/04\/MANDALA-1003x1024.png\" alt=\"\" width=\"562\" height=\"573\" srcset=\"https:\/\/agora.xtec.cat\/ceipflama\/wp-content\/uploads\/usu1313\/2020\/04\/MANDALA-1003x1024.png 1003w, https:\/\/agora.xtec.cat\/ceipflama\/wp-content\/uploads\/usu1313\/2020\/04\/MANDALA-294x300.png 294w, https:\/\/agora.xtec.cat\/ceipflama\/wp-content\/uploads\/usu1313\/2020\/04\/MANDALA-768x784.png 768w, https:\/\/agora.xtec.cat\/ceipflama\/wp-content\/uploads\/usu1313\/2020\/04\/MANDALA.png 1558w\" sizes=\"auto, (max-width: 562px) 100vw, 562px\" \/><\/a><\/p>\n<p><span style=\"font-weight: 400;\">Us proposem dissenyar una <\/span><span style=\"font-weight: 400;\">mandala <\/span><span style=\"font-weight: 400;\">al vostre gust per tal de poder-la <\/span><span style=\"font-weight: 400;\">compartir <\/span><span style=\"font-weight: 400;\">posteriorment amb la resta de companys i companyes! Accepteu el repte? Som-hi!!! Segur que us quedaran fant\u00e0stiques! Si les compartiu tothom tindr\u00e0 la possibilitat de descarregar-les, imprimir-les i pintar-les! Aqu\u00ed us deixem un enlla\u00e7 per anar agafant idees:<\/span><\/p>\n<p style=\"text-align: center;\"><a href=\"https:\/\/www.youtube.com\/watch?v=2W1_2QXS8RE\"><span style=\"font-weight: 400;\">https:\/\/www.youtube.com\/watch?v=2W1_2QXS8RE<\/span><\/a><\/p>\n<p style=\"text-align: center;\"><strong>Ens les podeu compartir en els diferents correus electr\u00f2nics:\u00a0<\/strong><\/p>\n<p style=\"text-align: center;\"><span style=\"font-weight: 400;\">Els alumnes de 3r A l\u2019envieu a: conxita@escolaflama.cat<\/span><\/p>\n<p style=\"text-align: center;\"><span style=\"font-weight: 400;\">Els alumnes de 3r B l\u2019envieu a: victoria@escolaflama.cat<\/span><\/p>\n<p style=\"text-align: center;\"><span style=\"font-weight: 400;\">Els alumnes de 4t A l\u2019envieu a: esterp@escolaflama.cat<\/span><\/p>\n<p style=\"text-align: center;\"><span style=\"font-weight: 400;\">Els alumnes de 4t B l\u2019envieu a: rosaaligue@escolaflama.cat<\/span><\/p>\n<p>&nbsp;<\/p>\n<p style=\"text-align: center;\"><b>4.LA NOSTRA COMPRA<\/b><\/p>\n<p><a href=\"https:\/\/agora.xtec.cat\/ceipflama\/wp-content\/uploads\/usu1313\/2020\/04\/COMPRES.jpg\"><img loading=\"lazy\" decoding=\"async\" class=\"wp-image-11409 aligncenter\" src=\"https:\/\/agora.xtec.cat\/ceipflama\/wp-content\/uploads\/usu1313\/2020\/04\/COMPRES-1024x683.jpg\" alt=\"\" width=\"552\" height=\"369\" srcset=\"https:\/\/agora.xtec.cat\/ceipflama\/wp-content\/uploads\/usu1313\/2020\/04\/COMPRES-1024x683.jpg 1024w, https:\/\/agora.xtec.cat\/ceipflama\/wp-content\/uploads\/usu1313\/2020\/04\/COMPRES-300x200.jpg 300w, https:\/\/agora.xtec.cat\/ceipflama\/wp-content\/uploads\/usu1313\/2020\/04\/COMPRES-768x512.jpg 768w, https:\/\/agora.xtec.cat\/ceipflama\/wp-content\/uploads\/usu1313\/2020\/04\/COMPRES.jpg 1200w\" sizes=\"auto, (max-width: 552px) 100vw, 552px\" \/><\/a><\/p>\n<p><span style=\"font-weight: 400;\">Segur que alg\u00fa de la teva fam\u00edlia segurament ha d\u2019anar a comprar. Haurien de guardar el tiquet i fer-los algunes preguntes (que podem preparar):<\/span><\/p>\n<p><span style=\"font-weight: 400;\">+Quin \u00e9s el producte que ha costat m\u00e9s diners?<\/span><\/p>\n<p><span style=\"font-weight: 400;\">+Quin \u00e9s el producte m\u00e9s barat?<\/span><\/p>\n<p><span style=\"font-weight: 400;\">+Quina difer\u00e8ncia hi ha entre el producte m\u00e9s car i el m\u00e9s barat?<\/span><\/p>\n<p><span style=\"font-weight: 400;\">(Si s\u00f3n nombres decimals, els de 3r els poden arrodonir primer i despr\u00e9s fer les operacions)<\/span><\/p>\n<p><span style=\"font-weight: 400;\">+Quin producte dels que hi ha a la llista, no us agrada gens? Quin preu t\u00e9 aquest producte?<\/span><\/p>\n<p><span style=\"font-weight: 400;\">+Qu\u00e8 els hauria agradat que la seva mare o el seu pare els compr\u00e9s? Quin preu penses que t\u00e9 aquell producte?<\/span><\/p>\n<p><span style=\"font-weight: 400;\">+Fes una suma tot sumant el preu de tots els productes de neteja que s\u2019han comprat. Quant heu gastat en productes de neteja?<\/span><\/p>\n<p><span style=\"font-weight: 400;\">+Fes una suma tot sumant el preu de totes les fruites i verdures que heu comprat.<\/span><\/p>\n<p><span style=\"font-weight: 400;\">+Quin \u00e9s el resultat?<\/span><\/p>\n<p><span style=\"font-weight: 400;\">+Fes una classificaci\u00f3 dels productes en (Coneixement del Medi) : hidrats de carboni, prote\u00efnes, vitamines, greixos, etc.<\/span><\/p>\n<p style=\"text-align: center;\"><strong>Podeu copiar aquestes preguntes en el correu i anar-les contestant i finalment enviar-les als corresponents correus.\u00a0<\/strong><\/p>\n<p style=\"text-align: center;\"><span style=\"font-weight: 400;\">Els alumnes de 3r A l\u2019envieu a: conxita@escolaflama.cat<\/span><\/p>\n<p style=\"text-align: center;\"><span style=\"font-weight: 400;\">Els alumnes de 3r B l\u2019envieu a: victoria@escolaflama.cat<\/span><\/p>\n<p style=\"text-align: center;\"><span style=\"font-weight: 400;\">Els alumnes de 4t A l\u2019envieu a: esterp@escolaflama.cat<\/span><\/p>\n<p style=\"text-align: center;\"><span style=\"font-weight: 400;\">Els alumnes de 4t B l\u2019envieu a: rosaaligue@escolaflama.cat<\/span><\/p>\n<p>&nbsp;<\/p>\n<p style=\"text-align: center;\"><b>5. SANT JORDI<\/b><\/p>\n<p><a href=\"https:\/\/agora.xtec.cat\/ceipflama\/wp-content\/uploads\/usu1313\/2020\/04\/LLIBRES-2020.png\"><img loading=\"lazy\" decoding=\"async\" class=\"wp-image-11430 aligncenter\" src=\"https:\/\/agora.xtec.cat\/ceipflama\/wp-content\/uploads\/usu1313\/2020\/04\/LLIBRES-2020.png\" alt=\"\" width=\"492\" height=\"492\" srcset=\"https:\/\/agora.xtec.cat\/ceipflama\/wp-content\/uploads\/usu1313\/2020\/04\/LLIBRES-2020.png 725w, https:\/\/agora.xtec.cat\/ceipflama\/wp-content\/uploads\/usu1313\/2020\/04\/LLIBRES-2020-150x150.png 150w, https:\/\/agora.xtec.cat\/ceipflama\/wp-content\/uploads\/usu1313\/2020\/04\/LLIBRES-2020-300x300.png 300w\" sizes=\"auto, (max-width: 492px) 100vw, 492px\" \/><\/a><\/p>\n<p>Sant Jordi s\u2019acosta, una data senyalada per llibres, roses, amor, cavallers, pr\u00ednceps i princeses, dracs\u2026<\/p>\n<p>NOVA VERSI\u00d3 DEL CERTAMEN LITERARI<\/p>\n<p>L\u2019equip de mestres hem pensat en una modalitat del Certamen Literari diferent a les que hav\u00edeu fet fins ara.<\/p>\n<p>Us proposem:<\/p>\n<p>1-<span style=\"font-size: 12.0pt; line-height: 107%; font-family: 'Arial',sans-serif; color: windowtext;\">Us proposem que escriviu una <strong>Narraci\u00f3, Descripci\u00f3 o Poesia<\/strong> de tem\u00e0tica lliure o relacionada amb Sant Jordi.\u00a0<\/span><\/p>\n<p>2- Que\u00a0<strong>el prepareu per llegir en veu alta.<\/strong><\/p>\n<p>3- Que demaneu als pares que\u00a0<strong>us gravin en v\u00eddeo<\/strong> (important, en horitzontal).<\/p>\n<p>Els podreu enviar\u00a0<strong>des d\u2019avui mateix fins dissabte dia 18 d\u2019abril, incl\u00f2s.<\/strong><\/p>\n<p>&nbsp;<\/p>\n<p style=\"text-align: center;\"><strong><span style=\"text-decoration: underline;\">PER SER DELS MILLORS ESCRIPTORS I ESCRIPTORES DE CONTES\u00a0<\/span><\/strong><\/p>\n<p><a href=\"https:\/\/agora.xtec.cat\/ceipflama\/wp-content\/uploads\/usu1313\/2020\/04\/conte.jpg\"><img loading=\"lazy\" decoding=\"async\" class=\"wp-image-11433 aligncenter\" src=\"https:\/\/agora.xtec.cat\/ceipflama\/wp-content\/uploads\/usu1313\/2020\/04\/conte.jpg\" alt=\"\" width=\"398\" height=\"224\" srcset=\"https:\/\/agora.xtec.cat\/ceipflama\/wp-content\/uploads\/usu1313\/2020\/04\/conte.jpg 1000w, https:\/\/agora.xtec.cat\/ceipflama\/wp-content\/uploads\/usu1313\/2020\/04\/conte-300x169.jpg 300w, https:\/\/agora.xtec.cat\/ceipflama\/wp-content\/uploads\/usu1313\/2020\/04\/conte-768x432.jpg 768w\" sizes=\"auto, (max-width: 398px) 100vw, 398px\" \/><\/a><\/p>\n<p><span style=\"font-weight: 400;\">-Recordeu que abans d\u2019escriure un conte heu de fer una petita pluja d\u2019idees del que voldreu explicar, planificar molt b\u00e9 l\u2019ordre en que direu les coses, pensar com acabar\u00e0 el final del conte\u2026<\/span><\/p>\n<p><span style=\"font-weight: 400;\">-Quins seran els personatges que sortiran? On passar\u00e0 la hist\u00f2ria?<\/span><\/p>\n<p><span style=\"font-weight: 400;\">-Penseu que \u00e9s important fer diferents par\u00e0grafs, sobretot per diferenciar la introducci\u00f3, el nus i el desenlla\u00e7. Tamb\u00e9 cal posar els signes de puntuaci\u00f3 necessaris. (.,!?&#8230;)<\/span><\/p>\n<p><span style=\"font-weight: 400;\">-Hi haur\u00e0 di\u00e0legs al conte?\u00a0<\/span><\/p>\n<p><span style=\"font-weight: 400;\">-Un cop escrita la hist\u00f2ria, cal revisar el text de dalt a baix.\u00a0<\/span><\/p>\n<p><span style=\"text-decoration: underline;\"><span style=\"font-weight: 400;\">DIFERENTS MANERES DE COMEN\u00c7AR CONTES\u00a0<\/span><\/span><\/p>\n<p><span style=\"font-weight: 400;\">&#8211; Hi havia una vegada&#8230;\u00a0<\/span><\/p>\n<p><span style=\"font-weight: 400;\">&#8211; Fa molts, molts anys&#8230;\u00a0<\/span><\/p>\n<p><span style=\"font-weight: 400;\">&#8211; Vet aqu\u00ed en el temps que les b\u00e8sties parlaven, els arbres cantaven i les pedres caminaven&#8230;\u00a0<\/span><\/p>\n<p><span style=\"font-weight: 400;\">&#8211; Fa molt temps quan els peixos volaven i els pardalets nadaven&#8230;\u00a0<\/span><\/p>\n<p><span style=\"font-weight: 400;\">&#8211; Un bon dia de bon mat\u00ed&#8230;\u00a0<\/span><\/p>\n<p><span style=\"font-weight: 400;\">&#8211; En una nit fosca, molt fosca &#8230;\u00a0<\/span><\/p>\n<p><span style=\"font-weight: 400;\">&#8211; En un rac\u00f3 del m\u00f3n on tenia nas tot el m\u00f3n&#8230;\u00a0<\/span><\/p>\n<p><span style=\"text-decoration: underline;\"><span style=\"font-weight: 400;\">DIFERENTS MANERES\u00a0 D\u2019ACABAR CONTES\u00a0<\/span><\/span><\/p>\n<p><span style=\"font-weight: 400;\">&#8211; I van viure feli\u00e7os menjant anissos.\u00a0<\/span><\/p>\n<p><span style=\"font-weight: 400;\">&#8211; I vet aqu\u00ed un gos i vet aqu\u00ed un gat que aquest conte s\u2019ha acabat.\u00a0<\/span><\/p>\n<p><span style=\"font-weight: 400;\">&#8211; El conte contat ja est\u00e0 acabat i per la xemeneia puja al terrat.\u00a0<\/span><\/p>\n<p><span style=\"font-weight: 400;\">&#8211; I catacric, catacrac el conte s\u2019ha acabat.\u00a0<\/span><\/p>\n<p><span style=\"font-weight: 400;\">&#8211; I tot aix\u00f2 \u00e9s tan cert com que tot el que \u00e9s madur no \u00e9s verd.\u00a0<\/span><\/p>\n<p><span style=\"font-weight: 400;\">&#8211; I tot aix\u00f2 \u00e9s tan segur com que tot el que \u00e9s verd no \u00e9s madur.<\/span><\/p>\n<p><span style=\"font-weight: 400;\">&#8211; I tot aix\u00f2 que us he explicat \u00e9s la pura veritat i el que no s\u2019ho vulgui creure que ho vagi a veure.\u00a0<\/span><\/p>\n<p>&nbsp;<\/p>\n<p style=\"text-align: center;\"><strong><u>RECOMANACIONS PER FER UN TEXT DESCRIPTIU<\/u><\/strong><\/p>\n<p><a href=\"https:\/\/agora.xtec.cat\/ceipflama\/wp-content\/uploads\/usu1313\/2020\/04\/descripci\u00f3.jpg\"><img loading=\"lazy\" decoding=\"async\" class=\"wp-image-11432 aligncenter\" src=\"https:\/\/agora.xtec.cat\/ceipflama\/wp-content\/uploads\/usu1313\/2020\/04\/descripci\u00f3.jpg\" alt=\"\" width=\"366\" height=\"182\" srcset=\"https:\/\/agora.xtec.cat\/ceipflama\/wp-content\/uploads\/usu1313\/2020\/04\/descripci\u00f3.jpg 805w, https:\/\/agora.xtec.cat\/ceipflama\/wp-content\/uploads\/usu1313\/2020\/04\/descripci\u00f3-300x149.jpg 300w, https:\/\/agora.xtec.cat\/ceipflama\/wp-content\/uploads\/usu1313\/2020\/04\/descripci\u00f3-768x382.jpg 768w\" sizes=\"auto, (max-width: 366px) 100vw, 366px\" \/><\/a><\/p>\n<p>-Expliqueu amb molts detalls com s\u00f3n les\u00a0<strong>persones<\/strong>, els\u00a0<strong>animals<\/strong>, els\u00a0<strong>objectes<\/strong>, els\u00a0<strong>paisatges<\/strong> o els\u00a0<strong>sentiments<\/strong>&#8230;all\u00f2 que us vingui m\u00e9s de gust descriure. Expliqueu amb les vostres paraules tot all\u00f2 que els vostres sentits poden captar&#8230;penseu que heu de descriure una cosa com si mai ning\u00fa l\u2019hagu\u00e9s vist abans.<\/p>\n<p>-Observeu\u00a0amb atenci\u00f3 all\u00f2 que es voleu descriure.<\/p>\n<p>-Seleccioneu\u00a0les coses observades que considereu m\u00e9s interessants.<\/p>\n<p>-Podeu fer servir comparacions.<\/p>\n<p>-Estructureu i ordeneu\u00a0la informaci\u00f3.<\/p>\n<p>-Feu servir adjectius per donar m\u00e9s riquesa a la vostra descripci\u00f3 (gran, petit, blav\u00f3s, alegre, xerraire, tranquil\u00b7la, amable, divertit&#8230;)<\/p>\n<p>&nbsp;<\/p>\n<p style=\"text-align: center;\"><strong><u>I SI PREFERIM FER UNA POESIA, QU\u00c8 HEM DE TENIR EN COMPTE?<\/u><\/strong><\/p>\n<p style=\"text-align: center;\"><a href=\"https:\/\/agora.xtec.cat\/ceipflama\/wp-content\/uploads\/usu1313\/2020\/04\/poesia.jpg\"><img loading=\"lazy\" decoding=\"async\" class=\" wp-image-11434 aligncenter\" src=\"https:\/\/agora.xtec.cat\/ceipflama\/wp-content\/uploads\/usu1313\/2020\/04\/poesia.jpg\" alt=\"\" width=\"477\" height=\"303\" srcset=\"https:\/\/agora.xtec.cat\/ceipflama\/wp-content\/uploads\/usu1313\/2020\/04\/poesia.jpg 512w, https:\/\/agora.xtec.cat\/ceipflama\/wp-content\/uploads\/usu1313\/2020\/04\/poesia-300x190.jpg 300w\" sizes=\"auto, (max-width: 477px) 100vw, 477px\" \/><\/a><\/p>\n<p>-La poesia \u00e9s un g\u00e8nere literari que ens serveix per expressar els nostres pensaments o els sentiments d\u2019una manera bonica.<\/p>\n<p>-Els temes m\u00e9s habituals de les poesies s\u00f3n: l\u2019amor, l\u2019alegria, la soledat, l\u2019emoci\u00f3 davant la natura&#8230;per\u00f2, en realitat, una poesia ens pot parlar de qualsevol tema del m\u00f3n, de l\u2019univers i del m\u00e9s enll\u00e0!<\/p>\n<p>-Una poesia est\u00e0 formada per:<\/p>\n<p>El vers: \u00e9s cadascuna de les l\u00ednies d\u2019una poesia.<\/p>\n<p>L\u2019estrofa: \u00e9s un agrupament de versos dins d\u2019una poesia.<\/p>\n<p>*I una poesia pot estar formada per una estrofa o m\u00e9s d\u2019una.<\/p>\n<p>-Les poesies solen tenir rimes, \u00e9s a dir, la repetici\u00f3 de sons al final de cada vers. Amb aix\u00f2 s\u2019aconsegueix que els poemes tinguin una certa musicalitat.<\/p>\n<p>&nbsp;<\/p>\n<p style=\"text-align: center;\"><strong>Podeu enviar les vostres fant\u00e0stiques creacions de Sant Jordi als seg\u00fcents correus electr\u00f2nics:<\/strong><\/p>\n<p style=\"text-align: center;\"><span style=\"font-weight: 400;\">Els alumnes de 3r A l\u2019envieu a: conxita@escolaflama.cat<\/span><\/p>\n<p style=\"text-align: center;\"><span style=\"font-weight: 400;\">Els alumnes de 3r B l\u2019envieu a: victoria@escolaflama.cat<\/span><\/p>\n<p style=\"text-align: center;\"><span style=\"font-weight: 400;\">Els alumnes de 4t A l\u2019envieu a: helena@escolaflama.cat<\/span><\/p>\n<p style=\"text-align: center;\"><span style=\"font-weight: 400;\">Els alumnes de 4t B l\u2019envieu a: rosaaligue@escolaflama.cat<\/span><\/p>\n<p>&nbsp;<\/p>\n<p style=\"text-align: center;\"><strong>Esperem que us engresqueu amb els reptes d\u2019aquesta setmana i us ho passeu molt b\u00e9 fent-los! I sobretot, malgrat el confinament, feu que cada dia valgui la pena! Sigueu la millor versi\u00f3 de vosaltres mateixos i deixeu-vos cuidar!\u00a0<\/strong><strong>Us enviem una abra\u00e7ada ben gran!!! Fins aviat!!!<\/strong><\/p>\n<p>&nbsp;<\/p>\n<p style=\"text-align: center;\"><strong>Us deixem amb aquesta can\u00e7\u00f3 ben animada de Doctor Prats: Caminem Lluny! \ud83d\ude09<\/strong><\/p>\n<p style=\"text-align: center;\">\n<div class=\"ast-oembed-container \" style=\"height: 100%;\"><iframe loading=\"lazy\" title=\"Doctor Prats - Caminem lluny [Venim de Lluny, 2018]\" width=\"500\" height=\"281\" src=\"https:\/\/www.youtube.com\/embed\/T0GdzgDq5Z4?feature=oembed\" frameborder=\"0\" allow=\"accelerometer; autoplay; clipboard-write; encrypted-media; gyroscope; picture-in-picture; web-share\" referrerpolicy=\"strict-origin-when-cross-origin\" allowfullscreen><\/iframe><\/div>\n<\/p>\n<p>&nbsp;<\/p>\n<p>&nbsp;<\/p>\n","protected":false},"excerpt":{"rendered":"<p>Bon dia alumnes de cicle mitj\u00e0 i fam\u00edlies! Com esteu? Tenim ganes de compartir amb vosaltres 5 reptes per aquesta setmana! Us atreviu? Som-hi!!! Us recordem que els reptes que feu es poden enviar als correus electr\u00f2nics de cada tutora; el temps comen\u00e7a JA!!! Endavant!!! Qui vulgui entregar alguna activitat, les dates d\u2019entrega s\u00f3n les [&hellip;]<\/p>\n","protected":false},"author":1,"featured_media":11411,"comment_status":"closed","ping_status":"closed","sticky":false,"template":"","format":"standard","meta":{"_bbp_topic_count":0,"_bbp_reply_count":0,"_bbp_total_topic_count":0,"_bbp_total_reply_count":0,"_bbp_voice_count":0,"_bbp_anonymous_reply_count":0,"_bbp_topic_count_hidden":0,"_bbp_reply_count_hidden":0,"_bbp_forum_subforum_count":0,"site-sidebar-layout":"default","site-content-layout":"","ast-site-content-layout":"","site-content-style":"default","site-sidebar-style":"default","ast-global-header-display":"","ast-banner-title-visibility":"","ast-main-header-display":"","ast-hfb-above-header-display":"","ast-hfb-below-header-display":"","ast-hfb-mobile-header-display":"","site-post-title":"","ast-breadcrumbs-content":"","ast-featured-img":"","footer-sml-layout":"","theme-transparent-header-meta":"","adv-header-id-meta":"","stick-header-meta":"","header-above-stick-meta":"","header-main-stick-meta":"","header-below-stick-meta":"","astra-migrate-meta-layouts":"default","ast-page-background-enabled":"default","ast-page-background-meta":{"desktop":{"background-color":"var(--ast-global-color-4)","background-image":"","background-repeat":"repeat","background-position":"center center","background-size":"auto","background-attachment":"scroll","background-type":"","background-media":"","overlay-type":"","overlay-color":"","overlay-opacity":"","overlay-gradient":""},"tablet":{"background-color":"","background-image":"","background-repeat":"repeat","background-position":"center center","background-size":"auto","background-attachment":"scroll","background-type":"","background-media":"","overlay-type":"","overlay-color":"","overlay-opacity":"","overlay-gradient":""},"mobile":{"background-color":"","background-image":"","background-repeat":"repeat","background-position":"center center","background-size":"auto","background-attachment":"scroll","background-type":"","background-media":"","overlay-type":"","overlay-color":"","overlay-opacity":"","overlay-gradient":""}},"ast-content-background-meta":{"desktop":{"background-color":"var(--ast-global-color-5)","background-image":"","background-repeat":"repeat","background-position":"center center","background-size":"auto","background-attachment":"scroll","background-type":"","background-media":"","overlay-type":"","overlay-color":"","overlay-opacity":"","overlay-gradient":""},"tablet":{"background-color":"var(--ast-global-color-5)","background-image":"","background-repeat":"repeat","background-position":"center center","background-size":"auto","background-attachment":"scroll","background-type":"","background-media":"","overlay-type":"","overlay-color":"","overlay-opacity":"","overlay-gradient":""},"mobile":{"background-color":"var(--ast-global-color-5)","background-image":"","background-repeat":"repeat","background-position":"center center","background-size":"auto","background-attachment":"scroll","background-type":"","background-media":"","overlay-type":"","overlay-color":"","overlay-opacity":"","overlay-gradient":""}},"footnotes":""},"categories":[10,9],"tags":[],"class_list":["post-11393","post","type-post","status-publish","format-standard","has-post-thumbnail","hentry","category-promocio-2010-6e","category-promocio-2011-6e"],"post_mailing_queue_ids":[],"_links":{"self":[{"href":"https:\/\/agora.xtec.cat\/ceipflama\/wp-json\/wp\/v2\/posts\/11393","targetHints":{"allow":["GET"]}}],"collection":[{"href":"https:\/\/agora.xtec.cat\/ceipflama\/wp-json\/wp\/v2\/posts"}],"about":[{"href":"https:\/\/agora.xtec.cat\/ceipflama\/wp-json\/wp\/v2\/types\/post"}],"author":[{"embeddable":true,"href":"https:\/\/agora.xtec.cat\/ceipflama\/wp-json\/wp\/v2\/users\/1"}],"replies":[{"embeddable":true,"href":"https:\/\/agora.xtec.cat\/ceipflama\/wp-json\/wp\/v2\/comments?post=11393"}],"version-history":[{"count":5,"href":"https:\/\/agora.xtec.cat\/ceipflama\/wp-json\/wp\/v2\/posts\/11393\/revisions"}],"predecessor-version":[{"id":11570,"href":"https:\/\/agora.xtec.cat\/ceipflama\/wp-json\/wp\/v2\/posts\/11393\/revisions\/11570"}],"wp:featuredmedia":[{"embeddable":true,"href":"https:\/\/agora.xtec.cat\/ceipflama\/wp-json\/wp\/v2\/media\/11411"}],"wp:attachment":[{"href":"https:\/\/agora.xtec.cat\/ceipflama\/wp-json\/wp\/v2\/media?parent=11393"}],"wp:term":[{"taxonomy":"category","embeddable":true,"href":"https:\/\/agora.xtec.cat\/ceipflama\/wp-json\/wp\/v2\/categories?post=11393"},{"taxonomy":"post_tag","embeddable":true,"href":"https:\/\/agora.xtec.cat\/ceipflama\/wp-json\/wp\/v2\/tags?post=11393"}],"curies":[{"name":"wp","href":"https:\/\/api.w.org\/{rel}","templated":true}]}}