{"id":963,"date":"2017-06-14T14:46:07","date_gmt":"2017-06-14T12:46:07","guid":{"rendered":"http:\/\/agora.xtec.cat\/ceipferreriguardia\/?p=963"},"modified":"2017-06-14T14:47:14","modified_gmt":"2017-06-14T12:47:14","slug":"extraescolar-creacio-artistica","status":"publish","type":"post","link":"https:\/\/agora.xtec.cat\/ceipferreriguardia\/general\/extraescolar-creacio-artistica\/","title":{"rendered":"Extraescolar creaci\u00f3 art\u00edstica"},"content":{"rendered":"<p>Des de l&#8217;extraescolar de Creaci\u00f3 art\u00edstica que gestiona Blanc de Guix a la nostra escola, ens han fet arribar aquest v\u00eddeo sobre &#8220;el circ m\u00e0gic de l&#8217;art&#8221;. Moltes gr\u00e0cies a tots\/totes els que hi heu participat.<\/p>\n<p><iframe loading=\"lazy\" src=\"https:\/\/www.youtube.com\/embed\/vb0R1i7Ht7U\" width=\"560\" height=\"315\" frameborder=\"0\" allowfullscreen=\"allowfullscreen\"><\/iframe><\/p>\n","protected":false},"excerpt":{"rendered":"<p>Des de l&#8217;extraescolar de Creaci\u00f3 art\u00edstica que gestiona Blanc de Guix a la nostra escola, ens han fet arribar aquest v\u00eddeo sobre &#8220;el circ m\u00e0gic de l&#8217;art&#8221;. Moltes gr\u00e0cies a tots\/totes els que hi heu participat.<\/p>\n","protected":false},"author":7,"featured_media":964,"comment_status":"open","ping_status":"closed","sticky":false,"template":"","format":"standard","meta":{"_bbp_topic_count":0,"_bbp_reply_count":0,"_bbp_total_topic_count":0,"_bbp_total_reply_count":0,"_bbp_voice_count":0,"_bbp_anonymous_reply_count":0,"_bbp_topic_count_hidden":0,"_bbp_reply_count_hidden":0,"_bbp_forum_subforum_count":0,"footnotes":""},"categories":[1],"tags":[],"class_list":["post-963","post","type-post","status-publish","format-standard","has-post-thumbnail","hentry","category-general"],"post_mailing_queue_ids":[],"_links":{"self":[{"href":"https:\/\/agora.xtec.cat\/ceipferreriguardia\/wp-json\/wp\/v2\/posts\/963","targetHints":{"allow":["GET"]}}],"collection":[{"href":"https:\/\/agora.xtec.cat\/ceipferreriguardia\/wp-json\/wp\/v2\/posts"}],"about":[{"href":"https:\/\/agora.xtec.cat\/ceipferreriguardia\/wp-json\/wp\/v2\/types\/post"}],"author":[{"embeddable":true,"href":"https:\/\/agora.xtec.cat\/ceipferreriguardia\/wp-json\/wp\/v2\/users\/7"}],"replies":[{"embeddable":true,"href":"https:\/\/agora.xtec.cat\/ceipferreriguardia\/wp-json\/wp\/v2\/comments?post=963"}],"version-history":[{"count":3,"href":"https:\/\/agora.xtec.cat\/ceipferreriguardia\/wp-json\/wp\/v2\/posts\/963\/revisions"}],"predecessor-version":[{"id":967,"href":"https:\/\/agora.xtec.cat\/ceipferreriguardia\/wp-json\/wp\/v2\/posts\/963\/revisions\/967"}],"wp:featuredmedia":[{"embeddable":true,"href":"https:\/\/agora.xtec.cat\/ceipferreriguardia\/wp-json\/wp\/v2\/media\/964"}],"wp:attachment":[{"href":"https:\/\/agora.xtec.cat\/ceipferreriguardia\/wp-json\/wp\/v2\/media?parent=963"}],"wp:term":[{"taxonomy":"category","embeddable":true,"href":"https:\/\/agora.xtec.cat\/ceipferreriguardia\/wp-json\/wp\/v2\/categories?post=963"},{"taxonomy":"post_tag","embeddable":true,"href":"https:\/\/agora.xtec.cat\/ceipferreriguardia\/wp-json\/wp\/v2\/tags?post=963"}],"curies":[{"name":"wp","href":"https:\/\/api.w.org\/{rel}","templated":true}]}}