{"id":958,"date":"2017-05-04T15:18:16","date_gmt":"2017-05-04T13:18:16","guid":{"rendered":"http:\/\/agora.xtec.cat\/ceipferreriguardia\/?p=958"},"modified":"2017-05-04T15:18:16","modified_gmt":"2017-05-04T13:18:16","slug":"num-desempat-preinscripio-20172018","status":"publish","type":"post","link":"https:\/\/agora.xtec.cat\/ceipferreriguardia\/general\/num-desempat-preinscripio-20172018\/","title":{"rendered":"N\u00fam. desempat preinscripi\u00f3 2017\/2018"},"content":{"rendered":"<p><strong>\u00a0<\/strong><\/p>\n<p>Aquest mat\u00ed ha tingut lloc el sorteig per a obtenir el n\u00famero de desempat per a la preinscripci\u00f3 escolar del curs 2017-2018 als ensenyaments d\u2019educaci\u00f3 infantil de segon cicle, educaci\u00f3 prim\u00e0ria i educaci\u00f3 secund\u00e0ria obligat\u00f2ria. El n\u00famero aleatori de desempat \u00e9s el <strong>70.923<\/strong>, i s\u2019ha obtingut en un sorteig p\u00fablic que ha tingut lloc al Departament d&#8217;Ensenyament.<\/p>\n<p>Per a la preinscripci\u00f3 del curs que ve s\u2019han rebut un total de 150.024 sol\u00b7licituds per als diversos ensenyaments, tot i que de forma majorit\u00e0ria les sol\u00b7licituds s\u2019han presentat a P3 \u2013que \u00e9s quan hi ha un gruix d\u2019entrada d\u2019alumnes al sistema educatiu- i a primer d\u2019ESO \u2013quan els alumnes canvien de l\u2019etapa de prim\u00e0ria a la de secund\u00e0ria-. El n\u00famero 70.923 ser\u00e0 el n\u00famero a partir del qual s\u2019ordenaran les sol\u00b7licituds empatades.<\/p>\n<p>Pr\u00e8viament, a cada sol\u00b7licitud presentada s\u2019hi ha assignat de forma aleat\u00f2ria un n\u00famero de desempat. Els pares i mares poden consultar aquest n\u00famero des d\u2019ahir.\u00a0 A partir d\u2019ara s\u2019ordenaran les diferents sol\u00b7licituds presentades, segons els criteris establerts de prioritat i la puntuaci\u00f3 obtinguda i, si \u00e9s necessari, el n\u00famero de desempat i el <strong>8 de maig es publicar\u00e0 la llista<\/strong> ordenada definitiva. Posteriorment, el 2 de juny, es publicar\u00e0 la llista final d\u2019alumnes admesos i les fam\u00edlies podran consultar en quin dels centres demanats han obtingut pla\u00e7a.<\/p>\n<p>&nbsp;<\/p>\n","protected":false},"excerpt":{"rendered":"<p>\u00a0<br \/>\nAquest mat\u00ed ha tingut lloc el sorteig per a obtenir el n\u00famero de desempat per a la preinscripci\u00f3 escolar del curs 2017-2018 als ensenyaments d\u2019educaci\u00f3 infantil de segon cicle, educaci\u00f3 prim\u00e0ria i educaci\u00f3 secund\u00e0ria obligat\u00f2ria. El n\u00famero aleatori de desempat \u00e9s el 70.923, i s\u2019ha&hellip;  <a href=\"https:\/\/agora.xtec.cat\/ceipferreriguardia\/general\/num-desempat-preinscripio-20172018\/\" title=\"Read N\u00fam. desempat preinscripi\u00f3 2017\/2018\">Llegeix m\u00e9s\u00bb<\/a><\/p>\n","protected":false},"author":7,"featured_media":0,"comment_status":"open","ping_status":"open","sticky":false,"template":"","format":"standard","meta":{"_bbp_topic_count":0,"_bbp_reply_count":0,"_bbp_total_topic_count":0,"_bbp_total_reply_count":0,"_bbp_voice_count":0,"_bbp_anonymous_reply_count":0,"_bbp_topic_count_hidden":0,"_bbp_reply_count_hidden":0,"_bbp_forum_subforum_count":0,"footnotes":""},"categories":[1],"tags":[],"class_list":["post-958","post","type-post","status-publish","format-standard","hentry","category-general"],"post_mailing_queue_ids":[],"_links":{"self":[{"href":"https:\/\/agora.xtec.cat\/ceipferreriguardia\/wp-json\/wp\/v2\/posts\/958","targetHints":{"allow":["GET"]}}],"collection":[{"href":"https:\/\/agora.xtec.cat\/ceipferreriguardia\/wp-json\/wp\/v2\/posts"}],"about":[{"href":"https:\/\/agora.xtec.cat\/ceipferreriguardia\/wp-json\/wp\/v2\/types\/post"}],"author":[{"embeddable":true,"href":"https:\/\/agora.xtec.cat\/ceipferreriguardia\/wp-json\/wp\/v2\/users\/7"}],"replies":[{"embeddable":true,"href":"https:\/\/agora.xtec.cat\/ceipferreriguardia\/wp-json\/wp\/v2\/comments?post=958"}],"version-history":[{"count":1,"href":"https:\/\/agora.xtec.cat\/ceipferreriguardia\/wp-json\/wp\/v2\/posts\/958\/revisions"}],"predecessor-version":[{"id":959,"href":"https:\/\/agora.xtec.cat\/ceipferreriguardia\/wp-json\/wp\/v2\/posts\/958\/revisions\/959"}],"wp:attachment":[{"href":"https:\/\/agora.xtec.cat\/ceipferreriguardia\/wp-json\/wp\/v2\/media?parent=958"}],"wp:term":[{"taxonomy":"category","embeddable":true,"href":"https:\/\/agora.xtec.cat\/ceipferreriguardia\/wp-json\/wp\/v2\/categories?post=958"},{"taxonomy":"post_tag","embeddable":true,"href":"https:\/\/agora.xtec.cat\/ceipferreriguardia\/wp-json\/wp\/v2\/tags?post=958"}],"curies":[{"name":"wp","href":"https:\/\/api.w.org\/{rel}","templated":true}]}}