{"id":863,"date":"2016-11-09T16:22:00","date_gmt":"2016-11-09T15:22:00","guid":{"rendered":"http:\/\/agora.xtec.cat\/ceipferreriguardia\/?p=863"},"modified":"2016-11-09T16:23:09","modified_gmt":"2016-11-09T15:23:09","slug":"eleccions-al-consell-escolar","status":"publish","type":"post","link":"https:\/\/agora.xtec.cat\/ceipferreriguardia\/general\/eleccions-al-consell-escolar\/","title":{"rendered":"Eleccions al consell escolar"},"content":{"rendered":"<p>Benvolgudes fam\u00edlies,<\/p>\n<p>us recordem que est\u00e0 obert el per\u00edode de presentaci\u00f3 de candidatures per al consell escolar, sector mares i pares, fins el 18 de novembre.<\/p>\n<p>Animeu-vos a con\u00e8ixer l&#8217;escola dels vostres filles\/s participant i donant la vostra opini\u00f3 en el major \u00f2rgan de govern del centre.<\/p>\n<p>Gr\u00e0cies a totes i tots.<\/p>\n","protected":false},"excerpt":{"rendered":"<p>Benvolgudes fam\u00edlies,<br \/>\nus recordem que est\u00e0 obert el per\u00edode de presentaci\u00f3 de candidatures per al consell escolar, sector mares i pares, fins el 18 de novembre.<br \/>\nAnimeu-vos a con\u00e8ixer l&#8217;escola dels vostres filles\/s participant i donant la vostra opini\u00f3 en el major \u00f2rgan de govern del centre.<br \/>\nGr\u00e0cies&hellip;  <a href=\"https:\/\/agora.xtec.cat\/ceipferreriguardia\/general\/eleccions-al-consell-escolar\/\" title=\"Read Eleccions al consell escolar\">Llegeix m\u00e9s\u00bb<\/a><\/p>\n","protected":false},"author":7,"featured_media":0,"comment_status":"open","ping_status":"open","sticky":false,"template":"","format":"standard","meta":{"_bbp_topic_count":0,"_bbp_reply_count":0,"_bbp_total_topic_count":0,"_bbp_total_reply_count":0,"_bbp_voice_count":0,"_bbp_anonymous_reply_count":0,"_bbp_topic_count_hidden":0,"_bbp_reply_count_hidden":0,"_bbp_forum_subforum_count":0,"footnotes":""},"categories":[1],"tags":[],"class_list":["post-863","post","type-post","status-publish","format-standard","hentry","category-general"],"post_mailing_queue_ids":[],"_links":{"self":[{"href":"https:\/\/agora.xtec.cat\/ceipferreriguardia\/wp-json\/wp\/v2\/posts\/863","targetHints":{"allow":["GET"]}}],"collection":[{"href":"https:\/\/agora.xtec.cat\/ceipferreriguardia\/wp-json\/wp\/v2\/posts"}],"about":[{"href":"https:\/\/agora.xtec.cat\/ceipferreriguardia\/wp-json\/wp\/v2\/types\/post"}],"author":[{"embeddable":true,"href":"https:\/\/agora.xtec.cat\/ceipferreriguardia\/wp-json\/wp\/v2\/users\/7"}],"replies":[{"embeddable":true,"href":"https:\/\/agora.xtec.cat\/ceipferreriguardia\/wp-json\/wp\/v2\/comments?post=863"}],"version-history":[{"count":2,"href":"https:\/\/agora.xtec.cat\/ceipferreriguardia\/wp-json\/wp\/v2\/posts\/863\/revisions"}],"predecessor-version":[{"id":865,"href":"https:\/\/agora.xtec.cat\/ceipferreriguardia\/wp-json\/wp\/v2\/posts\/863\/revisions\/865"}],"wp:attachment":[{"href":"https:\/\/agora.xtec.cat\/ceipferreriguardia\/wp-json\/wp\/v2\/media?parent=863"}],"wp:term":[{"taxonomy":"category","embeddable":true,"href":"https:\/\/agora.xtec.cat\/ceipferreriguardia\/wp-json\/wp\/v2\/categories?post=863"},{"taxonomy":"post_tag","embeddable":true,"href":"https:\/\/agora.xtec.cat\/ceipferreriguardia\/wp-json\/wp\/v2\/tags?post=863"}],"curies":[{"name":"wp","href":"https:\/\/api.w.org\/{rel}","templated":true}]}}