{"id":843,"date":"2016-09-26T18:40:27","date_gmt":"2016-09-26T17:40:27","guid":{"rendered":"http:\/\/agora.xtec.cat\/ceipferreriguardia\/?p=843"},"modified":"2016-09-30T09:23:09","modified_gmt":"2016-09-30T08:23:09","slug":"pla-de-funcionament-del-menjador","status":"publish","type":"post","link":"https:\/\/agora.xtec.cat\/ceipferreriguardia\/general\/pla-de-funcionament-del-menjador\/","title":{"rendered":"Pla de funcionament del menjador"},"content":{"rendered":"<p>Benvolguts\/des,<\/p>\n<p>Us informem que ja podeu consultar el <em>pla de funcionament del menjador<\/em> a l&#8217;apartat de documents i <a href=\"https:\/\/drive.google.com\/open?id=0B4i_0BrXrAtNZlItWlFoWm1PZGM\">clicant aqu\u00ed.<\/a><\/p>\n<p>Recordeu tamb\u00e9 que el proper divendres<strong> 7 d&#8217;octubre a les 16:45 <\/strong>tindr\u00e0 lloc la reuni\u00f3 general de menjador per tal que l&#8217;empresa AlimentArt us informi sobre el seu funcionament.<\/p>\n<p>Atentament,<\/p>\n<p>Secretaria<\/p>\n","protected":false},"excerpt":{"rendered":"<p>Benvolguts\/des,<br \/>\nUs informem que ja podeu consultar el pla de funcionament del menjador a l&#8217;apartat de documents i <a href=\"https:\/\/drive.google.com\/open?id=0B4i_0BrXrAtNZlItWlFoWm1PZGM\">clicant aqu\u00ed.<\/a><br \/>\nRecordeu tamb\u00e9 que el proper divendres 7 d&#8217;octubre a les 16:45 tindr\u00e0 lloc la reuni\u00f3 general de menjador per tal que l&#8217;empresa AlimentArt us informi sobre&hellip;  <a href=\"https:\/\/agora.xtec.cat\/ceipferreriguardia\/general\/pla-de-funcionament-del-menjador\/\" title=\"Read Pla de funcionament del menjador\">Llegeix m\u00e9s\u00bb<\/a><\/p>\n","protected":false},"author":7,"featured_media":0,"comment_status":"open","ping_status":"open","sticky":false,"template":"","format":"standard","meta":{"_bbp_topic_count":0,"_bbp_reply_count":0,"_bbp_total_topic_count":0,"_bbp_total_reply_count":0,"_bbp_voice_count":0,"_bbp_anonymous_reply_count":0,"_bbp_topic_count_hidden":0,"_bbp_reply_count_hidden":0,"_bbp_forum_subforum_count":0,"footnotes":""},"categories":[1],"tags":[],"class_list":["post-843","post","type-post","status-publish","format-standard","hentry","category-general"],"post_mailing_queue_ids":[],"_links":{"self":[{"href":"https:\/\/agora.xtec.cat\/ceipferreriguardia\/wp-json\/wp\/v2\/posts\/843","targetHints":{"allow":["GET"]}}],"collection":[{"href":"https:\/\/agora.xtec.cat\/ceipferreriguardia\/wp-json\/wp\/v2\/posts"}],"about":[{"href":"https:\/\/agora.xtec.cat\/ceipferreriguardia\/wp-json\/wp\/v2\/types\/post"}],"author":[{"embeddable":true,"href":"https:\/\/agora.xtec.cat\/ceipferreriguardia\/wp-json\/wp\/v2\/users\/7"}],"replies":[{"embeddable":true,"href":"https:\/\/agora.xtec.cat\/ceipferreriguardia\/wp-json\/wp\/v2\/comments?post=843"}],"version-history":[{"count":3,"href":"https:\/\/agora.xtec.cat\/ceipferreriguardia\/wp-json\/wp\/v2\/posts\/843\/revisions"}],"predecessor-version":[{"id":851,"href":"https:\/\/agora.xtec.cat\/ceipferreriguardia\/wp-json\/wp\/v2\/posts\/843\/revisions\/851"}],"wp:attachment":[{"href":"https:\/\/agora.xtec.cat\/ceipferreriguardia\/wp-json\/wp\/v2\/media?parent=843"}],"wp:term":[{"taxonomy":"category","embeddable":true,"href":"https:\/\/agora.xtec.cat\/ceipferreriguardia\/wp-json\/wp\/v2\/categories?post=843"},{"taxonomy":"post_tag","embeddable":true,"href":"https:\/\/agora.xtec.cat\/ceipferreriguardia\/wp-json\/wp\/v2\/tags?post=843"}],"curies":[{"name":"wp","href":"https:\/\/api.w.org\/{rel}","templated":true}]}}