{"id":508,"date":"2014-03-06T09:31:18","date_gmt":"2014-03-06T08:31:18","guid":{"rendered":"http:\/\/agora.xtec.cat\/ceipferreriguardia\/general\/full-de-sollicitud-preinscripcio-14-15\/"},"modified":"2014-03-06T09:31:18","modified_gmt":"2014-03-06T08:31:18","slug":"full-de-sollicitud-preinscripcio-14-15","status":"publish","type":"post","link":"https:\/\/agora.xtec.cat\/ceipferreriguardia\/general\/full-de-sollicitud-preinscripcio-14-15\/","title":{"rendered":"FULL DE SOL\u00b7LICITUD: PREINSCRIPCI\u00d3 14\/15"},"content":{"rendered":"<p>Benvolgudes fam\u00edlies, us informem que ja podeu omplir el full de preinscripci\u00f3, el podeu descarregar <a <a href=\"http:\/\/agora.xtec.cat\/ceipferreriguardia\/wp-content\/uploads\/usu38\/2016\/07\/preinscripcio1415.pdf\" target=\"_blank\">FENT CLIC AQU\u00cd<\/a>.<\/p>\n<p>Us recordem que el per\u00edode de presentaci\u00f3 \u00e9s de l&#8217;11 al 21 de mar\u00e7 a l&#8217;escola que hagueu sol\u00b7licitat en primer lloc, o b\u00e9 a la <a href=\"http:\/\/www.elmasnou.net\/ambit.php?id=72\" target=\"_blank\">Oficina Municipal d&#8217;Escolaritzaci\u00f3<\/a> ubicada al carrer Roger de Flor 23, El Masnou (antic edifici de correus).<\/p>\n<p>Per m\u00e9s informaci\u00f3 visiteu la<a href=\"http:\/\/www20.gencat.cat\/portal\/site\/OVT\/menuitem.8d9f3f7e23c1cd519e629e30b0c0e1a0\/?vgnextoid=6b829fef421bb110VgnVCM1000008d0c1e0aRCRD&amp;vgnextchannel=6b829fef421bb110VgnVCM1000008d0c1e0aRCRD&amp;vgnextfmt=detall&amp;contentid=49386091bdbaa3106091bdbaa3108d0c1e0aRCRD\" target=\"_blank\"> web del Departament.<\/a><\/p><\/p>\n","protected":false},"excerpt":{"rendered":"<p>Benvolgudes fam\u00edlies, us informem que ja podeu omplir el full de preinscripci\u00f3, el podeu descarregar <\/p>\n","protected":false},"author":4,"featured_media":0,"comment_status":"open","ping_status":"open","sticky":false,"template":"","format":"standard","meta":{"_bbp_topic_count":0,"_bbp_reply_count":0,"_bbp_total_topic_count":0,"_bbp_total_reply_count":0,"_bbp_voice_count":0,"_bbp_anonymous_reply_count":0,"_bbp_topic_count_hidden":0,"_bbp_reply_count_hidden":0,"_bbp_forum_subforum_count":0,"footnotes":""},"categories":[1],"tags":[53,56],"class_list":["post-508","post","type-post","status-publish","format-standard","hentry","category-general","tag-intraweb","tag-noticies"],"post_mailing_queue_ids":[],"_links":{"self":[{"href":"https:\/\/agora.xtec.cat\/ceipferreriguardia\/wp-json\/wp\/v2\/posts\/508","targetHints":{"allow":["GET"]}}],"collection":[{"href":"https:\/\/agora.xtec.cat\/ceipferreriguardia\/wp-json\/wp\/v2\/posts"}],"about":[{"href":"https:\/\/agora.xtec.cat\/ceipferreriguardia\/wp-json\/wp\/v2\/types\/post"}],"author":[{"embeddable":true,"href":"https:\/\/agora.xtec.cat\/ceipferreriguardia\/wp-json\/wp\/v2\/users\/4"}],"replies":[{"embeddable":true,"href":"https:\/\/agora.xtec.cat\/ceipferreriguardia\/wp-json\/wp\/v2\/comments?post=508"}],"version-history":[{"count":0,"href":"https:\/\/agora.xtec.cat\/ceipferreriguardia\/wp-json\/wp\/v2\/posts\/508\/revisions"}],"wp:attachment":[{"href":"https:\/\/agora.xtec.cat\/ceipferreriguardia\/wp-json\/wp\/v2\/media?parent=508"}],"wp:term":[{"taxonomy":"category","embeddable":true,"href":"https:\/\/agora.xtec.cat\/ceipferreriguardia\/wp-json\/wp\/v2\/categories?post=508"},{"taxonomy":"post_tag","embeddable":true,"href":"https:\/\/agora.xtec.cat\/ceipferreriguardia\/wp-json\/wp\/v2\/tags?post=508"}],"curies":[{"name":"wp","href":"https:\/\/api.w.org\/{rel}","templated":true}]}}