{"id":1990,"date":"2023-03-02T13:17:25","date_gmt":"2023-03-02T12:17:25","guid":{"rendered":"https:\/\/agora.xtec.cat\/ceipferreriguardia\/?p=1990"},"modified":"2023-06-12T10:03:11","modified_gmt":"2023-06-12T08:03:11","slug":"preinscripcio-escolar-23-24","status":"publish","type":"post","link":"https:\/\/agora.xtec.cat\/ceipferreriguardia\/general\/preinscripcio-escolar-23-24\/","title":{"rendered":"PREINSCRIPCI\u00d3 ESCOLAR 23\/24"},"content":{"rendered":"<p>Benvolgudes fam\u00edlies,<\/p>\n<p>Posem a la vostra disposici\u00f3 informaci\u00f3 en relaci\u00f3 a la preinscripci\u00f3 escolar per al curs 23\/24.<\/p>\n<ul>\n<li><a href=\"https:\/\/preinscripcio.gencat.cat\/ca\/inici\/\" target=\"_blank\" rel=\"noopener\">Web de la preinscripci\u00f3<\/a><\/li>\n<li><a href=\"https:\/\/drive.google.com\/file\/d\/16n1aao6NdPb_gaRPrRyqPD-0MeePFsFb\/view?usp=share_link\" target=\"_blank\" rel=\"noopener\">Guia per a la preinscripci\u00f3 i matr\u00edcula<\/a><\/li>\n<li><a href=\"https:\/\/drive.google.com\/file\/d\/1s3RR-aOdbwtrAOCgruqPeSVe0WZ2lBNe\/view?usp=share_link\" target=\"_blank\" rel=\"noopener\">Calendari de preinscripci\u00f3 i matr\u00edcula<\/a><\/li>\n<li><a href=\"https:\/\/drive.google.com\/file\/d\/1whaKpkLNV4vP675p3hFPf24SZyzklmVZ\/view?usp=sharing\" target=\"_blank\" rel=\"noopener\">Oferta inicial de places<\/a><\/li>\n<li><a href=\"https:\/\/drive.google.com\/file\/d\/1jSUcZaWjjiZdS7phBuppGi5zi9mWjYVs\/view?usp=share_link\" target=\"_blank\" rel=\"noopener\">Llistat preinscripci\u00f3 23\/24 puntuaci\u00f3 provisional<\/a><\/li>\n<li><a href=\"https:\/\/drive.google.com\/file\/d\/1L1lQjcLOzprlTIUpWSH27iKNfHDu71J-\/view?usp=share_link\" target=\"_blank\" rel=\"noopener\">Llista preinscripci\u00f3 23\/24 n\u00famero de desempat<\/a><\/li>\n<li>N\u00famero de desempat: 66646<\/li>\n<li><a href=\"https:\/\/drive.google.com\/file\/d\/1pbA_iBxyo_hB8rJlGA2FrSuJIQalDnli\/view?usp=share_link\" target=\"_blank\" rel=\"noopener\">Llistat preinscripci\u00f3 23\/24 barem definitiu ordenada<\/a><\/li>\n<li><a href=\"https:\/\/drive.google.com\/file\/d\/1OFVXK5moYC-Fla-MSC5LUhOU4zGV7AtK\/view?usp=drive_link\" target=\"_blank\" rel=\"noopener\">Oferta definitiva de places 23\/24<\/a><\/li>\n<li><a href=\"https:\/\/drive.google.com\/file\/d\/1Dc3QUGORD9FmhVrLkF-78hhNiJl58s0x\/view?usp=drive_link\" target=\"_blank\" rel=\"noopener\">Alumnes preinscrits al centre amb centre assignat<\/a><\/li>\n<li><a href=\"https:\/\/drive.google.com\/file\/d\/1MWSHfTEwW57OzSVcf097OH1LqA0sk-fC\/view?usp=drive_link\" target=\"_blank\" rel=\"noopener\">Llista d&#8217;espera del centre<\/a><\/li>\n<li><a href=\"https:\/\/drive.google.com\/file\/d\/1QnTDJipgh_jSW6XpCF7n02mXt8ERBoyx\/view?usp=drive_link\" target=\"_blank\" rel=\"noopener\">Alumnes assignats al centre<\/a><\/li>\n<\/ul>\n<p><strong>Del 6 al 20 de mar\u00e7: Presentaci\u00f3 de les sol\u00b7licituds<\/strong><\/p>\n","protected":false},"excerpt":{"rendered":"<p>Benvolgudes fam\u00edlies,<br \/>\nPosem a la vostra disposici\u00f3 informaci\u00f3 en relaci\u00f3 a la preinscripci\u00f3 escolar per al curs 23\/24.<\/p>\n<ul>\n<li><a href=\"https:\/\/preinscripcio.gencat.cat\/ca\/inici\/\" target=\"_blank\" rel=\"noopener\">Web de la preinscripci\u00f3<\/a><\/li>\n<li><a href=\"https:\/\/drive.google.com\/file\/d\/16n1aao6NdPb_gaRPrRyqPD-0MeePFsFb\/view?usp=share_link\" target=\"_blank\" rel=\"noopener\">Guia per a la preinscripci\u00f3 i matr\u00edcula<\/a><\/li>\n<li><a href=\"https:\/\/drive.google.com\/file\/d\/1s3RR-aOdbwtrAOCgruqPeSVe0WZ2lBNe\/view?usp=share_link\" target=\"_blank\" rel=\"noopener\">Calendari de preinscripci\u00f3 i matr\u00edcula<\/a><\/li>\n<li><a href=\"https:\/\/drive.google.com\/file\/d\/1whaKpkLNV4vP675p3hFPf24SZyzklmVZ\/view?usp=sharing\" target=\"_blank\" rel=\"noopener\">Oferta inicial de places<\/a><\/li>\n<li><a&hellip;  <a href=\"https:\/\/agora.xtec.cat\/ceipferreriguardia\/general\/preinscripcio-escolar-23-24\/\" title=\"Read PREINSCRIPCI\u00d3 ESCOLAR 23\/24\">Llegeix m\u00e9s\u00bb<\/a><br \/>\n","protected":false},"author":7,"featured_media":0,"comment_status":"open","ping_status":"closed","sticky":false,"template":"","format":"standard","meta":{"_bbp_topic_count":0,"_bbp_reply_count":0,"_bbp_total_topic_count":0,"_bbp_total_reply_count":0,"_bbp_voice_count":0,"_bbp_anonymous_reply_count":0,"_bbp_topic_count_hidden":0,"_bbp_reply_count_hidden":0,"_bbp_forum_subforum_count":0,"footnotes":""},"categories":[1],"tags":[],"class_list":["post-1990","post","type-post","status-publish","format-standard","hentry","category-general"],"post_mailing_queue_ids":[],"_links":{"self":[{"href":"https:\/\/agora.xtec.cat\/ceipferreriguardia\/wp-json\/wp\/v2\/posts\/1990","targetHints":{"allow":["GET"]}}],"collection":[{"href":"https:\/\/agora.xtec.cat\/ceipferreriguardia\/wp-json\/wp\/v2\/posts"}],"about":[{"href":"https:\/\/agora.xtec.cat\/ceipferreriguardia\/wp-json\/wp\/v2\/types\/post"}],"author":[{"embeddable":true,"href":"https:\/\/agora.xtec.cat\/ceipferreriguardia\/wp-json\/wp\/v2\/users\/7"}],"replies":[{"embeddable":true,"href":"https:\/\/agora.xtec.cat\/ceipferreriguardia\/wp-json\/wp\/v2\/comments?post=1990"}],"version-history":[{"count":3,"href":"https:\/\/agora.xtec.cat\/ceipferreriguardia\/wp-json\/wp\/v2\/posts\/1990\/revisions"}],"predecessor-version":[{"id":2009,"href":"https:\/\/agora.xtec.cat\/ceipferreriguardia\/wp-json\/wp\/v2\/posts\/1990\/revisions\/2009"}],"wp:attachment":[{"href":"https:\/\/agora.xtec.cat\/ceipferreriguardia\/wp-json\/wp\/v2\/media?parent=1990"}],"wp:term":[{"taxonomy":"category","embeddable":true,"href":"https:\/\/agora.xtec.cat\/ceipferreriguardia\/wp-json\/wp\/v2\/categories?post=1990"},{"taxonomy":"post_tag","embeddable":true,"href":"https:\/\/agora.xtec.cat\/ceipferreriguardia\/wp-json\/wp\/v2\/tags?post=1990"}],"curies":[{"name":"wp","href":"https:\/\/api.w.org\/{rel}","templated":true}]}}