{"id":1888,"date":"2022-03-03T13:05:20","date_gmt":"2022-03-03T12:05:20","guid":{"rendered":"https:\/\/agora.xtec.cat\/ceipferreriguardia\/?p=1888"},"modified":"2022-03-04T13:20:38","modified_gmt":"2022-03-04T12:20:38","slug":"comissio-menjador","status":"publish","type":"post","link":"https:\/\/agora.xtec.cat\/ceipferreriguardia\/general\/comissio-menjador\/","title":{"rendered":"COMISSI\u00d3 MENJADOR"},"content":{"rendered":"<p>Compartim els acords de la comissi\u00f3 de menjador:<\/p>\n<ul>\n<li>Men\u00fas:\n<ul>\n<li>En tot moment es dona la possibilitat de repetir de plat sempre i quan s&#8217;ho hagin menjat tot.<\/li>\n<li>A partir del proper mes s&#8217;informar\u00e0 al men\u00fa sobre els productes ECO i de proximitat.<\/li>\n<li>Per evitar el malbaratament s&#8217;ofereix mitja fruita, no hi ha cap inconvenient en demanar-ne l&#8217;altre pe\u00e7a o sencera.<\/li>\n<\/ul>\n<\/li>\n<li>Projecte educatiu:\n<ul>\n<li>Es proposen activitats dirigides 2 dies a la setmana amb una durada m\u00e0xima de 20 minuts amb l&#8217;objectiu de cohesionar el grup i de participaci\u00f3 obligat\u00f2ria.<\/li>\n<li>Bibliomenjador: s&#8217;oferir\u00e0 la possibilitat d&#8217;utilitzar la biblioteca un cop a la setmana sempre i quan la r\u00e0tio ho permeti.<\/li>\n<\/ul>\n<\/li>\n<li>Neteja:\n<ul>\n<li>S&#8217;amplia la neteja dels WC&#8217;s del menjador amb un servei extra a les 13.30h.<\/li>\n<\/ul>\n<\/li>\n<li>M\u00fasica:\n<ul>\n<li>La coordinadora vetllar\u00e0 per la m\u00fasica que es posa durant el menjador, sent apte per infants. Es demana disculpes per si en algun cas no s&#8217;ha pogut respectar aquest acord.<\/li>\n<\/ul>\n<\/li>\n<li>Contracte:\n<ul>\n<li>S&#8217;exposen millores econ\u00f2miques i es mantindran les condicions actuals<\/li>\n<\/ul>\n<\/li>\n<\/ul>\n","protected":false},"excerpt":{"rendered":"<p>Compartim els acords de la comissi\u00f3 de menjador:<\/p>\n<ul>\n<li>Men\u00fas:\n<ul>\n<li>En tot moment es dona la possibilitat de repetir de plat sempre i quan s&#8217;ho hagin menjat tot.<\/li>\n<li>A partir del proper mes s&#8217;informar\u00e0 al men\u00fa sobre els productes ECO i de proximitat.<\/li>\n<li>Per evitar el malbaratament s&#8217;ofereix mitja fruita,&hellip;  <a href=\"https:\/\/agora.xtec.cat\/ceipferreriguardia\/general\/comissio-menjador\/\" title=\"Read COMISSI\u00d3 MENJADOR\">Llegeix m\u00e9s\u00bb<\/a><br \/>\n","protected":false},"author":4,"featured_media":0,"comment_status":"open","ping_status":"closed","sticky":false,"template":"","format":"standard","meta":{"_bbp_topic_count":0,"_bbp_reply_count":0,"_bbp_total_topic_count":0,"_bbp_total_reply_count":0,"_bbp_voice_count":0,"_bbp_anonymous_reply_count":0,"_bbp_topic_count_hidden":0,"_bbp_reply_count_hidden":0,"_bbp_forum_subforum_count":0,"footnotes":""},"categories":[1],"tags":[],"class_list":["post-1888","post","type-post","status-publish","format-standard","hentry","category-general"],"post_mailing_queue_ids":[],"_links":{"self":[{"href":"https:\/\/agora.xtec.cat\/ceipferreriguardia\/wp-json\/wp\/v2\/posts\/1888","targetHints":{"allow":["GET"]}}],"collection":[{"href":"https:\/\/agora.xtec.cat\/ceipferreriguardia\/wp-json\/wp\/v2\/posts"}],"about":[{"href":"https:\/\/agora.xtec.cat\/ceipferreriguardia\/wp-json\/wp\/v2\/types\/post"}],"author":[{"embeddable":true,"href":"https:\/\/agora.xtec.cat\/ceipferreriguardia\/wp-json\/wp\/v2\/users\/4"}],"replies":[{"embeddable":true,"href":"https:\/\/agora.xtec.cat\/ceipferreriguardia\/wp-json\/wp\/v2\/comments?post=1888"}],"version-history":[{"count":1,"href":"https:\/\/agora.xtec.cat\/ceipferreriguardia\/wp-json\/wp\/v2\/posts\/1888\/revisions"}],"predecessor-version":[{"id":1889,"href":"https:\/\/agora.xtec.cat\/ceipferreriguardia\/wp-json\/wp\/v2\/posts\/1888\/revisions\/1889"}],"wp:attachment":[{"href":"https:\/\/agora.xtec.cat\/ceipferreriguardia\/wp-json\/wp\/v2\/media?parent=1888"}],"wp:term":[{"taxonomy":"category","embeddable":true,"href":"https:\/\/agora.xtec.cat\/ceipferreriguardia\/wp-json\/wp\/v2\/categories?post=1888"},{"taxonomy":"post_tag","embeddable":true,"href":"https:\/\/agora.xtec.cat\/ceipferreriguardia\/wp-json\/wp\/v2\/tags?post=1888"}],"curies":[{"name":"wp","href":"https:\/\/api.w.org\/{rel}","templated":true}]}}