{"id":1721,"date":"2021-05-28T12:05:09","date_gmt":"2021-05-28T10:05:09","guid":{"rendered":"https:\/\/agora.xtec.cat\/ceipferreriguardia\/?p=1721"},"modified":"2021-06-11T13:15:02","modified_gmt":"2021-06-11T11:15:02","slug":"beques-llibres-i-menjador-del-consell-comarcal","status":"publish","type":"post","link":"https:\/\/agora.xtec.cat\/ceipferreriguardia\/general\/beques-llibres-i-menjador-del-consell-comarcal\/","title":{"rendered":"BEQUES LLIBRES I MENJADOR del CONSELL COMARCAL"},"content":{"rendered":"<div class=\"entry-summary\">\n<p>Us adjuntem la informaci\u00f3 relativa a les convocat\u00f2ries d\u2019ajuts econ\u00f2mics individuals per a l\u2019adquisici\u00f3 de llibres per al curs 2021-2022 i ajuts individuals de menjador escolar del Consell Comarcal del Maresme per al curs 2021-2021.\u00a0 <a href=\"https:\/\/drive.google.com\/file\/d\/1SLysLLGmu-s5zM2r20q5TP8ZbFj4INkd\/view?usp=sharing\"><strong>CLIQUEU PER VEURE CARTELL INFORMATIU<\/strong><\/a><\/p>\n<p>El per\u00edode de sol\u00b7licituds dels ajuts econ\u00f2mics individuals per a l\u2019adquisici\u00f3 de llibres i dels ajuts individuals de menjador escolar ser\u00e0 a partir del 2 de juny i fins l\u201916 de Juny, telem\u00e0ticament i excepcionalment de manera presencial a l&#8217;Oficina d&#8217;Atenci\u00f3 Ciutadana (OAC, Roger de Flor, 23), demanant cita pr\u00e8via al tel\u00e8fon 93 557 17 77.<\/p>\n<p><a href=\"https:\/\/cataleg.elmasnou.cat:7443\/DetallTramit.aspx?Cercador=True&amp;IdTramit=194\">Enlla\u00e7 on es pot sol\u00b7licitar.: llibres de text, beques casal d&#8217;estiu<\/a><\/p>\n<p><a href=\"https:\/\/drive.google.com\/drive\/folders\/1HRzmRa7Rql3Ycy2FHBzq6CTCqDd7TNMV?usp=sharing\"><strong>CLIQUEU AQU\u00cd per veure documents<\/strong><\/a><\/p>\n<\/div>\n","protected":false},"excerpt":{"rendered":"<p>Us adjuntem la informaci\u00f3 relativa a les convocat\u00f2ries d\u2019ajuts econ\u00f2mics individuals per a l\u2019adquisici\u00f3 de llibres per al curs 2021-2022 i ajuts individuals de menjador escolar del Consell Comarcal del Maresme per al curs 2021-2021.\u00a0 <a href=\"https:\/\/drive.google.com\/file\/d\/1SLysLLGmu-s5zM2r20q5TP8ZbFj4INkd\/view?usp=sharing\">CLIQUEU PER VEURE CARTELL INFORMATIU<\/a><br \/>\nEl per\u00edode de sol\u00b7licituds dels&hellip;  <a href=\"https:\/\/agora.xtec.cat\/ceipferreriguardia\/general\/beques-llibres-i-menjador-del-consell-comarcal\/\" title=\"Read BEQUES LLIBRES I MENJADOR del CONSELL COMARCAL\">Llegeix m\u00e9s\u00bb<\/a><\/p>\n","protected":false},"author":4,"featured_media":0,"comment_status":"open","ping_status":"closed","sticky":false,"template":"","format":"standard","meta":{"_bbp_topic_count":0,"_bbp_reply_count":0,"_bbp_total_topic_count":0,"_bbp_total_reply_count":0,"_bbp_voice_count":0,"_bbp_anonymous_reply_count":0,"_bbp_topic_count_hidden":0,"_bbp_reply_count_hidden":0,"_bbp_forum_subforum_count":0,"footnotes":""},"categories":[1],"tags":[],"class_list":["post-1721","post","type-post","status-publish","format-standard","hentry","category-general"],"post_mailing_queue_ids":[],"_links":{"self":[{"href":"https:\/\/agora.xtec.cat\/ceipferreriguardia\/wp-json\/wp\/v2\/posts\/1721","targetHints":{"allow":["GET"]}}],"collection":[{"href":"https:\/\/agora.xtec.cat\/ceipferreriguardia\/wp-json\/wp\/v2\/posts"}],"about":[{"href":"https:\/\/agora.xtec.cat\/ceipferreriguardia\/wp-json\/wp\/v2\/types\/post"}],"author":[{"embeddable":true,"href":"https:\/\/agora.xtec.cat\/ceipferreriguardia\/wp-json\/wp\/v2\/users\/4"}],"replies":[{"embeddable":true,"href":"https:\/\/agora.xtec.cat\/ceipferreriguardia\/wp-json\/wp\/v2\/comments?post=1721"}],"version-history":[{"count":3,"href":"https:\/\/agora.xtec.cat\/ceipferreriguardia\/wp-json\/wp\/v2\/posts\/1721\/revisions"}],"predecessor-version":[{"id":1738,"href":"https:\/\/agora.xtec.cat\/ceipferreriguardia\/wp-json\/wp\/v2\/posts\/1721\/revisions\/1738"}],"wp:attachment":[{"href":"https:\/\/agora.xtec.cat\/ceipferreriguardia\/wp-json\/wp\/v2\/media?parent=1721"}],"wp:term":[{"taxonomy":"category","embeddable":true,"href":"https:\/\/agora.xtec.cat\/ceipferreriguardia\/wp-json\/wp\/v2\/categories?post=1721"},{"taxonomy":"post_tag","embeddable":true,"href":"https:\/\/agora.xtec.cat\/ceipferreriguardia\/wp-json\/wp\/v2\/tags?post=1721"}],"curies":[{"name":"wp","href":"https:\/\/api.w.org\/{rel}","templated":true}]}}