{"id":1618,"date":"2021-03-10T15:32:29","date_gmt":"2021-03-10T14:32:29","guid":{"rendered":"https:\/\/agora.xtec.cat\/ceipferreriguardia\/?p=1618"},"modified":"2021-03-18T15:32:28","modified_gmt":"2021-03-18T14:32:28","slug":"portes-obertes-2","status":"publish","type":"post","link":"https:\/\/agora.xtec.cat\/ceipferreriguardia\/general\/portes-obertes-2\/","title":{"rendered":"PREINSCRIPCI\u00d3 I MATR\u00cdCULA CURS 21\/22"},"content":{"rendered":"<p>Benvolgudes fam\u00edlies,<\/p>\n<p>Posem al vostre abast els seg\u00fcents documents en relaci\u00f3 a la preinscripci\u00f3 i matr\u00edcula pel curs 2021\/22:<\/p>\n<ul>\n<li><a href=\"https:\/\/drive.google.com\/file\/d\/1PKV3diOuVP0gKXPXU8sKpfQoLfWijvxz\/view?usp=sharing\">PROJECTE EDUCATIU<\/a><\/li>\n<li><a href=\"https:\/\/youtu.be\/Pf2SiC7S_D0\">V\u00cdDEO RESUM DELS NOSTRES TRETS D&#8217;IDENTITAT<\/a><\/li>\n<li><a href=\"https:\/\/drive.google.com\/file\/d\/1FssSVHefEd09ZWYHc-itNFD5AFF1pTZc\/view?usp=sharing\">OFERTA EDUCATIVA<\/a><\/li>\n<li><a href=\"http:\/\/mapaescolar.gencat.cat\/\">MAPA ESCOLAR<\/a><\/li>\n<li><a href=\"https:\/\/drive.google.com\/file\/d\/1h7SKAdlfq-9Q2dIzyi8mw2SJo4uAKPJ-\/view?usp=sharing\">DOSSIER INFORMATIU PREINSCRIPCI\u00d3 I MATR\u00cdCULA 21\/22<\/a><\/li>\n<li><a href=\"https:\/\/agora.xtec.cat\/ceipferreriguardia\/serveis\/\">EXTRAESCOLARS<\/a><\/li>\n<li><a href=\"https:\/\/drive.google.com\/file\/d\/1j45aoSPtlg7mhXNNf85wgMgeTJ7T9y9c\/view?usp=sharing\">CARTA COMPROM\u00cdS EDUCATIU<\/a><\/li>\n<li><a href=\"https:\/\/drive.google.com\/file\/d\/1QDx3IsAh3gCsRP_E8jUBir4tcp12450I\/view?usp=sharing\">RELACI\u00d3 DE PAGAMENTS<\/a><\/li>\n<\/ul>\n<p>El per\u00edode de <strong><a href=\"https:\/\/preinscripcio.gencat.cat\/ca\/estudis\/infantil-3-6\/inici\/\">preinscripci\u00f3 escolar<\/a><\/strong> \u00e9s del 15 al 24 de mar\u00e7, ser\u00e0 totalment telem\u00e0tic. <strong><a href=\"https:\/\/preinscripcio.gencat.cat\/ca\/estudis\/infantil-3-6\/inici\/\">En aquest<\/a> <a href=\"https:\/\/preinscripcio.gencat.cat\/ca\/estudis\/infantil-3-6\/inici\/\">enlla\u00e7 trobareu tota la informaci\u00f3.<\/a><\/strong><\/p>\n<p><strong>QUAN FEU LA PREINSCRIPCI\u00d3 CAL QUE TINGUEU EN COMPTE:<\/strong><\/p>\n<ul>\n<li><strong>MARQUEU DOMICILI DE L&#8217;\u00c0REA SI VIVIU AL MASNOU<\/strong><\/li>\n<li><strong>ALUMNAT DE P3 NO MARQUEU LA CASELLA D&#8217;ALUMNAT DE NOVA INCORPORACI\u00d3 AL SISTEMA EDUCATIU<\/strong><\/li>\n<\/ul>\n","protected":false},"excerpt":{"rendered":"<p>Benvolgudes fam\u00edlies,<br \/>\nPosem al vostre abast els seg\u00fcents documents en relaci\u00f3 a la preinscripci\u00f3 i matr\u00edcula pel curs 2021\/22:<\/p>\n<ul>\n<li><a href=\"https:\/\/drive.google.com\/file\/d\/1PKV3diOuVP0gKXPXU8sKpfQoLfWijvxz\/view?usp=sharing\">PROJECTE EDUCATIU<\/a><\/li>\n<li><a href=\"https:\/\/youtu.be\/Pf2SiC7S_D0\">V\u00cdDEO RESUM DELS NOSTRES TRETS D&#8217;IDENTITAT<\/a><\/li>\n<li><a href=\"https:\/\/drive.google.com\/file\/d\/1FssSVHefEd09ZWYHc-itNFD5AFF1pTZc\/view?usp=sharing\">OFERTA EDUCATIVA<\/a><\/li>\n<li><a href=\"http:\/\/mapaescolar.gencat.cat\/\">MAPA ESCOLAR<\/a><\/li>\n<li><a href=\"https:\/\/drive.google.com\/file\/d\/1h7SKAdlfq-9Q2dIzyi8mw2SJo4uAKPJ-\/view?usp=sharing\">DOSSIER INFORMATIU PREINSCRIPCI\u00d3 I MATR\u00cdCULA 21\/22<\/a><\/li>\n<li><a href=\"https:\/\/agora.xtec.cat\/ceipferreriguardia\/serveis\/\">EXTRAESCOLARS<\/a><\/li>\n<li><a href=\"https:\/\/drive.google.com\/file\/d\/1j45aoSPtlg7mhXNNf85wgMgeTJ7T9y9c\/view?usp=sharing\">CARTA COMPROM\u00cdS EDUCATIU<\/a><\/li>\n<li><a href=\"https:\/\/drive.google.com\/file\/d\/1QDx3IsAh3gCsRP_E8jUBir4tcp12450I\/view?usp=sharing\">RELACI\u00d3 DE PAGAMENTS<\/a><\/li>\n<\/ul>\n<p>El per\u00edode de&hellip;  <a href=\"https:\/\/agora.xtec.cat\/ceipferreriguardia\/general\/portes-obertes-2\/\" title=\"Read PREINSCRIPCI\u00d3 I MATR\u00cdCULA CURS 21\/22\">Llegeix m\u00e9s\u00bb<\/a><\/p>\n","protected":false},"author":4,"featured_media":1685,"comment_status":"open","ping_status":"closed","sticky":false,"template":"","format":"standard","meta":{"_bbp_topic_count":0,"_bbp_reply_count":0,"_bbp_total_topic_count":0,"_bbp_total_reply_count":0,"_bbp_voice_count":0,"_bbp_anonymous_reply_count":0,"_bbp_topic_count_hidden":0,"_bbp_reply_count_hidden":0,"_bbp_forum_subforum_count":0,"footnotes":""},"categories":[1],"tags":[],"class_list":["post-1618","post","type-post","status-publish","format-standard","has-post-thumbnail","hentry","category-general"],"post_mailing_queue_ids":[],"_links":{"self":[{"href":"https:\/\/agora.xtec.cat\/ceipferreriguardia\/wp-json\/wp\/v2\/posts\/1618","targetHints":{"allow":["GET"]}}],"collection":[{"href":"https:\/\/agora.xtec.cat\/ceipferreriguardia\/wp-json\/wp\/v2\/posts"}],"about":[{"href":"https:\/\/agora.xtec.cat\/ceipferreriguardia\/wp-json\/wp\/v2\/types\/post"}],"author":[{"embeddable":true,"href":"https:\/\/agora.xtec.cat\/ceipferreriguardia\/wp-json\/wp\/v2\/users\/4"}],"replies":[{"embeddable":true,"href":"https:\/\/agora.xtec.cat\/ceipferreriguardia\/wp-json\/wp\/v2\/comments?post=1618"}],"version-history":[{"count":4,"href":"https:\/\/agora.xtec.cat\/ceipferreriguardia\/wp-json\/wp\/v2\/posts\/1618\/revisions"}],"predecessor-version":[{"id":1620,"href":"https:\/\/agora.xtec.cat\/ceipferreriguardia\/wp-json\/wp\/v2\/posts\/1618\/revisions\/1620"}],"wp:featuredmedia":[{"embeddable":true,"href":"https:\/\/agora.xtec.cat\/ceipferreriguardia\/wp-json\/wp\/v2\/media\/1685"}],"wp:attachment":[{"href":"https:\/\/agora.xtec.cat\/ceipferreriguardia\/wp-json\/wp\/v2\/media?parent=1618"}],"wp:term":[{"taxonomy":"category","embeddable":true,"href":"https:\/\/agora.xtec.cat\/ceipferreriguardia\/wp-json\/wp\/v2\/categories?post=1618"},{"taxonomy":"post_tag","embeddable":true,"href":"https:\/\/agora.xtec.cat\/ceipferreriguardia\/wp-json\/wp\/v2\/tags?post=1618"}],"curies":[{"name":"wp","href":"https:\/\/api.w.org\/{rel}","templated":true}]}}