{"id":1580,"date":"2020-10-31T17:49:29","date_gmt":"2020-10-31T16:49:29","guid":{"rendered":"https:\/\/agora.xtec.cat\/ceipferreriguardia\/?p=1580"},"modified":"2020-10-31T17:49:29","modified_gmt":"2020-10-31T16:49:29","slug":"afectacio-de-lescola-envers-les-noves-mesures-de-salut","status":"publish","type":"post","link":"https:\/\/agora.xtec.cat\/ceipferreriguardia\/general\/afectacio-de-lescola-envers-les-noves-mesures-de-salut\/","title":{"rendered":"AFECTACI\u00d3 DE L&#8217;ESCOLA ENVERS LES NOVES MESURES DE SALUT"},"content":{"rendered":"<p id=\"m_-5589804307556035331gmail-docs-internal-guid-30b8bc9d-7fff-b20b-7afb-0b733b41c9e5\" dir=\"ltr\">Benvolgudes fam\u00edlies,<\/p>\n<p dir=\"ltr\">A conseq\u00fc\u00e8ncia de la Resoluci\u00f3 de la consellera de Salut i del conseller d&#8217;Interior, per la qual es publiquen<a href=\"https:\/\/canalsalut.gencat.cat\/ca\/salut-a-z\/c\/coronavirus-2019-ncov\/ciutadania\/mesures-per-contenir-els-brots\/mesures-per-contenir-els-brots-aplicables-a-tot-catalunya\/\" target=\"_blank\" rel=\"noopener noreferrer\" data-saferedirecturl=\"https:\/\/www.google.com\/url?q=https:\/\/canalsalut.gencat.cat\/ca\/salut-a-z\/c\/coronavirus-2019-ncov\/ciutadania\/mesures-per-contenir-els-brots\/mesures-per-contenir-els-brots-aplicables-a-tot-catalunya\/&amp;source=gmail&amp;ust=1604132461749000&amp;usg=AFQjCNF5AfsRQIown8AgKZywa1vWuoxwTg\"> noves mesures en mat\u00e8ria de salut p\u00fablica per a la contenci\u00f3 del brot epid\u00e8mic de la pand\u00e8mia de covid-19<\/a>, us volem comunicar el seg\u00fcent:<\/p>\n<ul>\n<li dir=\"ltr\">\n<p dir=\"ltr\">Els dos cicles d\u2019educaci\u00f3 infantil i prim\u00e0ria mantenen la plena presencialitat i l&#8217;aplicaci\u00f3 dels plans d&#8217;organitzaci\u00f3 de cada centre, sense cap modificaci\u00f3 en l\u2019activitat lectiva actual.<\/p>\n<\/li>\n<li dir=\"ltr\">\n<p dir=\"ltr\">Es suspenen les activitats extraescolars, mantenint nom\u00e9s aquelles que coincideixin grups estables de conviv\u00e8ncia de les activitats lectives o aquelles que es puguin fer telem\u00e0ticament.\u00a0 L\u2019AFA us informar\u00e0 i concretar\u00e0 cada cas.<\/p>\n<\/li>\n<li dir=\"ltr\">\n<p dir=\"ltr\">El servei de SAM, SAT es mantindr\u00e0 sempre que es pugui garantir l&#8217;atenci\u00f3 dels diferents grups estables de conviv\u00e8ncia de les activitats lectives.<\/p>\n<\/li>\n<li dir=\"ltr\">\n<p dir=\"ltr\">El servei de menjador es mant\u00e9.<\/p>\n<\/li>\n<\/ul>\n<p dir=\"ltr\">Qualsevol canvi al respecte que comuniqui el Departament d&#8217;Educaci\u00f3 ser\u00e0 informat en el seu moment.<\/p>\n<p dir=\"ltr\">Aprofitem per desitjar-vos una bona castanyada i esperem que durant la celebraci\u00f3 de la mateixa no posem en perill tota la bona feina realitzada per tots\/es fins el moment.<\/p>\n<p dir=\"ltr\">Cal continuar sent una escola segura amb fam\u00edlies responsables.<\/p>\n<p dir=\"ltr\">Atentament,<\/p>\n<p dir=\"ltr\">La direcci\u00f3<\/p>\n","protected":false},"excerpt":{"rendered":"<p>Benvolgudes fam\u00edlies,<br \/>\nA conseq\u00fc\u00e8ncia de la Resoluci\u00f3 de la consellera de Salut i del conseller d&#8217;Interior, per la qual es publiquen<a href=\"https:\/\/canalsalut.gencat.cat\/ca\/salut-a-z\/c\/coronavirus-2019-ncov\/ciutadania\/mesures-per-contenir-els-brots\/mesures-per-contenir-els-brots-aplicables-a-tot-catalunya\/\" target=\"_blank\" rel=\"noopener noreferrer\" data-saferedirecturl=\"https:\/\/www.google.com\/url?q=https:\/\/canalsalut.gencat.cat\/ca\/salut-a-z\/c\/coronavirus-2019-ncov\/ciutadania\/mesures-per-contenir-els-brots\/mesures-per-contenir-els-brots-aplicables-a-tot-catalunya\/&amp;source=gmail&amp;ust=1604132461749000&amp;usg=AFQjCNF5AfsRQIown8AgKZywa1vWuoxwTg\"> noves mesures en mat\u00e8ria de salut p\u00fablica per a la contenci\u00f3 del brot epid\u00e8mic de la pand\u00e8mia de covid-19<\/a>, us&hellip;  <a href=\"https:\/\/agora.xtec.cat\/ceipferreriguardia\/general\/afectacio-de-lescola-envers-les-noves-mesures-de-salut\/\" title=\"Read AFECTACI\u00d3 DE L&#8217;ESCOLA ENVERS LES NOVES MESURES DE SALUT\">Llegeix m\u00e9s\u00bb<\/a><\/p>\n","protected":false},"author":4,"featured_media":0,"comment_status":"open","ping_status":"closed","sticky":false,"template":"","format":"standard","meta":{"_bbp_topic_count":0,"_bbp_reply_count":0,"_bbp_total_topic_count":0,"_bbp_total_reply_count":0,"_bbp_voice_count":0,"_bbp_anonymous_reply_count":0,"_bbp_topic_count_hidden":0,"_bbp_reply_count_hidden":0,"_bbp_forum_subforum_count":0,"footnotes":""},"categories":[1],"tags":[],"class_list":["post-1580","post","type-post","status-publish","format-standard","hentry","category-general"],"post_mailing_queue_ids":[],"_links":{"self":[{"href":"https:\/\/agora.xtec.cat\/ceipferreriguardia\/wp-json\/wp\/v2\/posts\/1580","targetHints":{"allow":["GET"]}}],"collection":[{"href":"https:\/\/agora.xtec.cat\/ceipferreriguardia\/wp-json\/wp\/v2\/posts"}],"about":[{"href":"https:\/\/agora.xtec.cat\/ceipferreriguardia\/wp-json\/wp\/v2\/types\/post"}],"author":[{"embeddable":true,"href":"https:\/\/agora.xtec.cat\/ceipferreriguardia\/wp-json\/wp\/v2\/users\/4"}],"replies":[{"embeddable":true,"href":"https:\/\/agora.xtec.cat\/ceipferreriguardia\/wp-json\/wp\/v2\/comments?post=1580"}],"version-history":[{"count":1,"href":"https:\/\/agora.xtec.cat\/ceipferreriguardia\/wp-json\/wp\/v2\/posts\/1580\/revisions"}],"predecessor-version":[{"id":1583,"href":"https:\/\/agora.xtec.cat\/ceipferreriguardia\/wp-json\/wp\/v2\/posts\/1580\/revisions\/1583"}],"wp:attachment":[{"href":"https:\/\/agora.xtec.cat\/ceipferreriguardia\/wp-json\/wp\/v2\/media?parent=1580"}],"wp:term":[{"taxonomy":"category","embeddable":true,"href":"https:\/\/agora.xtec.cat\/ceipferreriguardia\/wp-json\/wp\/v2\/categories?post=1580"},{"taxonomy":"post_tag","embeddable":true,"href":"https:\/\/agora.xtec.cat\/ceipferreriguardia\/wp-json\/wp\/v2\/tags?post=1580"}],"curies":[{"name":"wp","href":"https:\/\/api.w.org\/{rel}","templated":true}]}}