{"id":1515,"date":"2020-06-25T08:40:31","date_gmt":"2020-06-25T06:40:31","guid":{"rendered":"https:\/\/agora.xtec.cat\/ceipferreriguardia\/?p=1515"},"modified":"2020-06-25T08:40:31","modified_gmt":"2020-06-25T06:40:31","slug":"bon-estiu-2","status":"publish","type":"post","link":"https:\/\/agora.xtec.cat\/ceipferreriguardia\/general\/bon-estiu-2\/","title":{"rendered":"BON ESTIU!"},"content":{"rendered":"<p dir=\"ltr\">Benvolgudes fam\u00edlies,<\/p>\n<p dir=\"ltr\">Sens dubte aquest estiu ser\u00e0 diferent a altres estius. Per\u00f2 no per aix\u00f2 s&#8217;ha de plantejar centrat en l\u2019objectiu de recuperar el que no s&#8217;ha pogut fer. Tot el per\u00edode escolar en confinament no ha estat un temps perdut, sin\u00f3 un temps diferent tant per a adults com per a infants. I, en aquest sentit, ara toca analitzar com ha estat viscut, qu\u00e8 s\u2019ha apr\u00e8s i com, i quines accions es poden dur a terme per avan\u00e7ar en aquells aspectes en qu\u00e8 l\u2019a\u00efllament f\u00edsic ho ha impedit. Per aix\u00f2 sempre \u00e9s convenient, i ara encara m\u00e9s, preparar un estiu enriquidor i ajustat a les necessitats de tot l\u2019alumnat.<\/p>\n<p dir=\"ltr\">Agra\u00efm la col\u00b7laboraci\u00f3 de tots i totes vosaltres i donem les gr\u00e0cies a l\u2019alumnat per tot l&#8217;esfor\u00e7 que ha hagut de fer durant aquest 3r trimestre virtual.<\/p>\n<p dir=\"ltr\">D\u2019altra banda, us informem que a partir del 30 de juny el correu electr\u00f2nic dels mestres amb el domini @<a href=\"http:\/\/escolaferreriguardia.net\/\" target=\"_blank\" rel=\"noopener noreferrer\" data-saferedirecturl=\"https:\/\/www.google.com\/url?q=http:\/\/escolaferreriguardia.net&amp;source=gmail&amp;ust=1592901020525000&amp;usg=AFQjCNHDAUZekPioSwRlg35k6Pi9CGFwJg\">escolaferreriguardia.net<\/a> deixar\u00e0 de estar actiu. Aix\u00ed doncs si us voleu posar en contacte amb l\u2019escola utilitzeu el correu <a href=\"mailto:a8039604@xtec.cat\" target=\"_blank\" rel=\"noopener noreferrer\">a8039604@xtec.cat<\/a><\/p>\n<p dir=\"ltr\">Aquelles fam\u00edlies que tingueu llibres de text o lectura de l&#8217;escola podeu demanar cita pr\u00e8via per retornar-los durant la setmana del 6 de juliol. El material de l\u2019alumnat que est\u00e0 al centre el retornarem al setembre.<\/p>\n<p dir=\"ltr\">Us informem que el curs 20\/21 est\u00e0 previst que comenci el 14 de setembre.<\/p>\n<p dir=\"ltr\"><a href=\"https:\/\/agora.xtec.cat\/ceipferreriguardia\/wp-content\/uploads\/usu38\/2020\/06\/pasted-image-0.png\"><img loading=\"lazy\" decoding=\"async\" class=\" wp-image-1516 aligncenter\" src=\"https:\/\/agora.xtec.cat\/ceipferreriguardia\/wp-content\/uploads\/usu38\/2020\/06\/pasted-image-0.png\" alt=\"\" width=\"724\" height=\"571\" srcset=\"https:\/\/agora.xtec.cat\/ceipferreriguardia\/wp-content\/uploads\/usu38\/2020\/06\/pasted-image-0.png 965w, https:\/\/agora.xtec.cat\/ceipferreriguardia\/wp-content\/uploads\/usu38\/2020\/06\/pasted-image-0-300x237.png 300w, https:\/\/agora.xtec.cat\/ceipferreriguardia\/wp-content\/uploads\/usu38\/2020\/06\/pasted-image-0-768x606.png 768w\" sizes=\"auto, (max-width: 724px) 100vw, 724px\" \/><\/a><\/p>\n","protected":false},"excerpt":{"rendered":"<p>Benvolgudes fam\u00edlies,<br \/>\nSens dubte aquest estiu ser\u00e0 diferent a altres estius. Per\u00f2 no per aix\u00f2 s&#8217;ha de plantejar centrat en l\u2019objectiu de recuperar el que no s&#8217;ha pogut fer. Tot el per\u00edode escolar en confinament no ha estat un temps perdut, sin\u00f3 un temps diferent tant&hellip;  <a href=\"https:\/\/agora.xtec.cat\/ceipferreriguardia\/general\/bon-estiu-2\/\" title=\"Read BON ESTIU!\">Llegeix m\u00e9s\u00bb<\/a><\/p>\n","protected":false},"author":4,"featured_media":0,"comment_status":"open","ping_status":"closed","sticky":false,"template":"","format":"standard","meta":{"_bbp_topic_count":0,"_bbp_reply_count":0,"_bbp_total_topic_count":0,"_bbp_total_reply_count":0,"_bbp_voice_count":0,"_bbp_anonymous_reply_count":0,"_bbp_topic_count_hidden":0,"_bbp_reply_count_hidden":0,"_bbp_forum_subforum_count":0,"footnotes":""},"categories":[1],"tags":[],"class_list":["post-1515","post","type-post","status-publish","format-standard","hentry","category-general"],"post_mailing_queue_ids":[],"_links":{"self":[{"href":"https:\/\/agora.xtec.cat\/ceipferreriguardia\/wp-json\/wp\/v2\/posts\/1515","targetHints":{"allow":["GET"]}}],"collection":[{"href":"https:\/\/agora.xtec.cat\/ceipferreriguardia\/wp-json\/wp\/v2\/posts"}],"about":[{"href":"https:\/\/agora.xtec.cat\/ceipferreriguardia\/wp-json\/wp\/v2\/types\/post"}],"author":[{"embeddable":true,"href":"https:\/\/agora.xtec.cat\/ceipferreriguardia\/wp-json\/wp\/v2\/users\/4"}],"replies":[{"embeddable":true,"href":"https:\/\/agora.xtec.cat\/ceipferreriguardia\/wp-json\/wp\/v2\/comments?post=1515"}],"version-history":[{"count":1,"href":"https:\/\/agora.xtec.cat\/ceipferreriguardia\/wp-json\/wp\/v2\/posts\/1515\/revisions"}],"predecessor-version":[{"id":1517,"href":"https:\/\/agora.xtec.cat\/ceipferreriguardia\/wp-json\/wp\/v2\/posts\/1515\/revisions\/1517"}],"wp:attachment":[{"href":"https:\/\/agora.xtec.cat\/ceipferreriguardia\/wp-json\/wp\/v2\/media?parent=1515"}],"wp:term":[{"taxonomy":"category","embeddable":true,"href":"https:\/\/agora.xtec.cat\/ceipferreriguardia\/wp-json\/wp\/v2\/categories?post=1515"},{"taxonomy":"post_tag","embeddable":true,"href":"https:\/\/agora.xtec.cat\/ceipferreriguardia\/wp-json\/wp\/v2\/tags?post=1515"}],"curies":[{"name":"wp","href":"https:\/\/api.w.org\/{rel}","templated":true}]}}