{"id":1393,"date":"2020-03-24T08:57:12","date_gmt":"2020-03-24T07:57:12","guid":{"rendered":"https:\/\/agora.xtec.cat\/ceipferreriguardia\/?p=1393"},"modified":"2020-03-24T08:57:19","modified_gmt":"2020-03-24T07:57:19","slug":"bon-dia-families","status":"publish","type":"post","link":"https:\/\/agora.xtec.cat\/ceipferreriguardia\/general\/bon-dia-families\/","title":{"rendered":"BON DIA FAM\u00cdLIES!"},"content":{"rendered":"<p>Abans de tot, esperem i desitgem que tots i totes estigueu b\u00e9.<\/p>\n<p><a href=\"https:\/\/drive.google.com\/file\/d\/16rZs9lZ5jgv9dtBCpBKOh6jOcUW5S7hr\/view?usp=sharing\">Fent clic aqu\u00ed trobareu les feines espec\u00edfiques per nivell de cada \u00e0rea d\u2019aquesta setmana. Us recordem que ja us vam enviar un mail amb feines sistem\u00e0tiques que podeu continuar realitzant aix\u00ed com consultar els BLOCS dels diferents cicles. Aquestes activitats no s\u00f3n obligat\u00f2ries ni avaluables, nom\u00e9s s\u00f3n propostes.<\/a><\/p>\n<p>Durant aquests dies, apareixen not\u00edcies, opinions de professionals, idees, &#8230;. i ens ha arribat una que volem compartir amb vosaltres, d&#8217;un company d\u2019ofici, perqu\u00e8 no nom\u00e9s tingueu en compte les tasques i activitats que us recomanem.<\/p>\n<p>&#8220;&#8230; hi ha una cosa m\u00e9s important que la limitaci\u00f3 d&#8217;hores de pantalla, tasques i programaci\u00f3. Els nostres fills\/es tenen tanta por com nosaltres en aquest moment. No nom\u00e9s senten tot el que passa, si no que tamb\u00e9 senten la nostra tensi\u00f3. Mai no han experimentat res semblant. La realitat \u00e9s que estan tancats a casa sense veure els seus amics\/amigues i aix\u00f2 provocar\u00e0 canvis de conducta que seran normals en aquesta situaci\u00f3.<\/p>\n<p>El que necessiten ara els vostres fills i filles \u00e9s sentir-se segurs\/es i estimats\/des per acceptar la idea de que tot acabar\u00e0 b\u00e9. Aix\u00f2 pot suposar oblidar l&#8217;horari perfecte i permetre que siguin una mica m\u00e9s nens i nenes. Fem galetes i que s&#8217;embrutin de pintura. Mireu pel\u00b7l\u00edcules,canteu can\u00e7ons,\u00a0 jugueu a jocs de taula; experimenteu junts o feu visites virtuals a museus i concerts. Comenceu a llegir un llibre en fam\u00edlia. Ens tranquil\u00b7litzem sota la manta i no fem res de res.<\/p>\n<p>No us preocupeu per l&#8217;endarreriment escolar. Tots els nens i nenes estan al mateix vaixell. Quan tornem a l&#8217;aula, corregirem el seu curs i l&#8217;acomodarem al seu nivell. Els i les mestres som professionals en aix\u00f2!<\/p>\n<p>Us podem dir amb seguretat que, quan tot aix\u00f2 hagi acabat, la salut mental dels vostres fills i filles ser\u00e0 molt m\u00e9s important que el seu nivell acad\u00e8mic.&#8221;<\/p>\n<p>D\u2019altra banda, us proposem fer un fotomuntatge entre tots\/es!!!<\/p>\n<p>Sota el #JOEMQUEDOACASAI&#8230; envieu-nos al mail de l&#8217;escola una fotografia amb un missatge escrit responent el hashtag \u201cjo em quedo a casa i\u2026\u201d, ANIMEU-VOS!!<\/p>\n<p>Atentament,<\/p>\n<p>L&#8217;equip educatiu de l&#8217;escola<\/p>\n","protected":false},"excerpt":{"rendered":"<p>Abans de tot, esperem i desitgem que tots i totes estigueu b\u00e9.<br \/>\n<a href=\"https:\/\/drive.google.com\/file\/d\/16rZs9lZ5jgv9dtBCpBKOh6jOcUW5S7hr\/view?usp=sharing\">Fent clic aqu\u00ed trobareu les feines espec\u00edfiques per nivell de cada \u00e0rea d\u2019aquesta setmana. Us recordem que ja us vam enviar un mail amb feines sistem\u00e0tiques que podeu continuar realitzant aix\u00ed com consultar&hellip;  <a href=\"https:\/\/agora.xtec.cat\/ceipferreriguardia\/general\/bon-dia-families\/\" title=\"Read BON DIA FAM\u00cdLIES!\">Llegeix m\u00e9s\u00bb<\/a><\/p>\n","protected":false},"author":4,"featured_media":0,"comment_status":"open","ping_status":"closed","sticky":false,"template":"","format":"standard","meta":{"_bbp_topic_count":0,"_bbp_reply_count":0,"_bbp_total_topic_count":0,"_bbp_total_reply_count":0,"_bbp_voice_count":0,"_bbp_anonymous_reply_count":0,"_bbp_topic_count_hidden":0,"_bbp_reply_count_hidden":0,"_bbp_forum_subforum_count":0,"footnotes":""},"categories":[1],"tags":[],"class_list":["post-1393","post","type-post","status-publish","format-standard","hentry","category-general"],"post_mailing_queue_ids":[],"_links":{"self":[{"href":"https:\/\/agora.xtec.cat\/ceipferreriguardia\/wp-json\/wp\/v2\/posts\/1393","targetHints":{"allow":["GET"]}}],"collection":[{"href":"https:\/\/agora.xtec.cat\/ceipferreriguardia\/wp-json\/wp\/v2\/posts"}],"about":[{"href":"https:\/\/agora.xtec.cat\/ceipferreriguardia\/wp-json\/wp\/v2\/types\/post"}],"author":[{"embeddable":true,"href":"https:\/\/agora.xtec.cat\/ceipferreriguardia\/wp-json\/wp\/v2\/users\/4"}],"replies":[{"embeddable":true,"href":"https:\/\/agora.xtec.cat\/ceipferreriguardia\/wp-json\/wp\/v2\/comments?post=1393"}],"version-history":[{"count":1,"href":"https:\/\/agora.xtec.cat\/ceipferreriguardia\/wp-json\/wp\/v2\/posts\/1393\/revisions"}],"predecessor-version":[{"id":1394,"href":"https:\/\/agora.xtec.cat\/ceipferreriguardia\/wp-json\/wp\/v2\/posts\/1393\/revisions\/1394"}],"wp:attachment":[{"href":"https:\/\/agora.xtec.cat\/ceipferreriguardia\/wp-json\/wp\/v2\/media?parent=1393"}],"wp:term":[{"taxonomy":"category","embeddable":true,"href":"https:\/\/agora.xtec.cat\/ceipferreriguardia\/wp-json\/wp\/v2\/categories?post=1393"},{"taxonomy":"post_tag","embeddable":true,"href":"https:\/\/agora.xtec.cat\/ceipferreriguardia\/wp-json\/wp\/v2\/tags?post=1393"}],"curies":[{"name":"wp","href":"https:\/\/api.w.org\/{rel}","templated":true}]}}