{"id":8360,"date":"2023-02-13T13:36:03","date_gmt":"2023-02-13T12:36:03","guid":{"rendered":"https:\/\/agora.xtec.cat\/ceipferrandesagarra\/?p=8360"},"modified":"2023-02-13T13:36:03","modified_gmt":"2023-02-13T12:36:03","slug":"dia-internacional-de-les-nenes-i-les-dones-en-la-ciencia","status":"publish","type":"post","link":"https:\/\/agora.xtec.cat\/ceipferrandesagarra\/primaria\/dia-internacional-de-les-nenes-i-les-dones-en-la-ciencia\/","title":{"rendered":"DIA INTERNACIONAL DE LES NENES I LES DONES EN LA CI\u00c8NCIA"},"content":{"rendered":"<p style=\"text-align: justify;\">El dia\u00a0<strong>11 de febrer <\/strong>\u00e9s el\u00a0<strong> Dia Internacional de la Dona i la Nena en la Ci\u00e8ncia,<\/strong>\u00a0que va ser proclamat l\u2019any 2015 per l\u2019Assemblea General de les Nacions Unides per tal de reivindicar\u00a0<strong>el paper que t\u00e9 la dona en el m\u00f3n cient\u00edfic i tecnol\u00f2gic<\/strong>. Amb la proclamaci\u00f3 d\u2019aquest dia, es vol aconseguir la igualtat en l\u2019acc\u00e9s i participaci\u00f3 de la dona en el m\u00f3n de la investigaci\u00f3 cient\u00edfica.<\/p>\n<p>Per aix\u00f2 des de l&#8217;escola fomentem les ci\u00e8ncies des d&#8217;una perspectiva d&#8217;igualtat de g\u00e8nere i mostrant a diferents dones com a exemples en els qual l&#8217;alumnat pugui inspirar-se.<\/p>\n<p><a href=\"https:\/\/agora.xtec.cat\/ceipferrandesagarra\/wp-content\/uploads\/usu2411\/2023\/02\/WhatsApp-Image-2023-02-13-at-13.19.02-1.jpeg\"><img loading=\"lazy\" decoding=\"async\" class=\"alignnone size-medium wp-image-8365\" src=\"https:\/\/agora.xtec.cat\/ceipferrandesagarra\/wp-content\/uploads\/usu2411\/2023\/02\/WhatsApp-Image-2023-02-13-at-13.19.02-1-225x300.jpeg\" alt=\"\" width=\"225\" height=\"300\" srcset=\"https:\/\/agora.xtec.cat\/ceipferrandesagarra\/wp-content\/uploads\/usu2411\/2023\/02\/WhatsApp-Image-2023-02-13-at-13.19.02-1-225x300.jpeg 225w, https:\/\/agora.xtec.cat\/ceipferrandesagarra\/wp-content\/uploads\/usu2411\/2023\/02\/WhatsApp-Image-2023-02-13-at-13.19.02-1.jpeg 768w\" sizes=\"auto, (max-width: 225px) 100vw, 225px\" \/><\/a> <a href=\"https:\/\/agora.xtec.cat\/ceipferrandesagarra\/wp-content\/uploads\/usu2411\/2023\/02\/WhatsApp-Image-2023-02-13-at-13.32.04-1-rotated.jpeg\"><img loading=\"lazy\" decoding=\"async\" class=\"alignnone size-medium wp-image-8370\" src=\"https:\/\/agora.xtec.cat\/ceipferrandesagarra\/wp-content\/uploads\/usu2411\/2023\/02\/WhatsApp-Image-2023-02-13-at-13.32.04-1-300x225.jpeg\" alt=\"\" width=\"300\" height=\"225\" srcset=\"https:\/\/agora.xtec.cat\/ceipferrandesagarra\/wp-content\/uploads\/usu2411\/2023\/02\/WhatsApp-Image-2023-02-13-at-13.32.04-1-300x225.jpeg 300w, https:\/\/agora.xtec.cat\/ceipferrandesagarra\/wp-content\/uploads\/usu2411\/2023\/02\/WhatsApp-Image-2023-02-13-at-13.32.04-1-1024x768.jpeg 1024w, https:\/\/agora.xtec.cat\/ceipferrandesagarra\/wp-content\/uploads\/usu2411\/2023\/02\/WhatsApp-Image-2023-02-13-at-13.32.04-1-768x576.jpeg 768w, https:\/\/agora.xtec.cat\/ceipferrandesagarra\/wp-content\/uploads\/usu2411\/2023\/02\/WhatsApp-Image-2023-02-13-at-13.32.04-1-1536x1152.jpeg 1536w, https:\/\/agora.xtec.cat\/ceipferrandesagarra\/wp-content\/uploads\/usu2411\/2023\/02\/WhatsApp-Image-2023-02-13-at-13.32.04-1-200x150.jpeg 200w, https:\/\/agora.xtec.cat\/ceipferrandesagarra\/wp-content\/uploads\/usu2411\/2023\/02\/WhatsApp-Image-2023-02-13-at-13.32.04-1-rotated.jpeg 2048w\" sizes=\"auto, (max-width: 300px) 100vw, 300px\" \/><\/a> <a href=\"https:\/\/agora.xtec.cat\/ceipferrandesagarra\/wp-content\/uploads\/usu2411\/2023\/02\/WhatsApp-Image-2023-02-13-at-13.19.02-2.jpeg\"><img loading=\"lazy\" decoding=\"async\" class=\"alignnone size-medium wp-image-8364\" src=\"https:\/\/agora.xtec.cat\/ceipferrandesagarra\/wp-content\/uploads\/usu2411\/2023\/02\/WhatsApp-Image-2023-02-13-at-13.19.02-2-300x225.jpeg\" alt=\"\" width=\"300\" height=\"225\" srcset=\"https:\/\/agora.xtec.cat\/ceipferrandesagarra\/wp-content\/uploads\/usu2411\/2023\/02\/WhatsApp-Image-2023-02-13-at-13.19.02-2-300x225.jpeg 300w, https:\/\/agora.xtec.cat\/ceipferrandesagarra\/wp-content\/uploads\/usu2411\/2023\/02\/WhatsApp-Image-2023-02-13-at-13.19.02-2-768x576.jpeg 768w, https:\/\/agora.xtec.cat\/ceipferrandesagarra\/wp-content\/uploads\/usu2411\/2023\/02\/WhatsApp-Image-2023-02-13-at-13.19.02-2-200x150.jpeg 200w, https:\/\/agora.xtec.cat\/ceipferrandesagarra\/wp-content\/uploads\/usu2411\/2023\/02\/WhatsApp-Image-2023-02-13-at-13.19.02-2.jpeg 1024w\" sizes=\"auto, (max-width: 300px) 100vw, 300px\" \/><\/a> <a href=\"https:\/\/agora.xtec.cat\/ceipferrandesagarra\/wp-content\/uploads\/usu2411\/2023\/02\/WhatsApp-Image-2023-02-13-at-13.32.05.jpeg\"><img loading=\"lazy\" decoding=\"async\" class=\"alignnone size-medium wp-image-8368\" src=\"https:\/\/agora.xtec.cat\/ceipferrandesagarra\/wp-content\/uploads\/usu2411\/2023\/02\/WhatsApp-Image-2023-02-13-at-13.32.05-225x300.jpeg\" alt=\"\" width=\"225\" height=\"300\" srcset=\"https:\/\/agora.xtec.cat\/ceipferrandesagarra\/wp-content\/uploads\/usu2411\/2023\/02\/WhatsApp-Image-2023-02-13-at-13.32.05-225x300.jpeg 225w, https:\/\/agora.xtec.cat\/ceipferrandesagarra\/wp-content\/uploads\/usu2411\/2023\/02\/WhatsApp-Image-2023-02-13-at-13.32.05-768x1024.jpeg 768w, https:\/\/agora.xtec.cat\/ceipferrandesagarra\/wp-content\/uploads\/usu2411\/2023\/02\/WhatsApp-Image-2023-02-13-at-13.32.05-1152x1536.jpeg 1152w, https:\/\/agora.xtec.cat\/ceipferrandesagarra\/wp-content\/uploads\/usu2411\/2023\/02\/WhatsApp-Image-2023-02-13-at-13.32.05.jpeg 1536w\" sizes=\"auto, (max-width: 225px) 100vw, 225px\" \/><\/a> <a href=\"https:\/\/agora.xtec.cat\/ceipferrandesagarra\/wp-content\/uploads\/usu2411\/2023\/02\/WhatsApp-Image-2023-02-13-at-13.32.05-1.jpeg\"><img loading=\"lazy\" decoding=\"async\" class=\"alignnone size-medium wp-image-8367\" src=\"https:\/\/agora.xtec.cat\/ceipferrandesagarra\/wp-content\/uploads\/usu2411\/2023\/02\/WhatsApp-Image-2023-02-13-at-13.32.05-1-225x300.jpeg\" alt=\"\" width=\"225\" height=\"300\" srcset=\"https:\/\/agora.xtec.cat\/ceipferrandesagarra\/wp-content\/uploads\/usu2411\/2023\/02\/WhatsApp-Image-2023-02-13-at-13.32.05-1-225x300.jpeg 225w, https:\/\/agora.xtec.cat\/ceipferrandesagarra\/wp-content\/uploads\/usu2411\/2023\/02\/WhatsApp-Image-2023-02-13-at-13.32.05-1-768x1024.jpeg 768w, https:\/\/agora.xtec.cat\/ceipferrandesagarra\/wp-content\/uploads\/usu2411\/2023\/02\/WhatsApp-Image-2023-02-13-at-13.32.05-1-1152x1536.jpeg 1152w, https:\/\/agora.xtec.cat\/ceipferrandesagarra\/wp-content\/uploads\/usu2411\/2023\/02\/WhatsApp-Image-2023-02-13-at-13.32.05-1.jpeg 1536w\" sizes=\"auto, (max-width: 225px) 100vw, 225px\" \/><\/a> <a href=\"https:\/\/agora.xtec.cat\/ceipferrandesagarra\/wp-content\/uploads\/usu2411\/2023\/02\/WhatsApp-Image-2023-02-13-at-13.19.02.jpeg\"><img loading=\"lazy\" decoding=\"async\" class=\"alignnone size-medium wp-image-8366\" src=\"https:\/\/agora.xtec.cat\/ceipferrandesagarra\/wp-content\/uploads\/usu2411\/2023\/02\/WhatsApp-Image-2023-02-13-at-13.19.02-300x225.jpeg\" alt=\"\" width=\"300\" height=\"225\" srcset=\"https:\/\/agora.xtec.cat\/ceipferrandesagarra\/wp-content\/uploads\/usu2411\/2023\/02\/WhatsApp-Image-2023-02-13-at-13.19.02-300x225.jpeg 300w, https:\/\/agora.xtec.cat\/ceipferrandesagarra\/wp-content\/uploads\/usu2411\/2023\/02\/WhatsApp-Image-2023-02-13-at-13.19.02-768x576.jpeg 768w, https:\/\/agora.xtec.cat\/ceipferrandesagarra\/wp-content\/uploads\/usu2411\/2023\/02\/WhatsApp-Image-2023-02-13-at-13.19.02-200x150.jpeg 200w, https:\/\/agora.xtec.cat\/ceipferrandesagarra\/wp-content\/uploads\/usu2411\/2023\/02\/WhatsApp-Image-2023-02-13-at-13.19.02.jpeg 1024w\" sizes=\"auto, (max-width: 300px) 100vw, 300px\" \/><\/a> <a href=\"https:\/\/agora.xtec.cat\/ceipferrandesagarra\/wp-content\/uploads\/usu2411\/2023\/02\/WhatsApp-Image-2023-02-13-at-13.19.02-4.jpeg\"><img loading=\"lazy\" decoding=\"async\" class=\"alignnone size-medium wp-image-8362\" src=\"https:\/\/agora.xtec.cat\/ceipferrandesagarra\/wp-content\/uploads\/usu2411\/2023\/02\/WhatsApp-Image-2023-02-13-at-13.19.02-4-300x225.jpeg\" alt=\"\" width=\"300\" height=\"225\" srcset=\"https:\/\/agora.xtec.cat\/ceipferrandesagarra\/wp-content\/uploads\/usu2411\/2023\/02\/WhatsApp-Image-2023-02-13-at-13.19.02-4-300x225.jpeg 300w, https:\/\/agora.xtec.cat\/ceipferrandesagarra\/wp-content\/uploads\/usu2411\/2023\/02\/WhatsApp-Image-2023-02-13-at-13.19.02-4-768x576.jpeg 768w, https:\/\/agora.xtec.cat\/ceipferrandesagarra\/wp-content\/uploads\/usu2411\/2023\/02\/WhatsApp-Image-2023-02-13-at-13.19.02-4-200x150.jpeg 200w, https:\/\/agora.xtec.cat\/ceipferrandesagarra\/wp-content\/uploads\/usu2411\/2023\/02\/WhatsApp-Image-2023-02-13-at-13.19.02-4.jpeg 1024w\" sizes=\"auto, (max-width: 300px) 100vw, 300px\" \/><\/a><\/p>\n","protected":false},"excerpt":{"rendered":"<p>El dia\u00a011 de febrer \u00e9s el\u00a0 Dia Internacional de la Dona i la Nena en la Ci\u00e8ncia,\u00a0que va ser proclamat l\u2019any 2015 per l\u2019Assemblea General de les Nacions Unides per tal de reivindicar\u00a0el paper que t\u00e9 la dona en el m\u00f3n cient\u00edfic i tecnol\u00f2gic. Amb la proclamaci\u00f3 d\u2019aquest dia, es vol aconseguir la igualtat en [&hellip;]<\/p>\n","protected":false},"author":6,"featured_media":8364,"comment_status":"closed","ping_status":"closed","sticky":false,"template":"","format":"standard","meta":{"_bbp_topic_count":0,"_bbp_reply_count":0,"_bbp_total_topic_count":0,"_bbp_total_reply_count":0,"_bbp_voice_count":0,"_bbp_anonymous_reply_count":0,"_bbp_topic_count_hidden":0,"_bbp_reply_count_hidden":0,"_bbp_forum_subforum_count":0,"site-sidebar-layout":"default","site-content-layout":"","ast-site-content-layout":"","site-content-style":"default","site-sidebar-style":"default","ast-global-header-display":"","ast-banner-title-visibility":"","ast-main-header-display":"","ast-hfb-above-header-display":"","ast-hfb-below-header-display":"","ast-hfb-mobile-header-display":"","site-post-title":"","ast-breadcrumbs-content":"","ast-featured-img":"","footer-sml-layout":"","theme-transparent-header-meta":"","adv-header-id-meta":"","stick-header-meta":"","header-above-stick-meta":"","header-main-stick-meta":"","header-below-stick-meta":"","astra-migrate-meta-layouts":"default","ast-page-background-enabled":"default","ast-page-background-meta":{"desktop":{"background-color":"var(--ast-global-color-4)","background-image":"","background-repeat":"repeat","background-position":"center center","background-size":"auto","background-attachment":"scroll","background-type":"","background-media":"","overlay-type":"","overlay-color":"","overlay-opacity":"","overlay-gradient":""},"tablet":{"background-color":"","background-image":"","background-repeat":"repeat","background-position":"center center","background-size":"auto","background-attachment":"scroll","background-type":"","background-media":"","overlay-type":"","overlay-color":"","overlay-opacity":"","overlay-gradient":""},"mobile":{"background-color":"","background-image":"","background-repeat":"repeat","background-position":"center center","background-size":"auto","background-attachment":"scroll","background-type":"","background-media":"","overlay-type":"","overlay-color":"","overlay-opacity":"","overlay-gradient":""}},"ast-content-background-meta":{"desktop":{"background-color":"var(--ast-global-color-5)","background-image":"","background-repeat":"repeat","background-position":"center center","background-size":"auto","background-attachment":"scroll","background-type":"","background-media":"","overlay-type":"","overlay-color":"","overlay-opacity":"","overlay-gradient":""},"tablet":{"background-color":"var(--ast-global-color-5)","background-image":"","background-repeat":"repeat","background-position":"center center","background-size":"auto","background-attachment":"scroll","background-type":"","background-media":"","overlay-type":"","overlay-color":"","overlay-opacity":"","overlay-gradient":""},"mobile":{"background-color":"var(--ast-global-color-5)","background-image":"","background-repeat":"repeat","background-position":"center center","background-size":"auto","background-attachment":"scroll","background-type":"","background-media":"","overlay-type":"","overlay-color":"","overlay-opacity":"","overlay-gradient":""}},"footnotes":""},"categories":[91,5],"tags":[178,177],"class_list":["post-8360","post","type-post","status-publish","format-standard","has-post-thumbnail","hentry","category-blogs","category-primaria","tag-11-de-febrer","tag-ciencies-i-dona"],"post_mailing_queue_ids":[],"_links":{"self":[{"href":"https:\/\/agora.xtec.cat\/ceipferrandesagarra\/wp-json\/wp\/v2\/posts\/8360","targetHints":{"allow":["GET"]}}],"collection":[{"href":"https:\/\/agora.xtec.cat\/ceipferrandesagarra\/wp-json\/wp\/v2\/posts"}],"about":[{"href":"https:\/\/agora.xtec.cat\/ceipferrandesagarra\/wp-json\/wp\/v2\/types\/post"}],"author":[{"embeddable":true,"href":"https:\/\/agora.xtec.cat\/ceipferrandesagarra\/wp-json\/wp\/v2\/users\/6"}],"replies":[{"embeddable":true,"href":"https:\/\/agora.xtec.cat\/ceipferrandesagarra\/wp-json\/wp\/v2\/comments?post=8360"}],"version-history":[{"count":2,"href":"https:\/\/agora.xtec.cat\/ceipferrandesagarra\/wp-json\/wp\/v2\/posts\/8360\/revisions"}],"predecessor-version":[{"id":8371,"href":"https:\/\/agora.xtec.cat\/ceipferrandesagarra\/wp-json\/wp\/v2\/posts\/8360\/revisions\/8371"}],"wp:featuredmedia":[{"embeddable":true,"href":"https:\/\/agora.xtec.cat\/ceipferrandesagarra\/wp-json\/wp\/v2\/media\/8364"}],"wp:attachment":[{"href":"https:\/\/agora.xtec.cat\/ceipferrandesagarra\/wp-json\/wp\/v2\/media?parent=8360"}],"wp:term":[{"taxonomy":"category","embeddable":true,"href":"https:\/\/agora.xtec.cat\/ceipferrandesagarra\/wp-json\/wp\/v2\/categories?post=8360"},{"taxonomy":"post_tag","embeddable":true,"href":"https:\/\/agora.xtec.cat\/ceipferrandesagarra\/wp-json\/wp\/v2\/tags?post=8360"}],"curies":[{"name":"wp","href":"https:\/\/api.w.org\/{rel}","templated":true}]}}