{"id":7964,"date":"2017-11-24T15:17:18","date_gmt":"2017-11-24T14:17:18","guid":{"rendered":"http:\/\/agora.xtec.cat\/ceipfarigolaclot\/?p=7964"},"modified":"2017-11-24T15:17:18","modified_gmt":"2017-11-24T14:17:18","slug":"enquesta-de-benestar-subjectiu-de-la-infancia-a-barcelona","status":"publish","type":"post","link":"https:\/\/agora.xtec.cat\/ceipfarigolaclot\/info-setmanal\/enquesta-de-benestar-subjectiu-de-la-infancia-a-barcelona\/","title":{"rendered":"Enquesta de benestar subjectiu de la inf\u00e0ncia a Barcelona:"},"content":{"rendered":"<p><u><\/u>Durant el 2n trimestre del curs anterior, els nois i noies que feien 6\u00e8 a la nostra escola van participar en l\u2019enquesta de benestar subjectiu de la inf\u00e0ncia a Barcelona, una iniciativa promoguda per l\u2019Ajuntament de la nostra ciutat.<\/p>\n<p>Ara se n\u2019han publicat els primers resultats d\u2019aquell treball que va recollir la resposta de 4.000 nois i noies de 5\u00e8 i 6\u00e8 de prim\u00e0ria de 50 escoles seleccionades en una\u00a0mostra representativa\u00a0dels 10 districtes de la ciutat de Barcelona, \u00e9s a dir, el 15% de la poblaci\u00f3 d\u2019aquesta franja d\u2019edat de la ciutat.<\/p>\n<p>Per fer el treball, es va tenir en compte el districte, la tipologia de les escoles, el n\u00famero de l\u00ednies i la complexitat del centre.<\/p>\n<p>La lectura de les primeres conclusions s\u00f3n molt significatives.<\/p>\n<p>Us convidem a fer un cop d\u2019ull i podreu fer-vos una idea de quin grau de benestar senten els nostres nois i noies que tenen.<\/p>\n<ul>\n<li>Informe de primers resultats de l\u2019enquesta de benestar subjectiu de la inf\u00e0ncia a Barcelona: <a href=\"http:\/\/institutinfancia.cat\/wp-content\/uploads\/2017\/11\/20171111_EBSIB_primeresdades_informe.pdf\" target=\"_blank\" rel=\"noopener noreferrer\">http:\/\/institutinfancia.cat\/wp-content\/uploads\/2017\/11\/20171111_EBSIB_primeresdades_informe.pdf<\/a><\/li>\n<li>Resum executiu: <a href=\"http:\/\/institutinfancia.cat\/wp-content\/uploads\/2017\/11\/20171111_EBSIB_primeresdades_resumexecutiu.pdf\" target=\"_blank\" rel=\"noopener noreferrer\">http:\/\/institutinfancia.cat\/wp-content\/uploads\/2017\/11\/20171111_EBSIB_primeresdades_resumexecutiu.pdf<\/a><\/li>\n<\/ul>\n<p>&nbsp;<\/p>\n<p>&nbsp;<\/p>\n","protected":false},"excerpt":{"rendered":"<p>Durant el 2n trimestre del curs anterior, els nois i noies que feien 6\u00e8 a la nostra escola van participar [&hellip;]<\/p>\n","protected":false},"author":1,"featured_media":0,"comment_status":"open","ping_status":"closed","sticky":false,"template":"","format":"standard","meta":{"_bbp_topic_count":0,"_bbp_reply_count":0,"_bbp_total_topic_count":0,"_bbp_total_reply_count":0,"_bbp_voice_count":0,"_bbp_anonymous_reply_count":0,"_bbp_topic_count_hidden":0,"_bbp_reply_count_hidden":0,"_bbp_forum_subforum_count":0,"site-sidebar-layout":"default","site-content-layout":"","ast-site-content-layout":"","site-content-style":"default","site-sidebar-style":"default","ast-global-header-display":"","ast-banner-title-visibility":"","ast-main-header-display":"","ast-hfb-above-header-display":"","ast-hfb-below-header-display":"","ast-hfb-mobile-header-display":"","site-post-title":"","ast-breadcrumbs-content":"","ast-featured-img":"","footer-sml-layout":"","theme-transparent-header-meta":"","adv-header-id-meta":"","stick-header-meta":"","header-above-stick-meta":"","header-main-stick-meta":"","header-below-stick-meta":"","astra-migrate-meta-layouts":"default","ast-page-background-enabled":"default","ast-page-background-meta":{"desktop":{"background-color":"var(--ast-global-color-4)","background-image":"","background-repeat":"repeat","background-position":"center center","background-size":"auto","background-attachment":"scroll","background-type":"","background-media":"","overlay-type":"","overlay-color":"","overlay-opacity":"","overlay-gradient":""},"tablet":{"background-color":"","background-image":"","background-repeat":"repeat","background-position":"center center","background-size":"auto","background-attachment":"scroll","background-type":"","background-media":"","overlay-type":"","overlay-color":"","overlay-opacity":"","overlay-gradient":""},"mobile":{"background-color":"","background-image":"","background-repeat":"repeat","background-position":"center center","background-size":"auto","background-attachment":"scroll","background-type":"","background-media":"","overlay-type":"","overlay-color":"","overlay-opacity":"","overlay-gradient":""}},"ast-content-background-meta":{"desktop":{"background-color":"var(--ast-global-color-5)","background-image":"","background-repeat":"repeat","background-position":"center center","background-size":"auto","background-attachment":"scroll","background-type":"","background-media":"","overlay-type":"","overlay-color":"","overlay-opacity":"","overlay-gradient":""},"tablet":{"background-color":"var(--ast-global-color-5)","background-image":"","background-repeat":"repeat","background-position":"center center","background-size":"auto","background-attachment":"scroll","background-type":"","background-media":"","overlay-type":"","overlay-color":"","overlay-opacity":"","overlay-gradient":""},"mobile":{"background-color":"var(--ast-global-color-5)","background-image":"","background-repeat":"repeat","background-position":"center center","background-size":"auto","background-attachment":"scroll","background-type":"","background-media":"","overlay-type":"","overlay-color":"","overlay-opacity":"","overlay-gradient":""}},"footnotes":""},"categories":[61],"tags":[],"class_list":["post-7964","post","type-post","status-publish","format-standard","hentry","category-info-setmanal"],"post_mailing_queue_ids":[],"_links":{"self":[{"href":"https:\/\/agora.xtec.cat\/ceipfarigolaclot\/wp-json\/wp\/v2\/posts\/7964","targetHints":{"allow":["GET"]}}],"collection":[{"href":"https:\/\/agora.xtec.cat\/ceipfarigolaclot\/wp-json\/wp\/v2\/posts"}],"about":[{"href":"https:\/\/agora.xtec.cat\/ceipfarigolaclot\/wp-json\/wp\/v2\/types\/post"}],"author":[{"embeddable":true,"href":"https:\/\/agora.xtec.cat\/ceipfarigolaclot\/wp-json\/wp\/v2\/users\/1"}],"replies":[{"embeddable":true,"href":"https:\/\/agora.xtec.cat\/ceipfarigolaclot\/wp-json\/wp\/v2\/comments?post=7964"}],"version-history":[{"count":1,"href":"https:\/\/agora.xtec.cat\/ceipfarigolaclot\/wp-json\/wp\/v2\/posts\/7964\/revisions"}],"predecessor-version":[{"id":7965,"href":"https:\/\/agora.xtec.cat\/ceipfarigolaclot\/wp-json\/wp\/v2\/posts\/7964\/revisions\/7965"}],"wp:attachment":[{"href":"https:\/\/agora.xtec.cat\/ceipfarigolaclot\/wp-json\/wp\/v2\/media?parent=7964"}],"wp:term":[{"taxonomy":"category","embeddable":true,"href":"https:\/\/agora.xtec.cat\/ceipfarigolaclot\/wp-json\/wp\/v2\/categories?post=7964"},{"taxonomy":"post_tag","embeddable":true,"href":"https:\/\/agora.xtec.cat\/ceipfarigolaclot\/wp-json\/wp\/v2\/tags?post=7964"}],"curies":[{"name":"wp","href":"https:\/\/api.w.org\/{rel}","templated":true}]}}