{"id":46619,"date":"2026-04-30T13:24:04","date_gmt":"2026-04-30T11:24:04","guid":{"rendered":"https:\/\/agora.xtec.cat\/ceipfarigolaclot\/?p=46619"},"modified":"2026-04-30T13:24:04","modified_gmt":"2026-04-30T11:24:04","slug":"taller-fem-el-nostre-jardi-daromatiques","status":"publish","type":"post","link":"https:\/\/agora.xtec.cat\/ceipfarigolaclot\/info-setmanal\/taller-fem-el-nostre-jardi-daromatiques\/","title":{"rendered":"Taller &#8216;Fem el nostre jard\u00ed d&#8217;arom\u00e0tiques&#8217;"},"content":{"rendered":"\n<p>Voleu participar en la inauguraci\u00f3 del nou parterre de Can Miralletes? Es crear\u00e0 un hort d&#8217;herbes arom\u00e0tiques.<\/p>\n\n\n\n<p>Una bona connexi\u00f3 amb la natura mentre plantem i descobrim les seves aromes i propietats. Fem cr\u00e9ixer plegats un nou espai verd al barri!<\/p>\n\n\n\n<p>Edat recomanada: 4-12 anys<\/p>\n\n\n\n<p>Dimarts, 5 de maig, a les 17:30 h<\/p>\n\n\n\n<p>Cal inscripci\u00f3 pr\u00e8via.<\/p>\n\n\n\n<ul class=\"wp-block-list\">\n<li>Adre\u00e7a: Carrer de la Ind\u00fastria, 255B<\/li>\n\n\n\n<li>Districte: Sant Mart\u00ed<\/li>\n\n\n\n<li>Barri: el Camp de l\u2019Arpa del Clot<\/li>\n\n\n\n<li>Poblaci\u00f3: Barcelona<\/li>\n\n\n\n<li>Inscripcions: canmiralletes@bcn.cat \/ 93 566 62 31<\/li>\n<\/ul>\n\n\n\n<figure class=\"wp-block-image aligncenter size-full is-resized\"><a href=\"https:\/\/agora.xtec.cat\/ceipfarigolaclot\/wp-content\/uploads\/usu983\/2026\/04\/taller-aromatiques.jpg\"><img loading=\"lazy\" decoding=\"async\" width=\"760\" height=\"428\" src=\"https:\/\/agora.xtec.cat\/ceipfarigolaclot\/wp-content\/uploads\/usu983\/2026\/04\/taller-aromatiques.jpg\" alt=\"\" class=\"wp-image-46621\" style=\"width:300px\" srcset=\"https:\/\/agora.xtec.cat\/ceipfarigolaclot\/wp-content\/uploads\/usu983\/2026\/04\/taller-aromatiques.jpg 760w, https:\/\/agora.xtec.cat\/ceipfarigolaclot\/wp-content\/uploads\/usu983\/2026\/04\/taller-aromatiques-300x169.jpg 300w\" sizes=\"auto, (max-width: 760px) 100vw, 760px\" \/><\/a><\/figure>\n","protected":false},"excerpt":{"rendered":"<p>Voleu participar en la inauguraci\u00f3 del nou parterre de Can Miralletes? Es crear\u00e0 un hort d&#8217;herbes arom\u00e0tiques. Una bona connexi\u00f3 [&hellip;]<\/p>\n","protected":false},"author":1,"featured_media":46621,"comment_status":"open","ping_status":"open","sticky":false,"template":"","format":"standard","meta":{"_bbp_topic_count":0,"_bbp_reply_count":0,"_bbp_total_topic_count":0,"_bbp_total_reply_count":0,"_bbp_voice_count":0,"_bbp_anonymous_reply_count":0,"_bbp_topic_count_hidden":0,"_bbp_reply_count_hidden":0,"_bbp_forum_subforum_count":0,"site-sidebar-layout":"default","site-content-layout":"","ast-site-content-layout":"default","site-content-style":"default","site-sidebar-style":"default","ast-global-header-display":"","ast-banner-title-visibility":"","ast-main-header-display":"","ast-hfb-above-header-display":"","ast-hfb-below-header-display":"","ast-hfb-mobile-header-display":"","site-post-title":"","ast-breadcrumbs-content":"","ast-featured-img":"disabled","footer-sml-layout":"","theme-transparent-header-meta":"","adv-header-id-meta":"","stick-header-meta":"","header-above-stick-meta":"","header-main-stick-meta":"","header-below-stick-meta":"","astra-migrate-meta-layouts":"set","ast-page-background-enabled":"default","ast-page-background-meta":{"desktop":{"background-color":"var(--ast-global-color-4)","background-image":"","background-repeat":"repeat","background-position":"center center","background-size":"auto","background-attachment":"scroll","background-type":"","background-media":"","overlay-type":"","overlay-color":"","overlay-opacity":"","overlay-gradient":""},"tablet":{"background-color":"","background-image":"","background-repeat":"repeat","background-position":"center center","background-size":"auto","background-attachment":"scroll","background-type":"","background-media":"","overlay-type":"","overlay-color":"","overlay-opacity":"","overlay-gradient":""},"mobile":{"background-color":"","background-image":"","background-repeat":"repeat","background-position":"center center","background-size":"auto","background-attachment":"scroll","background-type":"","background-media":"","overlay-type":"","overlay-color":"","overlay-opacity":"","overlay-gradient":""}},"ast-content-background-meta":{"desktop":{"background-color":"var(--ast-global-color-5)","background-image":"","background-repeat":"repeat","background-position":"center center","background-size":"auto","background-attachment":"scroll","background-type":"","background-media":"","overlay-type":"","overlay-color":"","overlay-opacity":"","overlay-gradient":""},"tablet":{"background-color":"var(--ast-global-color-5)","background-image":"","background-repeat":"repeat","background-position":"center center","background-size":"auto","background-attachment":"scroll","background-type":"","background-media":"","overlay-type":"","overlay-color":"","overlay-opacity":"","overlay-gradient":""},"mobile":{"background-color":"var(--ast-global-color-5)","background-image":"","background-repeat":"repeat","background-position":"center center","background-size":"auto","background-attachment":"scroll","background-type":"","background-media":"","overlay-type":"","overlay-color":"","overlay-opacity":"","overlay-gradient":""}},"footnotes":""},"categories":[61],"tags":[],"class_list":["post-46619","post","type-post","status-publish","format-standard","has-post-thumbnail","hentry","category-info-setmanal"],"post_mailing_queue_ids":[],"_links":{"self":[{"href":"https:\/\/agora.xtec.cat\/ceipfarigolaclot\/wp-json\/wp\/v2\/posts\/46619","targetHints":{"allow":["GET"]}}],"collection":[{"href":"https:\/\/agora.xtec.cat\/ceipfarigolaclot\/wp-json\/wp\/v2\/posts"}],"about":[{"href":"https:\/\/agora.xtec.cat\/ceipfarigolaclot\/wp-json\/wp\/v2\/types\/post"}],"author":[{"embeddable":true,"href":"https:\/\/agora.xtec.cat\/ceipfarigolaclot\/wp-json\/wp\/v2\/users\/1"}],"replies":[{"embeddable":true,"href":"https:\/\/agora.xtec.cat\/ceipfarigolaclot\/wp-json\/wp\/v2\/comments?post=46619"}],"version-history":[{"count":1,"href":"https:\/\/agora.xtec.cat\/ceipfarigolaclot\/wp-json\/wp\/v2\/posts\/46619\/revisions"}],"predecessor-version":[{"id":46622,"href":"https:\/\/agora.xtec.cat\/ceipfarigolaclot\/wp-json\/wp\/v2\/posts\/46619\/revisions\/46622"}],"wp:featuredmedia":[{"embeddable":true,"href":"https:\/\/agora.xtec.cat\/ceipfarigolaclot\/wp-json\/wp\/v2\/media\/46621"}],"wp:attachment":[{"href":"https:\/\/agora.xtec.cat\/ceipfarigolaclot\/wp-json\/wp\/v2\/media?parent=46619"}],"wp:term":[{"taxonomy":"category","embeddable":true,"href":"https:\/\/agora.xtec.cat\/ceipfarigolaclot\/wp-json\/wp\/v2\/categories?post=46619"},{"taxonomy":"post_tag","embeddable":true,"href":"https:\/\/agora.xtec.cat\/ceipfarigolaclot\/wp-json\/wp\/v2\/tags?post=46619"}],"curies":[{"name":"wp","href":"https:\/\/api.w.org\/{rel}","templated":true}]}}