{"id":45078,"date":"2025-12-19T01:02:35","date_gmt":"2025-12-19T00:02:35","guid":{"rendered":"https:\/\/agora.xtec.cat\/ceipfarigolaclot\/?p=45078"},"modified":"2025-12-19T01:02:36","modified_gmt":"2025-12-19T00:02:36","slug":"educacio-primaria-projecte-collaboratiu-amb-lescola-torrent-den-melis","status":"publish","type":"post","link":"https:\/\/agora.xtec.cat\/ceipfarigolaclot\/portada\/educacio-primaria-projecte-collaboratiu-amb-lescola-torrent-den-melis\/","title":{"rendered":"Educaci\u00f3 prim\u00e0ria: projecte col\u00b7laboratiu amb l\u2019Escola Torrent d\u2019en Melis"},"content":{"rendered":"\n<p>Ens fa molta il\u00b7lusi\u00f3 presentar-vos un projecte de treball col\u00b7laboratiu que estem duent a terme conjuntament amb l\u2019Escola Torrent d\u2019en Melis, del Guinard\u00f3, en el marc de la nostra estrat\u00e8gia digital de centre.<\/p>\n\n\n\n<p>El projecte consisteix en la creaci\u00f3 d\u2019una \u201cag\u00e8ncia de comunicaci\u00f3\u201d formada per l\u2019alumnat de prim\u00e0ria (de 1r a 6\u00e8) que treballaran conjuntament alguns temes que siguin comuns i compartits per les dues escoles.<\/p>\n\n\n\n<p>Entre d\u2019altres, els objectius que perseguim s\u00f3n aprendre a treballar en com\u00fa amb companys i companyes d\u2019una altra escola, aprendre a fer servir c\u00e0meres, micr\u00f2fons, programari, etc. per a la creaci\u00f3 de contingut digital, millorar l\u2019expressi\u00f3 oral i escrita i mantenir informada la comunitat amb la publicaci\u00f3 de not\u00edcies.<\/p>\n\n\n\n<p>L\u2019alumnat haur\u00e0 de generar contingut digital que publicarem al lloc web dels dos centres. Cada mes, ser\u00e0 un nivell diferent qui tindr\u00e0 la responsabilitat de generar aquest contingut. Sempre hi haur\u00e0 una not\u00edcia en format escrit, elaborada de manera cooperativa, i tamb\u00e9 una producci\u00f3 d\u2019\u00e0udio (p\u00f2dcast) o audiovisual (v\u00eddeo).<\/p>\n\n\n\n<p>Avui mateix s\u2019ha publicat el primer lliurament de l\u2019Ag\u00e8ncia de Comunicaci\u00f3 Farimelis. Els grups de 4t han tingut la responsabilitat de donar el tret de sortida a aquest projecte amb un p\u00f2dcast i una not\u00edcia escrita sobre la prehist\u00f2ria, ja que totes dues escoles hem visitat unes mines d\u2019aquella \u00e8poca.<\/p>\n\n\n\n<p>Al nostre web hem creat un apartat especial on anirem recollint totes les produccions que elaborarem mes a mes:<\/p>\n\n\n\n<p><strong>La Farigola del Clot: <\/strong><a href=\"https:\/\/agora.xtec.cat\/ceipfarigolaclot\/categoria\/primaria\/farimelis-2\/\" target=\"_blank\" rel=\"noreferrer noopener\">https:\/\/agora.xtec.cat\/ceipfarigolaclot\/categoria\/primaria\/farimelis-2\/<\/a><\/p>\n\n\n\n<p><strong>Torrent d\u2019en Melis:<\/strong><a href=\"https:\/\/agora.xtec.cat\/ceiptorrentdenmelis\/categoria\/general\/farimelis\/\" target=\"_blank\" rel=\"noreferrer noopener\"> <\/a><a href=\"https:\/\/agora.xtec.cat\/ceiptorrentdenmelis\/categoria\/general\/farimelis\/\" target=\"_blank\" rel=\"noreferrer noopener\">https:\/\/agora.xtec.cat\/ceiptorrentdenmelis\/categoria\/general\/farimelis\/<\/a><\/p>\n\n\n\n<p>Agra\u00efm el suport que ens est\u00e0 donant el Dani, el nostre mentor digital, i la Neus, referent digital del CRP de Sant Mart\u00ed.<\/p>\n\n\n\n<figure class=\"wp-block-image is-resized\"><img loading=\"lazy\" decoding=\"async\" width=\"1024\" height=\"1024\" src=\"https:\/\/agora.xtec.cat\/ceipfarigolaclot\/wp-content\/uploads\/usu983\/2025\/12\/Logo-general-Farimelis-1.jpg\" alt=\"\" class=\"wp-image-45072\" style=\"width:300px\" srcset=\"https:\/\/agora.xtec.cat\/ceipfarigolaclot\/wp-content\/uploads\/usu983\/2025\/12\/Logo-general-Farimelis-1.jpg 1024w, https:\/\/agora.xtec.cat\/ceipfarigolaclot\/wp-content\/uploads\/usu983\/2025\/12\/Logo-general-Farimelis-1-300x300.jpg 300w, https:\/\/agora.xtec.cat\/ceipfarigolaclot\/wp-content\/uploads\/usu983\/2025\/12\/Logo-general-Farimelis-1-150x150.jpg 150w, https:\/\/agora.xtec.cat\/ceipfarigolaclot\/wp-content\/uploads\/usu983\/2025\/12\/Logo-general-Farimelis-1-768x768.jpg 768w\" sizes=\"auto, (max-width: 1024px) 100vw, 1024px\" \/><\/figure>\n","protected":false},"excerpt":{"rendered":"<p>Ens fa molta il\u00b7lusi\u00f3 presentar-vos un projecte de treball col\u00b7laboratiu que estem duent a terme conjuntament amb l\u2019Escola Torrent d\u2019en [&hellip;]<\/p>\n","protected":false},"author":1,"featured_media":45072,"comment_status":"open","ping_status":"open","sticky":false,"template":"","format":"standard","meta":{"_bbp_topic_count":0,"_bbp_reply_count":0,"_bbp_total_topic_count":0,"_bbp_total_reply_count":0,"_bbp_voice_count":0,"_bbp_anonymous_reply_count":0,"_bbp_topic_count_hidden":0,"_bbp_reply_count_hidden":0,"_bbp_forum_subforum_count":0,"site-sidebar-layout":"default","site-content-layout":"","ast-site-content-layout":"default","site-content-style":"default","site-sidebar-style":"default","ast-global-header-display":"","ast-banner-title-visibility":"","ast-main-header-display":"","ast-hfb-above-header-display":"","ast-hfb-below-header-display":"","ast-hfb-mobile-header-display":"","site-post-title":"","ast-breadcrumbs-content":"","ast-featured-img":"disabled","footer-sml-layout":"","theme-transparent-header-meta":"","adv-header-id-meta":"","stick-header-meta":"","header-above-stick-meta":"","header-main-stick-meta":"","header-below-stick-meta":"","astra-migrate-meta-layouts":"set","ast-page-background-enabled":"default","ast-page-background-meta":{"desktop":{"background-color":"var(--ast-global-color-4)","background-image":"","background-repeat":"repeat","background-position":"center center","background-size":"auto","background-attachment":"scroll","background-type":"","background-media":"","overlay-type":"","overlay-color":"","overlay-opacity":"","overlay-gradient":""},"tablet":{"background-color":"","background-image":"","background-repeat":"repeat","background-position":"center center","background-size":"auto","background-attachment":"scroll","background-type":"","background-media":"","overlay-type":"","overlay-color":"","overlay-opacity":"","overlay-gradient":""},"mobile":{"background-color":"","background-image":"","background-repeat":"repeat","background-position":"center center","background-size":"auto","background-attachment":"scroll","background-type":"","background-media":"","overlay-type":"","overlay-color":"","overlay-opacity":"","overlay-gradient":""}},"ast-content-background-meta":{"desktop":{"background-color":"var(--ast-global-color-5)","background-image":"","background-repeat":"repeat","background-position":"center center","background-size":"auto","background-attachment":"scroll","background-type":"","background-media":"","overlay-type":"","overlay-color":"","overlay-opacity":"","overlay-gradient":""},"tablet":{"background-color":"var(--ast-global-color-5)","background-image":"","background-repeat":"repeat","background-position":"center center","background-size":"auto","background-attachment":"scroll","background-type":"","background-media":"","overlay-type":"","overlay-color":"","overlay-opacity":"","overlay-gradient":""},"mobile":{"background-color":"var(--ast-global-color-5)","background-image":"","background-repeat":"repeat","background-position":"center center","background-size":"auto","background-attachment":"scroll","background-type":"","background-media":"","overlay-type":"","overlay-color":"","overlay-opacity":"","overlay-gradient":""}},"footnotes":""},"categories":[10,11,12,13,14,15,61,4,5],"tags":[],"class_list":["post-45078","post","type-post","status-publish","format-standard","has-post-thumbnail","hentry","category-1r","category-2n","category-3r","category-4t","category-5e","category-6e","category-info-setmanal","category-portada","category-primaria"],"post_mailing_queue_ids":[],"_links":{"self":[{"href":"https:\/\/agora.xtec.cat\/ceipfarigolaclot\/wp-json\/wp\/v2\/posts\/45078","targetHints":{"allow":["GET"]}}],"collection":[{"href":"https:\/\/agora.xtec.cat\/ceipfarigolaclot\/wp-json\/wp\/v2\/posts"}],"about":[{"href":"https:\/\/agora.xtec.cat\/ceipfarigolaclot\/wp-json\/wp\/v2\/types\/post"}],"author":[{"embeddable":true,"href":"https:\/\/agora.xtec.cat\/ceipfarigolaclot\/wp-json\/wp\/v2\/users\/1"}],"replies":[{"embeddable":true,"href":"https:\/\/agora.xtec.cat\/ceipfarigolaclot\/wp-json\/wp\/v2\/comments?post=45078"}],"version-history":[{"count":1,"href":"https:\/\/agora.xtec.cat\/ceipfarigolaclot\/wp-json\/wp\/v2\/posts\/45078\/revisions"}],"predecessor-version":[{"id":45079,"href":"https:\/\/agora.xtec.cat\/ceipfarigolaclot\/wp-json\/wp\/v2\/posts\/45078\/revisions\/45079"}],"wp:featuredmedia":[{"embeddable":true,"href":"https:\/\/agora.xtec.cat\/ceipfarigolaclot\/wp-json\/wp\/v2\/media\/45072"}],"wp:attachment":[{"href":"https:\/\/agora.xtec.cat\/ceipfarigolaclot\/wp-json\/wp\/v2\/media?parent=45078"}],"wp:term":[{"taxonomy":"category","embeddable":true,"href":"https:\/\/agora.xtec.cat\/ceipfarigolaclot\/wp-json\/wp\/v2\/categories?post=45078"},{"taxonomy":"post_tag","embeddable":true,"href":"https:\/\/agora.xtec.cat\/ceipfarigolaclot\/wp-json\/wp\/v2\/tags?post=45078"}],"curies":[{"name":"wp","href":"https:\/\/api.w.org\/{rel}","templated":true}]}}