{"id":43228,"date":"2025-05-16T12:34:32","date_gmt":"2025-05-16T10:34:32","guid":{"rendered":"https:\/\/agora.xtec.cat\/ceipfarigolaclot\/?p=43228"},"modified":"2025-05-16T12:34:33","modified_gmt":"2025-05-16T10:34:33","slug":"5e-dia-internacional-de-les-families","status":"publish","type":"post","link":"https:\/\/agora.xtec.cat\/ceipfarigolaclot\/portada\/5e-dia-internacional-de-les-families\/","title":{"rendered":"5\u00e8: Dia Internacional de les Fam\u00edlies"},"content":{"rendered":"\n<p>Aquesta setmana, a l\u2019aula hem celebrat el Dia Internacional de les Fam\u00edlies (15 de maig) parlant sobre qu\u00e8 ens fa sentir estimats i cuidats dins una fam\u00edlia. L\u2019alumnat ha compartit que, m\u00e9s enll\u00e0 de la forma o composici\u00f3 de cada fam\u00edlia, el m\u00e9s important \u00e9s que hi hagi vincles positius, amor, respecte i suport.<\/p>\n\n\n\n<p>Hem parlat del valor de sentir orgull de la fam\u00edlia que tenim i tamb\u00e9 de les m\u00faltiples i diverses opcions que existeixen, tot reivindicant la llibertat de construir, el dia de dem\u00e0, aquella que cadasc\u00fa vulgui.<\/p>\n\n\n\n<p>Aprofitant aquesta data, hem reflexionat sobre la diversitat de models familiars i sobre la import\u00e0ncia de respectar totes les persones i formes de viure. Aquesta conversa ens ha portat a parlar del Dia Internacional contra l&#8217;LGTBI-f\u00f2bia (17 de maig) i a introduir el concepte de f\u00f2bia, entenent-lo com qualsevol actitud o acci\u00f3 de rebuig cap a les persones pel seu g\u00e8nere o orientaci\u00f3 sexual.<\/p>\n\n\n\n<p>A m\u00e9s, hem pensat en accions del nostre dia a dia que podem canviar o millorar per evitar actituds LGTBI-f\u00f2biques, com ara evitar comentaris excloents, no repetir estereotips o actuar amb respecte i empatia davant la difer\u00e8ncia.<\/p>\n\n\n\n<p>Continuem treballant, des de l\u2019aula, per construir una escola acollidora i segura per a tothom, on totes les fam\u00edlies i totes les persones hi tinguin cabuda.<\/p>\n\n\n\n<figure class=\"wp-block-image aligncenter size-full\"><a href=\"https:\/\/agora.xtec.cat\/ceipfarigolaclot\/wp-content\/uploads\/usu983\/2025\/05\/FAMILIES-5e.jpg\"><img loading=\"lazy\" decoding=\"async\" width=\"300\" height=\"213\" src=\"https:\/\/agora.xtec.cat\/ceipfarigolaclot\/wp-content\/uploads\/usu983\/2025\/05\/FAMILIES-5e.jpg\" alt=\"\" class=\"wp-image-43229\"\/><\/a><\/figure>\n","protected":false},"excerpt":{"rendered":"<p>Aquesta setmana, a l\u2019aula hem celebrat el Dia Internacional de les Fam\u00edlies (15 de maig) parlant sobre qu\u00e8 ens fa [&hellip;]<\/p>\n","protected":false},"author":1,"featured_media":43229,"comment_status":"open","ping_status":"open","sticky":false,"template":"","format":"standard","meta":{"_bbp_topic_count":0,"_bbp_reply_count":0,"_bbp_total_topic_count":0,"_bbp_total_reply_count":0,"_bbp_voice_count":0,"_bbp_anonymous_reply_count":0,"_bbp_topic_count_hidden":0,"_bbp_reply_count_hidden":0,"_bbp_forum_subforum_count":0,"site-sidebar-layout":"default","site-content-layout":"","ast-site-content-layout":"default","site-content-style":"default","site-sidebar-style":"default","ast-global-header-display":"","ast-banner-title-visibility":"","ast-main-header-display":"","ast-hfb-above-header-display":"","ast-hfb-below-header-display":"","ast-hfb-mobile-header-display":"","site-post-title":"","ast-breadcrumbs-content":"","ast-featured-img":"disabled","footer-sml-layout":"","theme-transparent-header-meta":"","adv-header-id-meta":"","stick-header-meta":"","header-above-stick-meta":"","header-main-stick-meta":"","header-below-stick-meta":"","astra-migrate-meta-layouts":"set","ast-page-background-enabled":"default","ast-page-background-meta":{"desktop":{"background-color":"var(--ast-global-color-4)","background-image":"","background-repeat":"repeat","background-position":"center center","background-size":"auto","background-attachment":"scroll","background-type":"","background-media":"","overlay-type":"","overlay-color":"","overlay-opacity":"","overlay-gradient":""},"tablet":{"background-color":"","background-image":"","background-repeat":"repeat","background-position":"center center","background-size":"auto","background-attachment":"scroll","background-type":"","background-media":"","overlay-type":"","overlay-color":"","overlay-opacity":"","overlay-gradient":""},"mobile":{"background-color":"","background-image":"","background-repeat":"repeat","background-position":"center center","background-size":"auto","background-attachment":"scroll","background-type":"","background-media":"","overlay-type":"","overlay-color":"","overlay-opacity":"","overlay-gradient":""}},"ast-content-background-meta":{"desktop":{"background-color":"var(--ast-global-color-5)","background-image":"","background-repeat":"repeat","background-position":"center center","background-size":"auto","background-attachment":"scroll","background-type":"","background-media":"","overlay-type":"","overlay-color":"","overlay-opacity":"","overlay-gradient":""},"tablet":{"background-color":"var(--ast-global-color-5)","background-image":"","background-repeat":"repeat","background-position":"center center","background-size":"auto","background-attachment":"scroll","background-type":"","background-media":"","overlay-type":"","overlay-color":"","overlay-opacity":"","overlay-gradient":""},"mobile":{"background-color":"var(--ast-global-color-5)","background-image":"","background-repeat":"repeat","background-position":"center center","background-size":"auto","background-attachment":"scroll","background-type":"","background-media":"","overlay-type":"","overlay-color":"","overlay-opacity":"","overlay-gradient":""}},"footnotes":""},"categories":[14,61,4],"tags":[],"class_list":["post-43228","post","type-post","status-publish","format-standard","has-post-thumbnail","hentry","category-5e","category-info-setmanal","category-portada"],"post_mailing_queue_ids":[],"_links":{"self":[{"href":"https:\/\/agora.xtec.cat\/ceipfarigolaclot\/wp-json\/wp\/v2\/posts\/43228","targetHints":{"allow":["GET"]}}],"collection":[{"href":"https:\/\/agora.xtec.cat\/ceipfarigolaclot\/wp-json\/wp\/v2\/posts"}],"about":[{"href":"https:\/\/agora.xtec.cat\/ceipfarigolaclot\/wp-json\/wp\/v2\/types\/post"}],"author":[{"embeddable":true,"href":"https:\/\/agora.xtec.cat\/ceipfarigolaclot\/wp-json\/wp\/v2\/users\/1"}],"replies":[{"embeddable":true,"href":"https:\/\/agora.xtec.cat\/ceipfarigolaclot\/wp-json\/wp\/v2\/comments?post=43228"}],"version-history":[{"count":1,"href":"https:\/\/agora.xtec.cat\/ceipfarigolaclot\/wp-json\/wp\/v2\/posts\/43228\/revisions"}],"predecessor-version":[{"id":43230,"href":"https:\/\/agora.xtec.cat\/ceipfarigolaclot\/wp-json\/wp\/v2\/posts\/43228\/revisions\/43230"}],"wp:featuredmedia":[{"embeddable":true,"href":"https:\/\/agora.xtec.cat\/ceipfarigolaclot\/wp-json\/wp\/v2\/media\/43229"}],"wp:attachment":[{"href":"https:\/\/agora.xtec.cat\/ceipfarigolaclot\/wp-json\/wp\/v2\/media?parent=43228"}],"wp:term":[{"taxonomy":"category","embeddable":true,"href":"https:\/\/agora.xtec.cat\/ceipfarigolaclot\/wp-json\/wp\/v2\/categories?post=43228"},{"taxonomy":"post_tag","embeddable":true,"href":"https:\/\/agora.xtec.cat\/ceipfarigolaclot\/wp-json\/wp\/v2\/tags?post=43228"}],"curies":[{"name":"wp","href":"https:\/\/api.w.org\/{rel}","templated":true}]}}